{"id":376777,"date":"2026-09-05T09:21:12","date_gmt":"2026-09-05T09:21:12","guid":{"rendered":"https:\/\/www.europesays.com\/at\/376777\/"},"modified":"2026-09-05T09:21:12","modified_gmt":"2026-09-05T09:21:12","slug":"cup-hat-hohen-stellenwert-sv-ried-siegte-bei-volksfest-atmosphaere-in-wallern","status":"publish","type":"post","link":"https:\/\/www.europesays.com\/at\/376777\/","title":{"rendered":"&#8222;Cup hat hohen Stellenwert&#8220;: SV Ried siegte bei Volksfest-Atmosph\u00e4re in Wallern"},"content":{"rendered":"<p>\t\t\t\t\t\t\t\t\t\t\t\t\t\t\t <img decoding=\"async\" src=\"https:\/\/www.europesays.com\/at\/wp-content\/uploads\/2026\/09\/1788600070_465_team-73-large.png\" alt=\"\"\/> <\/p>\n<p>\t\t\t\t\t\t\t\t\t\t\t\t\t\t\t <img decoding=\"async\" src=\"https:\/\/www.europesays.com\/at\/wp-content\/uploads\/2026\/09\/1788600071_148_sv-ried.jpg\" alt=\"\"\/> <\/p>\n<p>Volksfeststimmung war am Freitagabend in Wallern angesagt, als die <a href=\"https:\/\/ticker.ligaportal.at\/mannschaft\/1723\/sv-ried\" rel=\"nofollow noopener\" target=\"_blank\">SV Oberbank Ried<\/a> im Rahmen der zweiten <a href=\"https:\/\/ticker.ligaportal.at\/spielplan\/179\/oefb-cup\" rel=\"nofollow noopener\" target=\"_blank\">\u00d6FB-Cup<\/a>-Runde im Trattnachtal gastierte. Gegner war Regionalliga-Nord-Tabellenf\u00fchrer\u00a0<a href=\"https:\/\/ticker.ligaportal.at\/mannschaft\/73\/sv-wallern\" rel=\"nofollow noopener\" target=\"_blank\">SPG SV Zaunergroup Wallern\/St. Marienkirchen<\/a>, die in der Startelf auf neun\u00a0Akteure mit Rieder Vergangenheit setzten. Nach kurzen Anlaufschwierigkeiten machte der Bundesligist aber alles klar und zog souver\u00e4n in die dritte Cup-Runde ein (<a href=\"https:\/\/www.ligaportal.at\/bundesliga\/spielberichte\/22369-sv-ried-erfuellt-pflichtaufgabe-im-oefb-cup-derby-gegen-spg-sv-wallern-st-marienkirchen\" rel=\"nofollow noopener\" target=\"_blank\">&gt;&gt;&gt; zum SPIELBERICHT<\/a>).\u00a0<\/p>\n<p><img decoding=\"async\" src=\"https:\/\/www.europesays.com\/at\/wp-content\/uploads\/2026\/09\/fans-spg-wallern-sv-ried-oefb-cup-04-09-2026-reinhard-schrockelsberger-biereder.jpg\" alt=\"fans spg wallern sv ried oefb cup 04 09 2026 reinhard schrockelsberger biereder\"\/><\/p>\n<p>Kurze Ausw\u00e4rtsfahrt f\u00fcr die mitgereiste Rieder Fangemeinde, die vor Ort f\u00fcr lautstarke Unterst\u00fctzung und Cup-Atmosph\u00e4re sorgte\u00a0<\/p>\n<p>Startschwierigkeiten auf Kunstrasen in Wallern<\/p>\n<p>Es war ein Duell zwischen alten Bekannten: Ganze neun Akteure des Regionalligisten liefen in der Vergangenheit bereits f\u00fcr die Schwarz-Gr\u00fcnen auf. F\u00fcr den Drittligisten war vor 1.403 Besuchern in der Sportanlage auf &#8222;Plastik&#8220; alles f\u00fcr ein Fu\u00dfballfest angerichtet. Auf dem gewohnungsbed\u00fcrftigen Gel\u00e4uf hatte die Despotovic-Elf zu Beginn auch leichte Anlaufschwierigkeiten: Leodolter verbuchte\u00a0in der Anfangsphase die beste M\u00f6glichkeit f\u00fcr Wallern (10.).<\/p>\n<p>Danach setzte sich jedoch die Klasse des Oberhaus-Klubs durch: Aisowieren erzielte nach einem sch\u00f6n herausgespielten Spielzug die F\u00fchrung (10.), ehe ein ungl\u00fcckliches Eigentor von Straif (33.) den Trattnachtalern vorerst den Stecker zog. Rasner (35.), Pomer (39.) und Schwab (57.) legten nach. Misic gelang in der Schlussphase nur noch der Ehrentreffer zum 1:5-Endstand.<\/p>\n<p>&#8222;Der Cup hat bei der SV Ried einen hohen Stellenwert&#8220;<\/p>\n<p>Damit l\u00f6sten die Wikinger das Ticket f\u00fcr die n\u00e4chste Cup-Runde souver\u00e4n ein.\u00a0\u201eWir sind zufrieden mit dem Sieg. Ich glaube, wir haben\u00a0das hier ausw\u00e4rts gut gemacht\u201c,\u00a0res\u00fcmiert Cheftrainer Mario Despotovic nach Spielende im Ligaportal-Gespr\u00e4ch. Angesprochen auf\u00a0das Gegentor erg\u00e4nzte er knapp: &#8222;Wir wollen einfach ein Tor mehr schie\u00dfen als der Gegner, das ist das Wichtigste.&#8220;<\/p>\n<p>Etwas selbstkritischer \u00e4u\u00dfert sich hingegen Ried-Routinier Ante Bajic. \u201eWir m\u00fcssen mutig sein, von Beginn weg mehr Intensit\u00e4t zeigen. Dann m\u00fcssen wir schauen, dass wir hinten die Null halten \u2013 das ist uns leider nicht gelungen.\u201c Vor allem zu Beginn habe sich der Bundesligist schwergetan.<\/p>\n<p>Sportdirektor Lukas Brandl bilanzierte: \u201eEs war der erwartbare schwere Start. Dann sind wir aber ganz gut ins Rollen gekommen. Am Ende waren die Wininger\u00a0aber froh \u00fcber den Aufstieg: \u201eDer Cup hat einen hohen Stellenwert bei uns. Wir sind sehr froh, dass wir eine Runde weiter sind&#8220;, so Bajic.\u00a0<\/p>\n<p><img decoding=\"async\" src=\"https:\/\/www.europesays.com\/at\/wp-content\/uploads\/2026\/09\/sportanlage-wallern-spielende-spg-wallern-sv-ried-oefb-cup-04-09-2026-reinhard-schrockelsberger-bier.jpeg\" alt=\"sportanlage wallern spielende spg wallern sv ried oefb cup 04 09 2026 reinhard schrockelsberger biereder\"\/><\/p>\n<p>Famili\u00e4re Stimmung nach Spielende: Rieds Profickicker nahmen sich noch Zeit f\u00fcr den einen oder anderen Foto- und Autogrammwunsch<\/p>\n<p>Volksfest-Atmosph\u00e4re nach dem Schlusspfiff<\/p>\n<p>Trotz der Niederlage verlie\u00df Wallern den Platz erhobenen Hauptes. Die Gastgeber konnten auf ein gelungenes Fu\u00dfballfest zur\u00fcckblicken, w\u00e4hrend sich der Bereich vor den Trib\u00fcnen in eine Autogrammmeile verwandelte.\u00a0Die Rieder Profis nahmen sich noch Zeit f\u00fcr Selfies und Autogrammw\u00fcnsche der j\u00fcngeren Fans und machten den Abend damit vollends zu einem Highlight.<\/p>\n<p>Mit dem souver\u00e4nen Aufstieg im R\u00fccken richtet sich der Blick der Wikinger nun gespannt auf die Auslosung des Achtelfinals. Welcher Gegner der Despotovic-Elf beschert wird, entscheidet sich am Sonntagabend im Anschluss an die verbleibenden Partien ab ca. 19:00 Uhr.<\/p>\n<p>Siehe auch:<\/p>\n<p>Fotocredit: Reinhard Schr\u00f6ckelsberger und Julian Biereder \/ Ligaportal<\/p>\n","protected":false},"excerpt":{"rendered":"Volksfeststimmung war am Freitagabend in Wallern angesagt, als die SV Oberbank Ried im Rahmen der zweiten \u00d6FB-Cup-Runde im&hellip;\n","protected":false},"author":2,"featured_media":376778,"comment_status":"","ping_status":"","sticky":false,"template":"","format":"standard","meta":{"footnotes":"","_share_on_mastodon":"0"},"categories":[18],"tags":[46,42,62639,5719,44,109,108,4334,94158],"class_list":["post-376777","post","type-post","status-publish","format-standard","has-post-thumbnail","category-sport","tag-at","tag-austria","tag-mario-despotovic","tag-oefb-cup","tag-oesterreich","tag-sport","tag-sports","tag-sv-ried","tag-volksfest-atmosphaere"],"share_on_mastodon":{"url":"https:\/\/pubeurope.com\/@at\/117217702223934851","error":""},"_links":{"self":[{"href":"https:\/\/www.europesays.com\/at\/wp-json\/wp\/v2\/posts\/376777","targetHints":{"allow":["GET"]}}],"collection":[{"href":"https:\/\/www.europesays.com\/at\/wp-json\/wp\/v2\/posts"}],"about":[{"href":"https:\/\/www.europesays.com\/at\/wp-json\/wp\/v2\/types\/post"}],"author":[{"embeddable":true,"href":"https:\/\/www.europesays.com\/at\/wp-json\/wp\/v2\/users\/2"}],"replies":[{"embeddable":true,"href":"https:\/\/www.europesays.com\/at\/wp-json\/wp\/v2\/comments?post=376777"}],"version-history":[{"count":0,"href":"https:\/\/www.europesays.com\/at\/wp-json\/wp\/v2\/posts\/376777\/revisions"}],"wp:featuredmedia":[{"embeddable":true,"href":"https:\/\/www.europesays.com\/at\/wp-json\/wp\/v2\/media\/376778"}],"wp:attachment":[{"href":"https:\/\/www.europesays.com\/at\/wp-json\/wp\/v2\/media?parent=376777"}],"wp:term":[{"taxonomy":"category","embeddable":true,"href":"https:\/\/www.europesays.com\/at\/wp-json\/wp\/v2\/categories?post=376777"},{"taxonomy":"post_tag","embeddable":true,"href":"https:\/\/www.europesays.com\/at\/wp-json\/wp\/v2\/tags?post=376777"}],"curies":[{"name":"wp","href":"https:\/\/api.w.org\/{rel}","templated":true}]}}