{"id":376785,"date":"2026-09-05T09:25:15","date_gmt":"2026-09-05T09:25:15","guid":{"rendered":"https:\/\/www.europesays.com\/at\/376785\/"},"modified":"2026-09-05T09:25:15","modified_gmt":"2026-09-05T09:25:15","slug":"wo-die-beerdigung-von-koenig-harald-im-tv-uebertragen-wird","status":"publish","type":"post","link":"https:\/\/www.europesays.com\/at\/376785\/","title":{"rendered":"Wo die Beerdigung von K\u00f6nig Harald im TV \u00fcbertragen wird"},"content":{"rendered":"<p class=\"content__description\" data-speakable=\"\">Am 9. September nimmt Norwegen Abschied von K\u00f6nig Harald V. Die Trauerfeier im Osloer Dom wird live im deutschen Fernsehen \u00fcbertragen.<\/p>\n<p data-speakable=\"\">Nach dem Tod von K\u00f6nig Harald V. am 28. August bereitet sich <a data-component-name=\"link.semantic\" data-brain-zone=\".42687062.content.textlink_1\" data-component-path=\"content.textlink_1\" href=\"https:\/\/www.gmx.at\/magazine\/reise\/thema\/norwegen\" rel=\"nofollow noopener\" target=\"_blank\">Norwegen<\/a> auf das Staatsbegr\u00e4bnis seines langj\u00e4hrigen Monarchen vor. Die Beisetzung des K\u00f6nigs ist f\u00fcr Mittwoch, den 9. September, angesetzt. Auch im deutschen Fernsehen k\u00f6nnen Zuschauerinnen und Zuschauer die Zeremonie live verfolgen.<\/p>\n<p>K\u00f6nig Haralds Beerdigung live im TV<\/p>\n<p data-speakable=\"\">Die <a data-component-name=\"link.semantic\" data-brain-zone=\".42687062.content.textlink_2\" data-component-path=\"content.textlink_2\" href=\"https:\/\/www.gmx.at\/magazine\/wirtschaft\/thema\/ard\" rel=\"nofollow noopener\" target=\"_blank\">ARD<\/a> strahlt das Begr\u00e4bnis ab 12:00 Uhr <a target=\"_blank\" data-brain-zone=\".42687062.content.textlink_3\" data-component-path=\"content.textlink_3\" data-component-name=\"link.external\" rel=\"noopener nofollow\" href=\"https:\/\/www.ardmediathek.de\/tv-programm\/6a981e7fbfd4f448ae424669\">im Ersten<\/a> aus und stellt die \u00dcbertragung parallel als Livestream in der ARD-Mediathek bereit. Um 14:20 Uhr kehrt der Sender zum regul\u00e4ren Programm zur\u00fcck \u2013 mit einer Folge &#8222;<a data-component-name=\"link.semantic\" data-brain-zone=\".42687062.content.textlink_4\" data-component-path=\"content.textlink_4\" href=\"https:\/\/www.gmx.at\/magazine\/unterhaltung\/thema\/rote-rosen\" rel=\"nofollow noopener\" target=\"_blank\">Rote Rosen<\/a>&#8222;. Als Experten der \u00dcbertragung fungieren Leontine von Schmettow und Florian Breitmeier. Die Moderation \u00fcbernimmt Julia-Niharika Sen.<\/p>\n<p><a href=\"https:\/\/www.gmx.at\/magazine\/unterhaltung\/adel\/amtseid-koenig-haakon-ingrid-alexandra-vater-42675780\" data-brain-zone=\".42687062.content.teaser_1.1\" data-component-path=\"content.teaser_1.1\" data-component-name=\"link.editorial\" class=\"teaser teaser--horizontal\" data-block-name=\"content.teaser_1\" data-item-position=\"1\" data-item-source=\"cms\" data-article-id=\"cmd:42675780\" rel=\"nofollow noopener\" target=\"_blank\"><\/p>\n<p><img loading=\"lazy\" decoding=\"async\" src=\"https:\/\/www.europesays.com\/at\/wp-content\/uploads\/2026\/09\/42676180,pd=1,f=teaser-xs-box.jpg\" alt=\"\" width=\"76\" height=\"76\" class=\"teaser__image\"\/><\/p>\n<p>13 Bilder\n<\/p>\n<p>Amtseid im Parlament\n<\/p>\n<p>Ingrid Alexandra steht ihrem Vater K\u00f6nig Haakon bei<\/p>\n<p><img loading=\"lazy\" decoding=\"async\" src=\"https:\/\/www.europesays.com\/at\/wp-content\/uploads\/2026\/09\/38363480,pd=3,f=responsive-author-w60.jpg\" alt=\"Viktoria Thissen\" width=\"60\" height=\"60\"\/><\/p>\n<p>von Viktoria Thissen<\/p>\n<p><\/a><\/p>\n<p data-speakable=\"\">Der Ablauf des Begr\u00e4bnistages steht bereits fest: Zun\u00e4chst begleitet die norwegische K\u00f6nigsfamilie den Sarg in einer Prozession vom Schloss zum Osloer Dom, wo die Trauerfeier um 13:00 Uhr beginnt. Im Anschluss an den Gottesdienst wird der Sarg zur Schlosskirche der Festung Akershus \u00fcberf\u00fchrt \u2013 dort ist eine private Zeremonie vorgesehen. Der Trauerzug wird vom Pr\u00e4sidenten der Norwegischen Kirche, Olav Fykse Tveit, angef\u00fchrt.<\/p>\n<p>Empfehlungen der Redaktion<\/p>\n<p>Trauerzeit im K\u00f6nigshaus bis Oktober<\/p>\n<p data-speakable=\"\">Nach der Beisetzung wird es voraussichtlich erst einmal ruhiger im K\u00f6nigshaus. <a target=\"_blank\" data-brain-zone=\".42687062.content.textlink_5\" data-component-path=\"content.textlink_5\" data-component-name=\"link.external\" rel=\"noopener nofollow\" href=\"https:\/\/www.kongehuset.no\/presse\/pressemeldinger\/hoffsorg-fram-til-en-maned-etter-kong-haralds-gravferd\">Der Palast hat eine Trauerzeit<\/a> bis zum 9. Oktober verk\u00fcndet \u2013 einen Monat nach der Beisetzung. In dieser Phase sagt der Hof s\u00e4mtliche offiziellen Termine ab, mit Ausnahme verfassungsrechtlicher Pflichten wie dem Staatsrat, der feierlichen Er\u00f6ffnung des Parlaments und ausgew\u00e4hlter Audienzen. Mitglieder der K\u00f6nigsfamilie und Hofangestellte tragen w\u00e4hrend der Trauerzeit dunkle Kleidung oder Uniform mit Trauerflor. \u00d6ffentliche Veranstaltungen auf den k\u00f6niglichen Anwesen finden w\u00e4hrend dieser Zeit nicht statt. Nach dem 9. Oktober wird das K\u00f6nigshaus sein offizielles Programm schrittweise wieder aufnehmen. (red)<\/p>\n<p>Verwendete Quellen <\/p>\n","protected":false},"excerpt":{"rendered":"Am 9. September nimmt Norwegen Abschied von K\u00f6nig Harald V. Die Trauerfeier im Osloer Dom wird live im&hellip;\n","protected":false},"author":2,"featured_media":376786,"comment_status":"","ping_status":"","sticky":false,"template":"","format":"standard","meta":{"footnotes":"","_share_on_mastodon":"0"},"categories":[12],"tags":[2608,51428,7658,40,41,301,39,45516,66,65,64],"class_list":["post-376785","post","type-post","status-publish","format-standard","has-post-thumbnail","category-welt","tag-ard","tag-beerdigung","tag-harald-v","tag-nachrichten","tag-news","tag-norwegen","tag-schlagzeilen","tag-trauerfeier","tag-welt","tag-world","tag-world-news"],"share_on_mastodon":{"url":"https:\/\/pubeurope.com\/@at\/117217717426934214","error":""},"_links":{"self":[{"href":"https:\/\/www.europesays.com\/at\/wp-json\/wp\/v2\/posts\/376785","targetHints":{"allow":["GET"]}}],"collection":[{"href":"https:\/\/www.europesays.com\/at\/wp-json\/wp\/v2\/posts"}],"about":[{"href":"https:\/\/www.europesays.com\/at\/wp-json\/wp\/v2\/types\/post"}],"author":[{"embeddable":true,"href":"https:\/\/www.europesays.com\/at\/wp-json\/wp\/v2\/users\/2"}],"replies":[{"embeddable":true,"href":"https:\/\/www.europesays.com\/at\/wp-json\/wp\/v2\/comments?post=376785"}],"version-history":[{"count":0,"href":"https:\/\/www.europesays.com\/at\/wp-json\/wp\/v2\/posts\/376785\/revisions"}],"wp:featuredmedia":[{"embeddable":true,"href":"https:\/\/www.europesays.com\/at\/wp-json\/wp\/v2\/media\/376786"}],"wp:attachment":[{"href":"https:\/\/www.europesays.com\/at\/wp-json\/wp\/v2\/media?parent=376785"}],"wp:term":[{"taxonomy":"category","embeddable":true,"href":"https:\/\/www.europesays.com\/at\/wp-json\/wp\/v2\/categories?post=376785"},{"taxonomy":"post_tag","embeddable":true,"href":"https:\/\/www.europesays.com\/at\/wp-json\/wp\/v2\/tags?post=376785"}],"curies":[{"name":"wp","href":"https:\/\/api.w.org\/{rel}","templated":true}]}}