{"id":376791,"date":"2026-09-05T09:28:13","date_gmt":"2026-09-05T09:28:13","guid":{"rendered":"https:\/\/www.europesays.com\/at\/376791\/"},"modified":"2026-09-05T09:28:13","modified_gmt":"2026-09-05T09:28:13","slug":"jetzt-ist-es-fix-benko-muss-noch-im-september-wieder-vor-gericht","status":"publish","type":"post","link":"https:\/\/www.europesays.com\/at\/376791\/","title":{"rendered":"Jetzt ist es fix: Benko muss noch im September wieder vor Gericht"},"content":{"rendered":"<p>Landesgericht Innsbruck best\u00e4tigt Termin am 22. September. Es geht um die Neuauflage des Verfahrens um Mietvorauszahlung und den Vorwurf der betr\u00fcgerischen Krida. Ein \u00dcberblick.<\/p>\n<p class=\"klz-story-element-paragraph klz-text-copy\" data-testid=\"article-paragraph\">Der derzeit in Untersuchungshaft sitzende Signa-Gr\u00fcnder Ren\u00e9\u00a0Benko\u00a0muss sich am 22. September ab 9.00 Uhr vor einem Sch\u00f6ffengericht des Landesgerichts Innsbruck verantworten. Der Oberste Gerichtshof (OGH) hatte im Juli einen <a href=\"https:\/\/www.kleinezeitung.at\/artikel\/34493114\/ogh-entscheidet-ob-es-bei-zwei-jahren-haft-fuer-benko-bleibt\" target=\"_blank\" rel=\"nofollow noopener\">Teilfreispruch<\/a> im Verfahren wegen betr\u00fcgerischer Krida aufgehoben. Dieses wird nun am Landesgericht neu verhandelt.<\/p>\n<p class=\"klz-story-element-paragraph klz-text-copy\" data-testid=\"article-paragraph\">Dabei ging es um eine Mietvorauszahlung von 360.000 Euro f\u00fcr eine Villa im Innsbrucker Stadtteil Hungerburg.\u00a0Benko\u00a0wurde vorgeworfen, im Rahmen seiner Insolvenz als Einzelunternehmer dadurch die Befriedigung von Gl\u00e4ubigerforderungen verhindert bzw. geschm\u00e4lert zu haben. Die Vorauszahlung sei unter dem Eindruck zunehmender Zahlungsschwierigkeiten und einer absehbaren Konkurser\u00f6ffnung unvertretbar gewesen, hie\u00df es. Unter Ber\u00fccksichtigung des vom OGH best\u00e4tigten Schuldspruchs zum zweiten Anklagepunkt &#8211; der Schenkung von 300.000 Euro an seine Mutter &#8211; bel\u00e4uft sich der verfahrensgegenst\u00e4ndliche Schadensbetrag auf rund 660.000 Euro. Der Strafrahmen betr\u00e4gt ein bis zehn Jahre Freiheitsstrafe.<\/p>\n<p class=\"klz-story-element-paragraph klz-text-copy\" data-testid=\"article-paragraph\">Als allf\u00e4llig erforderlichen Ersatztermin wurde der 23. September vorgesehen. Voraussichtlich im Oktober wird sich\u00a0Benko\u00a0dann APA-Informationen zufolge am Landesgericht einer weiteren Anklage stellen m\u00fcssen, die Mitte Juni bekannt geworden war. Dabei geht es um die Vorw\u00fcrfe des schweren Betrugs und der betr\u00fcgerischen Krida. Konkret wirft die Wirtschafts- und Korruptionsstaatsanwaltschaft (WKStA) dem insolventen Tiroler Immobilienunternehmer vor, gegen\u00fcber dem fr\u00fcheren Strabag-Chef Hans Peter Haselsteiner bzw. Vertretern von dessen Familienstiftung eine \u201ewahrheitswidrige Garantie\u201c abgegeben und die Stiftung \u201ebetr\u00fcgerisch in H\u00f6he von rund f\u00fcnf Millionen Euro\u201c gesch\u00e4digt zu haben.<\/p>\n<p>Aufstieg und Fall<a href=\"https:\/\/www.kleinezeitung.at\/artikel\/34425282\/der-tiefe-fall-des-frueheren-immobilientycoons-rene-benko\" class=\"shrink-0 relative\" rel=\"nofollow noopener\" target=\"_blank\"><img decoding=\"async\" src=\"https:\/\/www.europesays.com\/at\/wp-content\/uploads\/2026\/09\/1788600493_580_kein Titel.webp\" alt=\"Der Oberste Gerichtshof befasst sich am Donnerstag mit dem ersten Urteil gegen Ren\u00e9 Benko\" loading=\"lazy\" fetchpriority=\"auto\"  class=\"size-32 @[380px]:size-36 aspect-square object-cover object-top rounded-l-xl overflow-hidden\"\/><\/a>Neue Ermittlungen und Vorw\u00fcrfe<\/p>\n<p class=\"klz-story-element-paragraph klz-text-copy\" data-testid=\"article-paragraph\">Erst Ende August wurde die Causa Signa um mehrere Vorw\u00fcrfe reicher. Neuen Ermittlungen zufolge soll\u00a0Benko\u00a0Unterschriften von drei Signa-Investoren \u201enachtr\u00e4glich\u201c auf einen Gesellschafterbeschluss \u201eeingef\u00fcgt\u201c haben, wie die \u201eKrone\u201c zuerst berichtete. Es sei um seinen Dienstvertrag gegangen. Zudem erhob laut dem \u201eStandard\u201c die WKStA neue Krida-Vorw\u00fcrfe. Demnach soll\u00a0Benko\u00a0im November und Dezember 2023 einer Laura-Gesellschaft rund 135.000 Euro an Miete f\u00fcr einen Fuhrpark \u00fcberwiesen haben, sowie Ende 2023 und Anfang 2024 rund 123.000 Euro an die LS Luxury Collection f\u00fcr Aufenthalte im Chalet N am Arlberg. Zudem soll\u00a0Benko, als er bereits insolvent gewesen sei, weitere Verbindlichkeiten in Form von Haftungen eingegangen sein.<\/p>\n<p class=\"klz-story-element-paragraph klz-text-copy\" data-testid=\"article-paragraph\">In einem anderen Ermittlungsstrang der WKStA wehrt sich Benkos Verteidiger indes dagegen, dass die Staatsanwaltschaft M\u00fcnchen den Fall an sich zieht, berichtet der \u201eKurier\u201c. Es geht um mutma\u00dflichen Investmentbetrug bei einem Immobilienprojekt in M\u00fcnchen. Die Beschuldigten\u00a0Benko\u00a0und sein langj\u00e4hriger Finanzmanager Manuel Pirolt lehnen demnach die \u00dcbernahme des Verfahrens durch die deutschen Beh\u00f6rden ab. Aus Sicht von Pirolts Verteidigung w\u00fcrde die \u00dcbernahme durch M\u00fcnchen \u201edie Qualit\u00e4t der Wahrheitsfindung erheblich erschweren und auch beeintr\u00e4chtigen\u201c, zitiert der \u201eKurier\u201c aus einer Stellungnahme. Die Entscheidung dar\u00fcber liege beim Justizministerium in Wien, das derzeit einen entsprechenden Vorhabensbericht pr\u00fcfe. Die Beschuldigten bestreiten die Vorw\u00fcrfe laut dem Bericht, es gilt die Unschuldsvermutung.<\/p>\n<p class=\"klz-story-element-paragraph klz-text-copy\" data-testid=\"article-paragraph\">Benko\u00a0wies bisher immer alle Vorw\u00fcrfe zur\u00fcck. Er sitzt seit J\u00e4nner 2025 in Untersuchungshaft. Vor dem Erstprozess im Oktober 2025 war der fr\u00fchere Milliard\u00e4r von Wien in die Tiroler Landeshauptstadt \u00fcberstellt worden.<\/p>\n","protected":false},"excerpt":{"rendered":"Landesgericht Innsbruck best\u00e4tigt Termin am 22. September. Es geht um die Neuauflage des Verfahrens um Mietvorauszahlung und den&hellip;\n","protected":false},"author":2,"featured_media":376792,"comment_status":"","ping_status":"","sticky":false,"template":"","format":"standard","meta":{"footnotes":"","_share_on_mastodon":"0"},"categories":[32],"tags":[46,42,5714,193,16617,44,3722,17798,3724],"class_list":["post-376791","post","type-post","status-publish","format-standard","has-post-thumbnail","category-innsbruck","tag-at","tag-austria","tag-haft","tag-innsbruck","tag-landesgericht","tag-oesterreich","tag-rene-benko","tag-signa","tag-wksta"],"share_on_mastodon":{"url":"https:\/\/pubeurope.com\/@at\/117217729628416739","error":""},"_links":{"self":[{"href":"https:\/\/www.europesays.com\/at\/wp-json\/wp\/v2\/posts\/376791","targetHints":{"allow":["GET"]}}],"collection":[{"href":"https:\/\/www.europesays.com\/at\/wp-json\/wp\/v2\/posts"}],"about":[{"href":"https:\/\/www.europesays.com\/at\/wp-json\/wp\/v2\/types\/post"}],"author":[{"embeddable":true,"href":"https:\/\/www.europesays.com\/at\/wp-json\/wp\/v2\/users\/2"}],"replies":[{"embeddable":true,"href":"https:\/\/www.europesays.com\/at\/wp-json\/wp\/v2\/comments?post=376791"}],"version-history":[{"count":0,"href":"https:\/\/www.europesays.com\/at\/wp-json\/wp\/v2\/posts\/376791\/revisions"}],"wp:featuredmedia":[{"embeddable":true,"href":"https:\/\/www.europesays.com\/at\/wp-json\/wp\/v2\/media\/376792"}],"wp:attachment":[{"href":"https:\/\/www.europesays.com\/at\/wp-json\/wp\/v2\/media?parent=376791"}],"wp:term":[{"taxonomy":"category","embeddable":true,"href":"https:\/\/www.europesays.com\/at\/wp-json\/wp\/v2\/categories?post=376791"},{"taxonomy":"post_tag","embeddable":true,"href":"https:\/\/www.europesays.com\/at\/wp-json\/wp\/v2\/tags?post=376791"}],"curies":[{"name":"wp","href":"https:\/\/api.w.org\/{rel}","templated":true}]}}