{"id":376845,"date":"2026-09-05T10:03:10","date_gmt":"2026-09-05T10:03:10","guid":{"rendered":"https:\/\/www.europesays.com\/at\/376845\/"},"modified":"2026-09-05T10:03:10","modified_gmt":"2026-09-05T10:03:10","slug":"neue-nintendo-switch-2-fuer-europa-zeigt-austauschbaren-akku","status":"publish","type":"post","link":"https:\/\/www.europesays.com\/at\/376845\/","title":{"rendered":"Neue Nintendo Switch 2 f\u00fcr Europa zeigt austauschbaren Akku"},"content":{"rendered":"<p>\t\t<a href=\"https:\/\/www.notebookcheck.com\/fileadmin\/Notebooks\/News\/_nc5\/Nintendo-Switch-2-V2.jpg\" title=\"Die \u00fcberarbeitete Nintendo Switch 2 verf\u00fcgt nicht \u00fcber einen fest eingeklebten Akku.\" data-caption=\"Die \u00fcberarbeitete Nintendo Switch 2 verf\u00fcgt nicht \u00fcber einen fest eingeklebten Akku.\" rel=\"nofollow noopener\" target=\"_blank\"><img decoding=\"async\" src=\"https:\/\/www.europesays.com\/at\/wp-content\/uploads\/2026\/09\/csm_Nintendo-Switch-2-V2_891dc773e9.jpg\" loading=\"lazy\" width=\"240\" height=\"180\" alt=\"Die \u00fcberarbeitete Nintendo Switch 2 verf\u00fcgt nicht \u00fcber einen fest eingeklebten Akku.\"\/><\/p>\n<p>\u24d8 Nintenduo<\/p>\n<p><\/a>Die \u00fcberarbeitete Nintendo Switch 2 verf\u00fcgt nicht \u00fcber einen fest eingeklebten Akku.<\/p>\n<p>Eine spanische YouTube-Publikation hat ein Video ver\u00f6ffentlicht, das zeigt, wie die neue Nintendo Switch 2 f\u00fcr den europ\u00e4ischen Markt aussieht. Das Video zeigt den vereinfachten Demontageprozess und die \u00fcberarbeiteten Komponenten im Inneren, die einen leichteren Austausch des Akkus erm\u00f6glichen.<\/p>\n<p class=\"bodytext\">Nintendo hat damit begonnen, die \u00fcberarbeitete Switch 2 mit einem <a href=\"http:\/\/www.notebookcheck.net\/Nintendo-Switch-2-revised-with-a-user-replaceable-battery-as-the-original-Switch-lineup-gets-axed-in-Europe.1335981.0.html\" target=\"_self\" class=\"internal-link\" rel=\"nofollow noopener\">vom Nutzer austauschbaren Akku<\/a>, auch bekannt als Nintendo Switch 2 V2, in Europa zu verkaufen. Nun ist ein Video aufgetaucht, das die \u00c4nderungen zeigt, die Nintendo am Design vorgenommen hat \u2013 sowohl \u00e4u\u00dferlich als auch im Inneren.&#13;<\/p>\n<p class=\"bodytext\">Laut der spanischen Publikation Nintenduo verf\u00fcgt die \u00fcberarbeitete Switch 2 nun \u00fcber Schrauben mit herk\u00f6mmlichen Kreuzschlitzk\u00f6pfen. Au\u00dferdem sind diese nicht mehr unter schwer zu entfernenden Aufklebern versteckt. Sobald das Geh\u00e4use ge\u00f6ffnet ist, zeigt sich, dass die Switch 2 im Inneren \u00fcberarbeitet wurde.<\/p>\n<p class=\"bodytext\">Anders als bei der urspr\u00fcnglichen Switch 2, die <a href=\"https:\/\/www.amazon.de\/-\/en\/Nintendo-10015151-Switch-2\/dp\/B0F2J4SYJ2\/?tag=notebookcheck-news-de-21\" target=\"_blank\" rel=\"sponsored nofollow noopener\">bei Amazon f\u00fcr\u00a0439 Euro <\/a>erh\u00e4ltlich ist und bei der zun\u00e4chst die Metallabschirmung entfernt werden muss, um an den Akku zu gelangen, ist der Akku bei der Switch 2 V2 bereits nach dem Abnehmen der R\u00fcckabdeckung zug\u00e4nglich. Der Akku ist nicht von Schaumstoff umgeben. In der oberen rechten Ecke befindet sich au\u00dferdem ein Pfeil, der anzeigt, an welcher Stelle der Akku zum Herausnehmen angehoben werden soll.<\/p>\n<p class=\"bodytext\">Der Akku in der \u00fcberarbeiteten Switch 2 besitzt eine Kapazit\u00e4t von 5.172 mAh und ist damit etwa 1 Prozent kleiner als der 5.220-mAh-Akku der urspr\u00fcnglichen Version. Das bedeutet, dass es zwischen der urspr\u00fcnglichen Switch 2 und der neuen Version mit austauschbarem Akku keinen merklichen Unterschied bei der Spielzeit geben d\u00fcrfte.&#13;<\/p>\n<p class=\"bodytext\">Leider zeigt das Video nicht, wie der Akku tats\u00e4chlich entfernt wird. Laut der Quelle wird Nintendo jedoch eine offizielle Anleitung zum Austausch des Akkus ver\u00f6ffentlichen, an die sich Besitzer halten m\u00fcssen, damit die Garantie nicht erlischt. Nintendo wird au\u00dferdem Werkzeuge und Ersatz-Akkusets f\u00fcr die Switch 2 und weiteres akkubetriebenes Zubeh\u00f6r anbieten. Wann genau die Reparaturanleitung ver\u00f6ffentlicht wird und wie viel die Akkusets kosten werden, ist bislang nicht bekannt.<\/p>\n<p>\t<img loading=\"lazy\" decoding=\"async\" src=\"https:\/\/www.europesays.com\/at\/wp-content\/uploads\/2026\/09\/b20d6324e506422fbc52e79e163db7ec.gif\" width=\"1\" height=\"1\" alt=\"\"\/><\/p>\n<p>\t<a href=\"https:\/\/www.notebookcheck.com\/Redaktion.113895.0.html?&amp;tx_nbc2journalist_pi1%5Bmode%5D=show&amp;tx_nbc2journalist_pi1%5Buid%5D=354\" rel=\"nofollow noopener\" target=\"_blank\"><img decoding=\"async\" src=\"https:\/\/www.europesays.com\/at\/wp-content\/uploads\/2026\/09\/csm_habeebonawole_bf7db1bb36.jpg\" loading=\"lazy\" width=\"120\" height=\"120\" alt=\"Habeeb Onawole\"\/><\/a><\/p>\n<p>Ich schreibe gerne \u00fcber Technologie und habe bereits tausende von Artikeln verfasst, die Menschen dabei helfen, fundierte Entscheidungen zu treffen oder das Beste aus ihren Ger\u00e4ten herauszuholen. Wenn ich nicht arbeite, schaue ich mir Filme und Fernsehsendungen an oder verbringe Stunden auf meiner Nintendo Switch oder PlayStation.<\/p>\n<p><a href=\"https:\/\/www.notebookcheck.com\/Redaktion.113895.0.html?&amp;tx_nbc2journalist_pi1%5Bmode%5D=show&amp;tx_nbc2journalist_pi1%5Buid%5D=337\" rel=\"nofollow noopener\" target=\"_blank\"><img decoding=\"async\" src=\"https:\/\/www.europesays.com\/at\/wp-content\/uploads\/2026\/09\/csm_nicole-dominikowski_0a4a4f4a96.jpg\" loading=\"lazy\" width=\"120\" height=\"120\" alt=\"Nicole Dominikowski\"\/><\/a>\u00dcbersetzer: <a href=\"https:\/\/www.notebookcheck.com\/Redaktion.113895.0.html?&amp;tx_nbc2journalist_pi1%5Bmode%5D=show&amp;tx_nbc2journalist_pi1%5Buid%5D=337\" class=\"j_name\" rel=\"nofollow noopener\" target=\"_blank\">Nicole Dominikowski<\/a> &#8211; Tech Writer  &#8211; 3284 Artikel auf Notebookcheck ver\u00f6ffentlicht seit 2022<\/p>\n<p>Zukunftsszenarien und fiktive Welten faszinieren mich, weshalb ich mich gerne mit Themen wie etwa AI, AR und Gaming besch\u00e4ftige und auf Notebookcheck dazu schreibe.&#13;<br \/>\nUm mich diesen Gebieten vertieft zu widmen, studierte ich nach meiner Gesellenzeit als Gold-und Silberschmiedin Design, Digitale Medien und Kunst. In meiner Freizeit mache ich au\u00dferdem Musik und verbringe viel Zeit in der Natur mit meinen Hunden.<\/p>\n","protected":false},"excerpt":{"rendered":"\u24d8 Nintenduo Die \u00fcberarbeitete Nintendo Switch 2 verf\u00fcgt nicht \u00fcber einen fest eingeklebten Akku. Eine spanische YouTube-Publikation hat&hellip;\n","protected":false},"author":2,"featured_media":376846,"comment_status":"","ping_status":"","sticky":false,"template":"","format":"standard","meta":{"footnotes":"","_share_on_mastodon":"0"},"categories":[3],"tags":[94172,6287,76,75,74,6285,6288,6286,6281,6283,6291,6290,41,3781,94173,94171,6280,6282,6289,3026,2017,3707,6284,5087],"class_list":["post-376845","post","type-post","status-publish","format-standard","has-post-thumbnail","category-europa","tag-austauschbarer-akku","tag-benchmarks","tag-eu","tag-europa","tag-europe","tag-forum","tag-grafikkarten","tag-informationen","tag-laptop","tag-laptops","tag-netbook","tag-netbooks","tag-news","tag-nintendo","tag-nintendo-switch-2-europaeische-version","tag-nintendo-switch-2-v2","tag-notebook","tag-notebooks","tag-prozessoren","tag-switch-2","tag-test","tag-testbericht","tag-testberichte","tag-tests"],"share_on_mastodon":{"url":"https:\/\/pubeurope.com\/@at\/117217867536104600","error":""},"_links":{"self":[{"href":"https:\/\/www.europesays.com\/at\/wp-json\/wp\/v2\/posts\/376845","targetHints":{"allow":["GET"]}}],"collection":[{"href":"https:\/\/www.europesays.com\/at\/wp-json\/wp\/v2\/posts"}],"about":[{"href":"https:\/\/www.europesays.com\/at\/wp-json\/wp\/v2\/types\/post"}],"author":[{"embeddable":true,"href":"https:\/\/www.europesays.com\/at\/wp-json\/wp\/v2\/users\/2"}],"replies":[{"embeddable":true,"href":"https:\/\/www.europesays.com\/at\/wp-json\/wp\/v2\/comments?post=376845"}],"version-history":[{"count":0,"href":"https:\/\/www.europesays.com\/at\/wp-json\/wp\/v2\/posts\/376845\/revisions"}],"wp:featuredmedia":[{"embeddable":true,"href":"https:\/\/www.europesays.com\/at\/wp-json\/wp\/v2\/media\/376846"}],"wp:attachment":[{"href":"https:\/\/www.europesays.com\/at\/wp-json\/wp\/v2\/media?parent=376845"}],"wp:term":[{"taxonomy":"category","embeddable":true,"href":"https:\/\/www.europesays.com\/at\/wp-json\/wp\/v2\/categories?post=376845"},{"taxonomy":"post_tag","embeddable":true,"href":"https:\/\/www.europesays.com\/at\/wp-json\/wp\/v2\/tags?post=376845"}],"curies":[{"name":"wp","href":"https:\/\/api.w.org\/{rel}","templated":true}]}}