{"id":377113,"date":"2026-09-05T13:01:26","date_gmt":"2026-09-05T13:01:26","guid":{"rendered":"https:\/\/www.europesays.com\/at\/377113\/"},"modified":"2026-09-05T13:01:26","modified_gmt":"2026-09-05T13:01:26","slug":"gerstl-meint-es-buergermeister-ludwig-mit-dem-kampf-gegen-den-politischen-islam-wirklich-ernst","status":"publish","type":"post","link":"https:\/\/www.europesays.com\/at\/377113\/","title":{"rendered":"Gerstl: \u201eMeint es B\u00fcrgermeister Ludwig mit dem Kampf gegen den Politischen Islam wirklich ernst?\u201c"},"content":{"rendered":"<p>Wien (OTS) &#8211;\u00a0<\/p>\n<p>\u201eMeint es B\u00fcrgermeister Michael Ludwig mit dem Kampf gegen den Politischen Islam wirklich ernst? Dass sich Wiens B\u00fcrgermeister sch\u00fctzend vor die Islamische Glaubensgemeinschaft in \u00d6sterreich (IGG\u00d6) stellt, l\u00e4sst all jene, die entschlossen gegen religi\u00f6s motivierten Extremismus vorgehen, ratlos zur\u00fcck. Die IGG\u00d6 ist die gesetzliche Vertretung der islamischen Glaubensgemeinschaft \u2013 als solche setzen wir voraus, dass sich die IGG\u00d6 ohne Wenn und Aber zu den staatlichen Regeln bekennt\u201c, stellt \u00d6VP-Verfassungssprecher Wolfgang Gerstl klar, der weiter ausf\u00fchrt: \u201eDer IGG\u00d6 einzig und allein aber aufgrund ihres Status einen Persilschein auszustellen, zeugt von Naivit\u00e4t und falsch verstandener Toleranz: Die IGG\u00d6 besteht aus unterschiedlichen Gruppierungen und Verb\u00e4nden und wir k\u00f6nnen uns derzeit eben nicht darauf verlassen, dass all diese in all ihren Handlungen zur Republik \u00d6sterreich sowie zu unseren Werten und Grunds\u00e4tzen stehen oder in Wahrheit andere Ziele verfolgen. Wenn B\u00fcrgermeister Ludwig der IGG\u00d6 einen Persilschein f\u00fcr all ihre Mitglieder f\u00fcr gesetzeskonformes Handeln ausstellt, dann kann sein zur Schau gestellter Kampf gegen den Politischen Islam nur als ein populistisches Feigenblatt verstanden werden.\u201c<\/p>\n<p>\u201eGerade in den vergangenen Tagen wurde offenkundig, dass gegen\u00fcber der IGG\u00d6 und dem von ihr verbreiteten Gedankengut ein gewisses Ma\u00df an Wachsamkeit angebracht ist. Rund um das Ende der Zusammenarbeit mit DERAD gab es von Expertenseite etwa eindringliche Warnungen davor, der IGG\u00d6 aufgrund fragw\u00fcrdiger Verbindungen zu extremistischen Organisationen die Aufgabe der Deradikalisierung von Terroristen und Gef\u00e4hrdern zu \u00fcbertragen. In der Debatte rund um die Umsetzung des Kinderkopftuchverbots lie\u00df IGG\u00d6-Pr\u00e4sident \u00dcmit Vural in der ZIB 2 ein mehr als irritierendes Verh\u00e4ltnis zur Freiheit und Selbstbestimmung junger M\u00e4dchen als zentrale Grundwerte unserer Gesellschaft erkennen\u201c, so Gerstl abschlie\u00dfend.<\/p>\n<p _ngcontent-ng-c2115416006=\"\"> OTS-ORIGINALTEXT PRESSEAUSSENDUNG UNTER AUSSCHLIESSLICHER<br \/>\nINHALTLICHER VERANTWORTUNG DES AUSSENDERS &#8211; WWW.OTS.AT | NVP<\/p>\n","protected":false},"excerpt":{"rendered":"Wien (OTS) &#8211;\u00a0 \u201eMeint es B\u00fcrgermeister Michael Ludwig mit dem Kampf gegen den Politischen Islam wirklich ernst? Dass&hellip;\n","protected":false},"author":2,"featured_media":377114,"comment_status":"","ping_status":"","sticky":false,"template":"","format":"standard","meta":{"footnotes":"","_share_on_mastodon":"0"},"categories":[8],"tags":[26393,26395,80878,56913,682,458,40,41,26394,413,38284,39,38],"class_list":["post-377113","post","type-post","status-publish","format-standard","has-post-thumbnail","category-nachrichten","tag-apa","tag-apa-ots","tag-gerstl","tag-iggoe","tag-innenpolitik","tag-ludwig","tag-nachrichten","tag-news","tag-ots","tag-oevp","tag-politischer-islam","tag-schlagzeilen","tag-top-meldungen"],"share_on_mastodon":{"url":"https:\/\/pubeurope.com\/@at\/117218566803239858","error":""},"_links":{"self":[{"href":"https:\/\/www.europesays.com\/at\/wp-json\/wp\/v2\/posts\/377113","targetHints":{"allow":["GET"]}}],"collection":[{"href":"https:\/\/www.europesays.com\/at\/wp-json\/wp\/v2\/posts"}],"about":[{"href":"https:\/\/www.europesays.com\/at\/wp-json\/wp\/v2\/types\/post"}],"author":[{"embeddable":true,"href":"https:\/\/www.europesays.com\/at\/wp-json\/wp\/v2\/users\/2"}],"replies":[{"embeddable":true,"href":"https:\/\/www.europesays.com\/at\/wp-json\/wp\/v2\/comments?post=377113"}],"version-history":[{"count":0,"href":"https:\/\/www.europesays.com\/at\/wp-json\/wp\/v2\/posts\/377113\/revisions"}],"wp:featuredmedia":[{"embeddable":true,"href":"https:\/\/www.europesays.com\/at\/wp-json\/wp\/v2\/media\/377114"}],"wp:attachment":[{"href":"https:\/\/www.europesays.com\/at\/wp-json\/wp\/v2\/media?parent=377113"}],"wp:term":[{"taxonomy":"category","embeddable":true,"href":"https:\/\/www.europesays.com\/at\/wp-json\/wp\/v2\/categories?post=377113"},{"taxonomy":"post_tag","embeddable":true,"href":"https:\/\/www.europesays.com\/at\/wp-json\/wp\/v2\/tags?post=377113"}],"curies":[{"name":"wp","href":"https:\/\/api.w.org\/{rel}","templated":true}]}}