{"id":377119,"date":"2026-09-05T13:04:14","date_gmt":"2026-09-05T13:04:14","guid":{"rendered":"https:\/\/www.europesays.com\/at\/377119\/"},"modified":"2026-09-05T13:04:14","modified_gmt":"2026-09-05T13:04:14","slug":"back-with-7-screws-lask-team-doctor-operated-on-bw-linz-star-ronivaldo","status":"publish","type":"post","link":"https:\/\/www.europesays.com\/at\/377119\/","title":{"rendered":"Back with 7 screws &#8211; LASK team doctor operated on BW Linz star Ronivaldo"},"content":{"rendered":"<p><img decoding=\"async\" alt=\"Kommentare Banner - Die Stimme \u00d6sterreichs\" class=\"comments-banner\" src=\"https:\/\/www.europesays.com\/at\/wp-content\/uploads\/2026\/09\/1788613454_749_8899051.png\"\/>Einloggen, um an der Diskussion teilzunehmen<\/p>\n<p>Eingeloggt als\u00a0<\/p>\n<p>Nicht der richtige User?\u00a0<a href=\"https:\/\/www.krone.at\/javascript:void(0)\" onclick=\"window.TRINITY_LIGHT.loggout()\" rel=\"nofollow noopener\" target=\"_blank\">Logout<\/a><\/p>\n<p class=\"comments-coral__text\"> Willkommen in unserer Community! Eingehende Beitr\u00e4ge werden gepr\u00fcft und anschlie\u00dfend ver\u00f6ffentlicht. Bitte achten Sie auf Einhaltung unserer <a href=\"https:\/\/www.krone.at\/514825\" title=\"Netiquette\" rel=\"nofollow noopener\" target=\"_blank\">Netiquette<\/a> und <a href=\"https:\/\/www.krone.at\/434475\" title=\"AGB\" rel=\"nofollow noopener\" target=\"_blank\">AGB<\/a>. F\u00fcr ausf\u00fchrliche Diskussionen steht Ihnen ebenso das <a href=\"https:\/\/www.krone.at\/forum\" rel=\"nofollow noopener\" target=\"_blank\">krone.at-Forum<\/a> zur Verf\u00fcgung. <a href=\"https:\/\/www.krone.at\/3174387\" rel=\"nofollow noopener\" target=\"_blank\">Hier<\/a> k\u00f6nnen Sie das Community-Team via unserer Melde- und Abhilfestelle kontaktieren. <\/p>\n<p class=\"comments-coral__text krn-cls\" data-cls=\"2000\"> User-Beitr\u00e4ge geben nicht notwendigerweise die Meinung des Betreibers\/der Redaktion bzw. von Krone Multimedia (KMM) wieder. In diesem Sinne distanziert sich die Redaktion\/der Betreiber von den Inhalten in diesem Diskussionsforum. KMM beh\u00e4lt sich insbesondere vor, gegen geltendes Recht versto\u00dfende, den guten Sitten oder der <a href=\"https:\/\/www.krone.at\/514825\" title=\"Netiquette\" rel=\"nofollow noopener\" target=\"_blank\">Netiquette<\/a> widersprechende bzw. dem Ansehen von KMM zuwiderlaufende Beitr\u00e4ge zu l\u00f6schen, diesbez\u00fcglichen Schadenersatz gegen\u00fcber dem betreffenden User geltend zu machen, die Nutzer-Daten zu Zwecken der Rechtsverfolgung zu verwenden und strafrechtlich relevante Beitr\u00e4ge zur Anzeige zu bringen (siehe auch <a href=\"https:\/\/www.krone.at\/434475\" title=\"AGB\" rel=\"nofollow noopener\" target=\"_blank\">AGB<\/a>). <a href=\"https:\/\/www.krone.at\/3174387\" rel=\"nofollow noopener\" target=\"_blank\">Hier<\/a> k\u00f6nnen Sie das Community-Team via unserer Melde- und Abhilfestelle kontaktieren. <\/p>\n","protected":false},"excerpt":{"rendered":"Einloggen, um an der Diskussion teilzunehmen Eingeloggt als\u00a0 Nicht der richtige User?\u00a0Logout Willkommen in unserer Community! Eingehende Beitr\u00e4ge&hellip;\n","protected":false},"author":2,"featured_media":377120,"comment_status":"","ping_status":"","sticky":false,"template":"","format":"standard","meta":{"footnotes":"","_share_on_mastodon":"0"},"categories":[30],"tags":[46,42,10789,2380,94119,193,2356,184,94218,2264,44,94219,11448,89372,2780,94220],"class_list":["post-377119","post","type-post","status-publish","format-standard","has-post-thumbnail","category-linz","tag-at","tag-austria","tag-blau-weiss-linz","tag-bw-linz","tag-david-haslhofer","tag-innsbruck","tag-lask","tag-linz","tag-manuel-maranda-this","tag-michael-koellner","tag-oesterreich","tag-roni","tag-ronivaldo","tag-tsarenko","tag-wacker-innsbruck","tag-weinhauer"],"share_on_mastodon":{"url":"https:\/\/pubeurope.com\/@at\/117218578855101379","error":""},"_links":{"self":[{"href":"https:\/\/www.europesays.com\/at\/wp-json\/wp\/v2\/posts\/377119","targetHints":{"allow":["GET"]}}],"collection":[{"href":"https:\/\/www.europesays.com\/at\/wp-json\/wp\/v2\/posts"}],"about":[{"href":"https:\/\/www.europesays.com\/at\/wp-json\/wp\/v2\/types\/post"}],"author":[{"embeddable":true,"href":"https:\/\/www.europesays.com\/at\/wp-json\/wp\/v2\/users\/2"}],"replies":[{"embeddable":true,"href":"https:\/\/www.europesays.com\/at\/wp-json\/wp\/v2\/comments?post=377119"}],"version-history":[{"count":0,"href":"https:\/\/www.europesays.com\/at\/wp-json\/wp\/v2\/posts\/377119\/revisions"}],"wp:featuredmedia":[{"embeddable":true,"href":"https:\/\/www.europesays.com\/at\/wp-json\/wp\/v2\/media\/377120"}],"wp:attachment":[{"href":"https:\/\/www.europesays.com\/at\/wp-json\/wp\/v2\/media?parent=377119"}],"wp:term":[{"taxonomy":"category","embeddable":true,"href":"https:\/\/www.europesays.com\/at\/wp-json\/wp\/v2\/categories?post=377119"},{"taxonomy":"post_tag","embeddable":true,"href":"https:\/\/www.europesays.com\/at\/wp-json\/wp\/v2\/tags?post=377119"}],"curies":[{"name":"wp","href":"https:\/\/api.w.org\/{rel}","templated":true}]}}