{"id":377137,"date":"2026-09-05T13:17:10","date_gmt":"2026-09-05T13:17:10","guid":{"rendered":"https:\/\/www.europesays.com\/at\/377137\/"},"modified":"2026-09-05T13:17:10","modified_gmt":"2026-09-05T13:17:10","slug":"die-eisernen-veteranen-fahren-fuer-den-frieden-quer-durch-europa-politik","status":"publish","type":"post","link":"https:\/\/www.europesays.com\/at\/377137\/","title":{"rendered":"Die \u201eEisernen Veteranen\u201c fahren f\u00fcr den Frieden quer durch Europa &#8211; Politik"},"content":{"rendered":"<p data-manual=\"paragraph\" data-schema-org-speakable=\"true\" class=\"css-1ygz9cx\">Es ist sicher zielgruppenad\u00e4quat. Der Hauptsponsor des wohl \u00e4ltesten Rennradteams der Welt ist ein Pharmaunternehmen f\u00fcr Herz-Kreislauf-Mittel. Herbert Lackner, 85 Jahre alter \u00d6sterreicher, steht, die H\u00e4nde auf den Lenker seines Rennrads gest\u00fctzt, vor einem fr\u00fcheren DDR-Wachturm in der Rh\u00f6n. Heute grenzen hier Hessen und Th\u00fcringen aneinander, der Wartburgkreis und der Landkreis Fulda.\u00a0<a href=\"https:\/\/www.pointalpha.com\/\" target=\"_blank\" rel=\"nofollow noopener\">Fr\u00fcher standen sich am Point Alpha<\/a> direkt die Nato und der Warschauer Pakt gegen\u00fcber, hier drohte die atomare Eskalation.<\/p>\n","protected":false},"excerpt":{"rendered":"Es ist sicher zielgruppenad\u00e4quat. Der Hauptsponsor des wohl \u00e4ltesten Rennradteams der Welt ist ein Pharmaunternehmen f\u00fcr Herz-Kreislauf-Mittel. Herbert&hellip;\n","protected":false},"author":2,"featured_media":377138,"comment_status":"","ping_status":"","sticky":false,"template":"","format":"standard","meta":{"footnotes":"","_share_on_mastodon":"0"},"categories":[3],"tags":[1074,76,75,74,1711,5861,67152,4877,269,8329,1963,1076],"class_list":["post-377137","post","type-post","status-publish","format-standard","has-post-thumbnail","category-europa","tag-ausland","tag-eu","tag-europa","tag-europe","tag-frieden","tag-geschichte","tag-kalter-krieg","tag-leserdiskussion","tag-politik","tag-radsport","tag-russland","tag-sueddeutsche-zeitung"],"share_on_mastodon":{"url":"https:\/\/pubeurope.com\/@at\/117218629921611972","error":""},"_links":{"self":[{"href":"https:\/\/www.europesays.com\/at\/wp-json\/wp\/v2\/posts\/377137","targetHints":{"allow":["GET"]}}],"collection":[{"href":"https:\/\/www.europesays.com\/at\/wp-json\/wp\/v2\/posts"}],"about":[{"href":"https:\/\/www.europesays.com\/at\/wp-json\/wp\/v2\/types\/post"}],"author":[{"embeddable":true,"href":"https:\/\/www.europesays.com\/at\/wp-json\/wp\/v2\/users\/2"}],"replies":[{"embeddable":true,"href":"https:\/\/www.europesays.com\/at\/wp-json\/wp\/v2\/comments?post=377137"}],"version-history":[{"count":0,"href":"https:\/\/www.europesays.com\/at\/wp-json\/wp\/v2\/posts\/377137\/revisions"}],"wp:featuredmedia":[{"embeddable":true,"href":"https:\/\/www.europesays.com\/at\/wp-json\/wp\/v2\/media\/377138"}],"wp:attachment":[{"href":"https:\/\/www.europesays.com\/at\/wp-json\/wp\/v2\/media?parent=377137"}],"wp:term":[{"taxonomy":"category","embeddable":true,"href":"https:\/\/www.europesays.com\/at\/wp-json\/wp\/v2\/categories?post=377137"},{"taxonomy":"post_tag","embeddable":true,"href":"https:\/\/www.europesays.com\/at\/wp-json\/wp\/v2\/tags?post=377137"}],"curies":[{"name":"wp","href":"https:\/\/api.w.org\/{rel}","templated":true}]}}