{"id":377145,"date":"2026-09-05T13:21:12","date_gmt":"2026-09-05T13:21:12","guid":{"rendered":"https:\/\/www.europesays.com\/at\/377145\/"},"modified":"2026-09-05T13:21:12","modified_gmt":"2026-09-05T13:21:12","slug":"vor-lokal-in-innsbruck-streit-endet-mit-schwerer-koerperverletzung","status":"publish","type":"post","link":"https:\/\/www.europesays.com\/at\/377145\/","title":{"rendered":"Vor Lokal in Innsbruck: Streit endet mit schwerer K\u00f6rperverletzung"},"content":{"rendered":"<p>Der Vorfall ereignete sich am 4. September gegen 23.20 Uhr. Ersten Erhebungen zufolge war ein Streit zwischen einem 31-j\u00e4hrigen Iraner und einem 25-j\u00e4hrigen Afghanen eskaliert.<\/p>\n<p>Als Ausl\u00f6ser gilt demnach der Umstand, dass der 25-J\u00e4hrige im Lokal G\u00e4ste angep\u00f6belt haben soll.<\/p>\n<p>                Fu\u00dftritt gegen den Kopf                                    <\/p>\n<p>Im Zuge der Auseinandersetzung versetzte der 31-J\u00e4hrige dem 25-J\u00e4hrigen einen Fu\u00dftritt gegen den Kopf. Der Afghane erlitt dabei eine Kopfverletzung.<\/p>\n<p>Er wurde von der Rettung in die Innsbrucker Klinik gebracht.<\/p>\n","protected":false},"excerpt":{"rendered":"Der Vorfall ereignete sich am 4. September gegen 23.20 Uhr. Ersten Erhebungen zufolge war ein Streit zwischen einem&hellip;\n","protected":false},"author":2,"featured_media":377146,"comment_status":"","ping_status":"","sticky":false,"template":"","format":"standard","meta":{"footnotes":"","_share_on_mastodon":"0"},"categories":[32],"tags":[46,42,268,274,270,193,272,275,40,265,44,266,269,271,109,264,263,267,273,66],"class_list":["post-377145","post","type-post","status-publish","format-standard","has-post-thumbnail","category-innsbruck","tag-at","tag-austria","tag-chronik","tag-diskussion","tag-gesellschaft","tag-innsbruck","tag-mediengeschehen","tag-meinung","tag-nachrichten","tag-nordtirol","tag-oesterreich","tag-osttirol","tag-politik","tag-presseklick","tag-sport","tag-suedtirol","tag-unsertirol24","tag-ut24","tag-ut24-blog","tag-welt"],"share_on_mastodon":{"url":"https:\/\/pubeurope.com\/@at\/117218645389536868","error":""},"_links":{"self":[{"href":"https:\/\/www.europesays.com\/at\/wp-json\/wp\/v2\/posts\/377145","targetHints":{"allow":["GET"]}}],"collection":[{"href":"https:\/\/www.europesays.com\/at\/wp-json\/wp\/v2\/posts"}],"about":[{"href":"https:\/\/www.europesays.com\/at\/wp-json\/wp\/v2\/types\/post"}],"author":[{"embeddable":true,"href":"https:\/\/www.europesays.com\/at\/wp-json\/wp\/v2\/users\/2"}],"replies":[{"embeddable":true,"href":"https:\/\/www.europesays.com\/at\/wp-json\/wp\/v2\/comments?post=377145"}],"version-history":[{"count":0,"href":"https:\/\/www.europesays.com\/at\/wp-json\/wp\/v2\/posts\/377145\/revisions"}],"wp:featuredmedia":[{"embeddable":true,"href":"https:\/\/www.europesays.com\/at\/wp-json\/wp\/v2\/media\/377146"}],"wp:attachment":[{"href":"https:\/\/www.europesays.com\/at\/wp-json\/wp\/v2\/media?parent=377145"}],"wp:term":[{"taxonomy":"category","embeddable":true,"href":"https:\/\/www.europesays.com\/at\/wp-json\/wp\/v2\/categories?post=377145"},{"taxonomy":"post_tag","embeddable":true,"href":"https:\/\/www.europesays.com\/at\/wp-json\/wp\/v2\/tags?post=377145"}],"curies":[{"name":"wp","href":"https:\/\/api.w.org\/{rel}","templated":true}]}}