{"id":377317,"date":"2026-09-05T15:34:07","date_gmt":"2026-09-05T15:34:07","guid":{"rendered":"https:\/\/www.europesays.com\/at\/377317\/"},"modified":"2026-09-05T15:34:07","modified_gmt":"2026-09-05T15:34:07","slug":"wir-muessen-umlernen-so-sieht-die-neue-weltkarte-aus-usa-geschrumpft-kronen-zeitung","status":"publish","type":"post","link":"https:\/\/www.europesays.com\/at\/377317\/","title":{"rendered":"Wir m\u00fcssen umlernen &#8211; So sieht die neue Weltkarte aus: USA geschrumpft! &#8211; Kronen Zeitung"},"content":{"rendered":"<p><a href=\"https:\/\/news.google.com\/rss\/articles\/CBMiQkFVX3lxTFBUNzU4SElvRHFoY0xTZmF2YjJiV2xOZWtxTjBHNTR3c01RaTBEejdkcmpYbTZuSGJuYXJuZERja0FtUQ?oc=5\" target=\"_blank\" rel=\"nofollow noopener\">Wir m\u00fcssen umlernen &#8211; So sieht die neue Weltkarte aus: USA geschrumpft!<\/a>&nbsp;&nbsp;Kronen Zeitung<a href=\"https:\/\/news.google.com\/rss\/articles\/CBMiRkFVX3lxTE1GV2JHNjRadHo5UW91b3pOT0h6Mkt0Q2VlV0V5Z0NGcVVuTG4zeGZIeVFvdndXRlhaWV81UllCU3VWN0xSbFE?oc=5\" target=\"_blank\" rel=\"nofollow noopener\">Darstellung Afrikas: UNO-Votum f\u00fcr realistischere Weltkarte<\/a>&nbsp;&nbsp;orf.at<a href=\"https:\/\/news.google.com\/rss\/articles\/CBMieEFVX3lxTE5jMGE5R0JVTHR0bWxOcG1LbXlob2pWaHpBVlN2MUs2S1RSaWpMd1JXRjAwT3NvN3BGWS0wT2dadmE2VjRTR1RXaUpLY0ZwdkE1Y1FITEwyeWpybC1uUVNidlpZa3FIcE9uVWJlNlhyWWNoQU9sSWxhRQ?oc=5\" target=\"_blank\" rel=\"nofollow noopener\">UN stimmen f\u00fcr neue Weltkarte &#8211; Afrika gr\u00f6\u00dfer dargestellt<\/a>&nbsp;&nbsp;tagesschau.de<a href=\"https:\/\/news.google.com\/rss\/articles\/CBMizwFBVV95cUxOLWtwdzc3X00wLUIwX1JJS1M0YjhIN25oakprb2JpRENudXFmSUtEMXQwcWNyNks4SVRadkVaS1E4akVJTGJoRFBkYlBFS0VnSkNsaGhPY1dQLVpTbEtTWk9kTVNzd08wTHAxRXA4enFJeXFxNFdBUWVkam53QU1sQjdVZGpYNjZOaHp3TjdqaEp5QUozYVJsc1BhV0pXaE5PYjFuMlRtODE0cUNFU3ZjbmxTMndKejVrMUZpOUh2SERDV3N4QWltSk1yQU1ac1k?oc=5\" target=\"_blank\" rel=\"nofollow noopener\">Togo fordert neue Weltkarte, 164 L\u00e4nder stimmen dem zu \u2013 USA sind dagegen<\/a>&nbsp;&nbsp;T-Online<a href=\"https:\/\/news.google.com\/rss\/articles\/CBMirAFBVV95cUxNa3RxTmRqTThIRGZpczc4Mm1SWF94akcxcUxSdFJNdmVmWVBRUXFrWmxUX1hkNUhsa190bS1ZZDJJNXpwN3hSektOWXltVFd6ZDRodlNwQjNfQjZXU1B2QWtYV2hYLXNiV1Q4TTBmNzdXYlZvMjRzTmpFY1VMdFI2aW1rbFMzNko5WU81TVBRMW03WjBtNjN4Ykx6Tzg4WVlHWkNYRldvY0pLdEd5?oc=5\" target=\"_blank\" rel=\"nofollow noopener\">UN stimmt \u00fcber radikale \u00c4nderung der Weltkarte ab: Das k\u00f6nnte sich bald \u00e4ndern<\/a>&nbsp;&nbsp;fr.de<\/p>\n","protected":false},"excerpt":{"rendered":"Wir m\u00fcssen umlernen &#8211; So sieht die neue Weltkarte aus: USA geschrumpft!&nbsp;&nbsp;Kronen ZeitungDarstellung Afrikas: UNO-Votum f\u00fcr realistischere Weltkarte&nbsp;&nbsp;orf.atUN&hellip;\n","protected":false},"author":2,"featured_media":377318,"comment_status":"","ping_status":"","sticky":false,"template":"","format":"standard","meta":{"footnotes":"","_share_on_mastodon":"0"},"categories":[12],"tags":[1219,94250,94251,94252,13221,40,41,13220,94253,39,27630,94254,439,40903,66,65,64],"class_list":["post-377317","post","type-post","status-publish","format-standard","has-post-thumbnail","category-welt","tag-afrika","tag-afrikanischen-union","tag-flandern","tag-gerardus-mercator","tag-lateinamerika","tag-nachrichten","tag-news","tag-ozeanien","tag-robert-dussey","tag-schlagzeilen","tag-suedasien","tag-togo","tag-usa","tag-vereinten-nationen","tag-welt","tag-world","tag-world-news"],"share_on_mastodon":{"url":"https:\/\/pubeurope.com\/@at\/117219168549123914","error":""},"_links":{"self":[{"href":"https:\/\/www.europesays.com\/at\/wp-json\/wp\/v2\/posts\/377317","targetHints":{"allow":["GET"]}}],"collection":[{"href":"https:\/\/www.europesays.com\/at\/wp-json\/wp\/v2\/posts"}],"about":[{"href":"https:\/\/www.europesays.com\/at\/wp-json\/wp\/v2\/types\/post"}],"author":[{"embeddable":true,"href":"https:\/\/www.europesays.com\/at\/wp-json\/wp\/v2\/users\/2"}],"replies":[{"embeddable":true,"href":"https:\/\/www.europesays.com\/at\/wp-json\/wp\/v2\/comments?post=377317"}],"version-history":[{"count":0,"href":"https:\/\/www.europesays.com\/at\/wp-json\/wp\/v2\/posts\/377317\/revisions"}],"wp:featuredmedia":[{"embeddable":true,"href":"https:\/\/www.europesays.com\/at\/wp-json\/wp\/v2\/media\/377318"}],"wp:attachment":[{"href":"https:\/\/www.europesays.com\/at\/wp-json\/wp\/v2\/media?parent=377317"}],"wp:term":[{"taxonomy":"category","embeddable":true,"href":"https:\/\/www.europesays.com\/at\/wp-json\/wp\/v2\/categories?post=377317"},{"taxonomy":"post_tag","embeddable":true,"href":"https:\/\/www.europesays.com\/at\/wp-json\/wp\/v2\/tags?post=377317"}],"curies":[{"name":"wp","href":"https:\/\/api.w.org\/{rel}","templated":true}]}}