{"id":377383,"date":"2026-09-05T16:23:17","date_gmt":"2026-09-05T16:23:17","guid":{"rendered":"https:\/\/www.europesays.com\/at\/377383\/"},"modified":"2026-09-05T16:23:17","modified_gmt":"2026-09-05T16:23:17","slug":"christina-stuermers-comeback-konzert-auf-juni-2027-verschoben","status":"publish","type":"post","link":"https:\/\/www.europesays.com\/at\/377383\/","title":{"rendered":"Christina St\u00fcrmers Comeback-Konzert auf Juni 2027 verschoben"},"content":{"rendered":"<p class=\"spanFix xcq0f20 xklk4pu xx4bnbn x1qlqyl8 xyamk6z\" style=\"order:0\"><a target=\"_self\" data-google-interstitial=\"true\" href=\"https:\/\/www.promiflash.de\/thema\/christina-stuermer\/\" rel=\"nofollow noopener\">Christina St\u00fcrmers<\/a> (44) geplantes Comebackkonzert in Linz ist kurzfristig ins Wasser gefallen. Ihr Konzert beim FrischluftOpenAir im Linzer Posthof, das f\u00fcr den 28. August 2026 angesetzt war, musste kurzfristig abgesagt werden. Grund daf\u00fcr war eine Sturmwarnung, die einen sicheren Ablauf der Open-Air-Show unm\u00f6glich machte. Wie der Posthof auf Facebook bekannt gab, wird der Termin zwar nachgeholt \u2013 allerdings erst am 11. Juni 2027. Damit m\u00fcssen sich die Fans mehr als neun Monate l\u00e4nger gedulden als urspr\u00fcnglich vorgesehen. Besonders \u00fcberraschend d\u00fcrfte die lange Verschiebung sein, weil der Abend den Auftakt von Christinas Minitournee &#8222;Es wird wieder laut&#8220; bilden sollte. Nach ihrer ruhigeren Unplugged-Phase wollte die S\u00e4ngerin damit die R\u00fcckkehr zu kraftvolleren Auftritten feiern. F\u00fcr ihre Fans bedeutet die Absage nun allerdings eine echte Geduldsprobe. In Linz l\u00e4sst diese R\u00fcckkehr nun vorerst auf sich warten. Statt Ende August 2026 kann das Publikum die geplante Show dort erst im kommenden Sommer erleben.<\/p>\n<p class=\"spanFix xcq0f20 xklk4pu xx4bnbn x1qlqyl8 xyamk6z\" style=\"order:3\">Der Posthof erkl\u00e4rte auf Facebook auch, weshalb kein fr\u00fcherer Ersatztermin f\u00fcr das ausgefallene Konzert gefunden werden konnte. &#8222;Leider ist es in diesem Jahr nicht mehr m\u00f6glich gewesen, einen passenden Tag zu finden. Daher wird die Show am 11.06.2027 nachgeholt&#8220;, hei\u00dft es in der Mitteilung des Veranstaltungsortes. Wer bereits ein Ticket gekauft hat, muss sich immerhin keine Sorgen machen: Die Eintrittskarten behalten f\u00fcr den neuen Termin ihre G\u00fcltigkeit. Und wer im Juni 2027 verhindert ist, kann sich den Ticketpreis erstatten lassen. Ganz bis zum kommenden Jahr m\u00fcssen Christinas Anh\u00e4nger auf das neue B\u00fchnenprogramm allerdings nicht warten. Die Premiere von &#8222;Es wird wieder laut&#8220; soll nun am 11. September 2026 auf der Festung Kufstein stattfinden. Eine Woche sp\u00e4ter, am 18. September, folgt dann ein Konzert im Wiener Gasometer. Lediglich das Linzer Publikum braucht somit besonders viel Geduld.<\/p>\n<p class=\"spanFix xcq0f20 xklk4pu xx4bnbn x1qlqyl8 xyamk6z\" style=\"order:6\">Abseits ihrer Konzertpl\u00e4ne gew\u00e4hrte Christina vor einigen Monaten einen sehr pers\u00f6nlichen Einblick in ihre Vergangenheit. Anlass daf\u00fcr war das zehnj\u00e4hrige Jubil\u00e4um ihres Hits &#8222;Seite an Seite&#8220;. Die S\u00e4ngerin machte dabei \u00f6ffentlich, dass sie w\u00e4hrend der Aufnahmen im Jahr 2016 <a target=\"_self\" data-google-interstitial=\"true\" href=\"https:\/\/www.promiflash.de\/news\/2026\/04\/25\/christina-stuermer-war-bei-seite-an-seite-dreh-schwanger.html\" rel=\"nofollow noopener\">hochschwanger<\/a> gewesen war. In dem damals ver\u00f6ffentlichten Musikvideo und auf den Promofotos war davon nichts zu erkennen. Erst sp\u00e4ter teilte die \u00d6sterreicherin private Aufnahmen aus dieser Zeit, die den Babybauch zeigten. Die Bilder er\u00f6ffneten einen neuen Blick auf die Entstehungszeit des Songs und hielten zugleich einen besonderen Abschnitt in ihrem Leben fest. W\u00e4hrend das damalige Geheimnis inzwischen gel\u00fcftet ist, richtet sich der Blick aktuell wieder auf Christinas Musik: Mit &#8222;Es wird wieder laut&#8220; kehrt sie nach ihrer akustisch gepr\u00e4gten Phase zu kraftvolleren Konzerten zur\u00fcck.<\/p>\n<p><img class=\"x13vifvy x10l6tqk x5yr21d xh8yej3 xl1xv1r\" alt=\"Christina St\u00fcrmer beim Hessentag in Herborn im Mai 2016\" width=\"854\" height=\"480\" decoding=\"async\"  loading=\"lazy\" style=\"background-size:cover;background-position:50% 50%;background-repeat:no-repeat;background-image:url(&quot;data:image\/svg+xml;charset=utf-8,%3Csvg xmlns='http:\/\/www.w3.org\/2000\/svg' viewBox='0 0 640 640'%3E%3Cfilter id='b' color-interpolation-filters='sRGB'%3E%3CfeGaussianBlur stdDeviation='20'\/%3E%3CfeColorMatrix values='1 0 0 0 0 0 1 0 0 0 0 0 1 0 0 0 0 0 100 -1' result='s'\/%3E%3CfeFlood x='0' y='0' width='100%25' height='100%25'\/%3E%3CfeComposite operator='out' in='s'\/%3E%3CfeComposite in2='SourceGraphic'\/%3E%3CfeGaussianBlur stdDeviation='20'\/%3E%3C\/filter%3E%3Cimage width='100%25' height='100%25' x='0' y='0' preserveAspectRatio='none' style='filter: url(%23b);' href='data:image\/png;base64,iVBORw0KGgoAAAANSUhEUgAAABAAAAAQCAYAAAAf8\/9hAAAEG0lEQVR4AQEQBO\/7AAAAAP8AAAD\/AAAA\/wAAAP8qIgD\/UkQd\/2dWQf9xYVP\/c2Rc\/21hXf9hWFb\/S0VG\/yUiJf8AAAD\/AAAA\/wAAAP8AAAAA\/wAAAP8AAAD\/AAAA\/zUsAP9ZSij\/bVxH\/3ZlWP94aGD\/cmVg\/2ZcWv9SSkr\/MSor\/wAAAP8AAAD\/AAAA\/wAAAAD\/AAAA\/wAAAP8AAQD\/Sz8A\/2lZPP97aFX\/hHFj\/4Vzav9\/b2r\/c2Zj\/2FVVP9HOzn\/HAAA\/wAAAP8AAAD\/AAAAAP8AAAD\/AAAA\/zItAP9hUir\/fGlP\/4x4ZP+Uf3H\/lYF3\/498dv+Ecm\/\/c2Ng\/15NSf9ELh\/\/IAAA\/wAAAP8AAAAA\/wAAAP8AAAD\/TEEA\/3NhQf+Md1\/\/nIVy\/6SMfv+ljYT\/n4mD\/5R\/fP+FcG7\/cl1Z\/11FOv9HJgD\/NAAA\/wAAAAD\/AAAA\/xoVAP9cTCD\/gGtP\/5iBav+pj33\/sZaJ\/7KYj\/+tk4\/\/o4qI\/5R8e\/+Camj\/b1RM\/1w8If9NJAD\/AAAAAP8AAAD\/MCMA\/2RRMf+Hb1f\/oIVx\/7CUhP+5nJH\/u5+Y\/7ebmf+uk5T\/oIWI\/45zdf97Xlr\/aEY2\/1kvAP8AAAAA\/wAAAP83JgD\/Z1E5\/4lvWv+ihXP\/s5WH\/76flv\/Bo5\/\/vqGi\/7aZnv+ojJL\/lnp\/\/4JjZf9tSUL\/XS4C\/wAAAAD\/AAAA\/zciEv9lTT3\/hmpa\/6CBc\/+yk4j\/vp+Z\/8OlpP\/Cpan\/u56m\/62Sm\/+bf4j\/hWZt\/21GSf9ZHw3\/AAAAAP8AAAD\/Lxge\/19FPf+AZFj\/m3xy\/6+Pif+9npv\/xKao\/8Sor\/+9o63\/sJaj\/52CkP+EZnP\/aEBM\/04ABv8AAAAA\/wAABP8hByL\/Vj08\/3ldV\/+Vd3H\/qo2J\/7qdnv\/DqKz\/xau0\/7+ns\/+ym6n\/nYaV\/4JneP9gOE7\/PAAA\/wAAAAD\/AAAH\/wAAIf9MNzv\/cllX\/491cv+njIz\/uJ+h\/8Krsf\/FsLn\/wKy4\/7Kgrv+cipr\/fmh6\/1YxTv8eAAD\/AAAAAP8AAAD\/AAAe\/0M2PP9sWVn\/jHZ2\/6SPkP+3oqb\/wrC1\/8a1vf\/Bsr3\/s6Wy\/5uOnf96anz\/TC5N\/wAAAP8AAAAA\/wAAAP8AABn\/PTk+\/2pdXf+Kenr\/pJSV\/7eoqv\/Dtbr\/x7vC\/8K3wP+zqrX\/m5Kf\/3duff9CMEz\/AAAA\/wAAAAD\/AAAA\/wAAE\/86PkD\/aWJh\/4uAf\/+lmZr\/uK2v\/8S6vv\/IwMX\/w7zD\/7Sut\/+alqD\/dXF+\/zszS\/8AAAD\/AAAAAP8AAAD\/AAEN\/zhCQf9pZWT\/jIOD\/6adnf+6sbL\/xb7B\/8nDx\/\/Dv8X\/tLG4\/5qZof90c37\/NzdL\/wAAAP+mJg7tNeNfewAAAABJRU5ErkJggg=='\/%3E%3C\/svg%3E&quot;)\" src=\"https:\/\/www.europesays.com\/at\/wp-content\/uploads\/2026\/09\/christina-stuermer-singt-3.jpg\" fetchpriority=\"auto\"\/>Getty Images<img decoding=\"async\" alt=\"Bilder Gallerie Button\" class=\"x10l6tqk x1l3r47z xmnqija x1fxk84t x1dnml7z x11xpdln x1d8287x x3oybdh x16gas18\" src=\"https:\/\/www.europesays.com\/at\/wp-content\/uploads\/2026\/09\/1788625396_988_galerie_button.png\" loading=\"lazy\"\/>Christina St\u00fcrmer beim Hessentag in Herborn im Mai 2016<img class=\"x13vifvy x10l6tqk x5yr21d xh8yej3 xl1xv1r\" alt=\"S\u00e4ngerin Christina St\u00fcrmer, 2016\" width=\"854\" height=\"480\" decoding=\"async\"  loading=\"lazy\" style=\"background-size:cover;background-position:50% 50%;background-repeat:no-repeat;background-image:url(&quot;data:image\/svg+xml;charset=utf-8,%3Csvg xmlns='http:\/\/www.w3.org\/2000\/svg' viewBox='0 0 640 640'%3E%3Cfilter id='b' color-interpolation-filters='sRGB'%3E%3CfeGaussianBlur stdDeviation='20'\/%3E%3CfeColorMatrix values='1 0 0 0 0 0 1 0 0 0 0 0 1 0 0 0 0 0 100 -1' result='s'\/%3E%3CfeFlood x='0' y='0' width='100%25' height='100%25'\/%3E%3CfeComposite operator='out' in='s'\/%3E%3CfeComposite in2='SourceGraphic'\/%3E%3CfeGaussianBlur stdDeviation='20'\/%3E%3C\/filter%3E%3Cimage width='100%25' height='100%25' x='0' y='0' preserveAspectRatio='none' style='filter: url(%23b);' href='data:image\/png;base64,iVBORw0KGgoAAAANSUhEUgAAABAAAAAQCAYAAAAf8\/9hAAAEG0lEQVR4AQEQBO\/7AFU6AP9WOQD\/WDgc\/1w2L\/9hNj\/\/ZzlL\/2w9U\/9wQVj\/cUNZ\/25CV\/9mO1H\/WStG\/0IAOP8YACT\/AAAA\/wAAAP8AUzkA\/1Q5AP9YORz\/XTox\/2Q8Qf9rQE3\/cERV\/3RHWv91SVv\/ckZZ\/2k\/Uv9bL0j\/RAE4\/xkAI\/8AAAD\/AAAA\/wBLNgD\/TjgA\/1Y8HP9gQjT\/a0lF\/3VPUv98VFv\/gFZg\/4BWYf97UV7\/cUhW\/2E3Sv9JFTn\/HQAg\/wAAAP8AAAD\/AD4xAP9ENQD\/Uz8Z\/2NLNf9zVkj\/gF5X\/4lkYP+NZmX\/jGRm\/4ZdYv96Ulr\/aEBM\/04jOf8iABr\/AAAA\/wAAAP8AKCoA\/zQxAP9NQAr\/ZVEy\/3lfSP+JaVj\/lHBi\/5lyaP+Xb2j\/kGdk\/4NaW\/9vSEz\/Uy03\/yYADv8AAAD\/AAAA\/wAAIgD\/GiwA\/0Q\/AP9jUyn\/fGND\/49vVP+bdl\/\/oHhl\/590Zv+XbGL\/iV9Y\/3VNSf9YNDL\/KwMA\/wAAAP8AAAD\/AAAeAP8AKQD\/Oj4A\/2BTGv98Yzr\/kHBM\/513WP+jeV\/\/o3Zg\/5xuXP+OYVP\/eVFE\/108Lv8yHQD\/AAAA\/wAAAP8AACYA\/wAvAP81QAD\/XVIJ\/3lhMf+PbUT\/nXRQ\/6R3V\/+kdFn\/nm5W\/5FkT\/9+VkP\/ZEUw\/z8xDP8AFgD\/AAAA\/wAAOgD\/AD4A\/zxJAP9eVhv\/eWIz\/45sQ\/+cc07\/pHZV\/6V1WP+hcVf\/lmpS\/4VgSv9uVD7\/UEYv\/yQ4G\/8ALQD\/ACtSIP83VCT\/UFov\/2liPP9\/akj\/kXJS\/553W\/+me2D\/qXxj\/6Z6Y\/+edmH\/kG9c\/31mVf9mXE7\/S1NG\/zBMQP8AVmtQ\/1xsUv9pcFf\/e3Ve\/4x7Zv+bgW3\/p4Z0\/6+JeP+yi3r\/sIt7\/6qIef+eg3X\/j3xw\/310a\/9qbGb\/W2di\/wB4g3L\/e4R0\/4SHeP+RjH\/\/n5GG\/6yWjP+2m5L\/vZ+W\/8Cgl\/++oJf\/uZ2V\/6+Ykf+ikoz\/lIuG\/4aEgv97f37\/AJOZj\/+WmpD\/np6V\/6mjnP+0qaT\/v6+r\/8i0sP\/Ot7T\/0Li1\/8+3s\/\/Js7D\/wa6r\/7Wnpf+pn5\/\/nZmZ\/5WUlv8Aqqym\/6ytqP+zsq3\/vbi1\/8i\/vf\/TxcX\/28rL\/+DNzv\/hzs\/\/38zN\/9nHyP\/RwcL\/xrm7\/7uxs\/+xqq3\/qqap\/wC6urb\/vby5\/8TBv\/\/OyMf\/2dDR\/+PY2f\/q3d\/\/7uDj\/+\/f4\/\/s3OD\/5tfb\/93Q1P\/Tx8v\/yb\/D\/8C4u\/+5s7b\/AMTCwf\/HxMP\/zsrK\/9jT0\/\/j293\/7ePm\/\/Tp7P\/46+\/\/+Ovw\/\/Xn7f\/u4ef\/5tnf\/9zQ1f\/Rx8z\/ycDE\/8O7v\/8LjEnni6t+GwAAAABJRU5ErkJggg=='\/%3E%3C\/svg%3E&quot;)\" src=\"https:\/\/www.europesays.com\/at\/wp-content\/uploads\/2026\/09\/saengerin-christina-stuermer-laechelt.jpg\" fetchpriority=\"auto\"\/>Getty Images<img decoding=\"async\" alt=\"Bilder Gallerie Button\" class=\"x10l6tqk x1l3r47z xmnqija x1fxk84t x1dnml7z x11xpdln x1d8287x x3oybdh x16gas18\" src=\"https:\/\/www.europesays.com\/at\/wp-content\/uploads\/2026\/09\/1788625396_988_galerie_button.png\" loading=\"lazy\"\/>S\u00e4ngerin Christina St\u00fcrmer, 2016<img class=\"x13vifvy x10l6tqk x5yr21d xh8yej3 xl1xv1r\" alt=\"Christina St\u00fcrmer beim Bambi 2015\" width=\"854\" height=\"480\" decoding=\"async\"  loading=\"lazy\" src=\"https:\/\/www.europesays.com\/at\/wp-content\/uploads\/2026\/09\/christina-stuermer-singt.jpg\" fetchpriority=\"auto\"\/>Getty Images<img decoding=\"async\" alt=\"Bilder Gallerie Button\" class=\"x10l6tqk x1l3r47z xmnqija x1fxk84t x1dnml7z x11xpdln x1d8287x x3oybdh x16gas18\" src=\"https:\/\/www.europesays.com\/at\/wp-content\/uploads\/2026\/09\/1788625396_988_galerie_button.png\" loading=\"lazy\"\/>Christina St\u00fcrmer beim Bambi 2015<\/p>\n<p>Wie findet ihr es, dass Christina St\u00fcrmers Linz-Konzert wegen der Sturmwarnung erst im Juni 2027 nachgeholt wird?<\/p>\n<p>Ergebnis anzeigen<\/p>\n","protected":false},"excerpt":{"rendered":"Christina St\u00fcrmers (44) geplantes Comebackkonzert in Linz ist kurzfristig ins Wasser gefallen. Ihr Konzert beim FrischluftOpenAir im Linzer&hellip;\n","protected":false},"author":2,"featured_media":377384,"comment_status":"","ping_status":"","sticky":false,"template":"","format":"standard","meta":{"footnotes":"","_share_on_mastodon":"0"},"categories":[24],"tags":[46,42,147,153,154,44,148],"class_list":["post-377383","post","type-post","status-publish","format-standard","has-post-thumbnail","category-musik","tag-at","tag-austria","tag-entertainment","tag-music","tag-musik","tag-oesterreich","tag-unterhaltung"],"share_on_mastodon":{"url":"https:\/\/pubeurope.com\/@at\/117219361821991441","error":""},"_links":{"self":[{"href":"https:\/\/www.europesays.com\/at\/wp-json\/wp\/v2\/posts\/377383","targetHints":{"allow":["GET"]}}],"collection":[{"href":"https:\/\/www.europesays.com\/at\/wp-json\/wp\/v2\/posts"}],"about":[{"href":"https:\/\/www.europesays.com\/at\/wp-json\/wp\/v2\/types\/post"}],"author":[{"embeddable":true,"href":"https:\/\/www.europesays.com\/at\/wp-json\/wp\/v2\/users\/2"}],"replies":[{"embeddable":true,"href":"https:\/\/www.europesays.com\/at\/wp-json\/wp\/v2\/comments?post=377383"}],"version-history":[{"count":0,"href":"https:\/\/www.europesays.com\/at\/wp-json\/wp\/v2\/posts\/377383\/revisions"}],"wp:featuredmedia":[{"embeddable":true,"href":"https:\/\/www.europesays.com\/at\/wp-json\/wp\/v2\/media\/377384"}],"wp:attachment":[{"href":"https:\/\/www.europesays.com\/at\/wp-json\/wp\/v2\/media?parent=377383"}],"wp:term":[{"taxonomy":"category","embeddable":true,"href":"https:\/\/www.europesays.com\/at\/wp-json\/wp\/v2\/categories?post=377383"},{"taxonomy":"post_tag","embeddable":true,"href":"https:\/\/www.europesays.com\/at\/wp-json\/wp\/v2\/tags?post=377383"}],"curies":[{"name":"wp","href":"https:\/\/api.w.org\/{rel}","templated":true}]}}