{"id":377451,"date":"2026-09-05T17:07:21","date_gmt":"2026-09-05T17:07:21","guid":{"rendered":"https:\/\/www.europesays.com\/at\/377451\/"},"modified":"2026-09-05T17:07:21","modified_gmt":"2026-09-05T17:07:21","slug":"walter-group-holding-ag-regelt-vorausschauend-nachfolge-im-vorstand","status":"publish","type":"post","link":"https:\/\/www.europesays.com\/at\/377451\/","title":{"rendered":"WALTER GROUP Holding AG regelt vorausschauend Nachfolge im Vorstand"},"content":{"rendered":"<p>Der Vertrag von CEO Daniel Ritz wurde bis 2030 verl\u00e4ngertDer langj\u00e4hrige Finanzvorstand Christoph Pernsteiner legt per 31.10.2026 sein Mandat im Zuge eines vorausschauend gestaffelten Generationenwechsels im besten beiderseitigen Einvernehmen nieder und scheidet aus dem Vorstand ausClemens F\u00f6rst \u00fcbernimmt per 1. November 2026 die Position des Chief Financial Officer (CFO) der WALTER GROUP Holding AGDie vorausschauende Nachfolgeplanung und Vertragsverl\u00e4ngerung stehen f\u00fcr Kontinuit\u00e4t und eine langfristige strategische Ausrichtung der Gruppe<\/p>\n<p>Der Aufsichtsrat der WALTER GROUP Holding AG hat Clemens F\u00f6rst (50), bis April 2026 CEO und CFO der Rail Cargo Group, mit Wirkung zum 1. November 2026 zum Chief Financial Officer der Unternehmensgruppe ernannt. Er \u00fcbernimmt die Position von Christoph Pernsteiner, der nach 35 Jahren erfolgreicher Unternehmenszugeh\u00f6rigkeit, davon 22 Jahre als Finanzvorstand, sein Vorstandsmandat per 31.10.2026 vertragskonform niederlegt und damit den CFO-Generationswechsel ma\u00dfgeblich unterst\u00fctzt. Bis zur \u00dcbernahme des Mandats durch Clemens F\u00f6rst wird er weiterhin als Finanzvorstand der WALTER GROUP t\u00e4tig sein, und eine geordnete \u00dcbergabe der Verantwortung sicherstellen. Bereits zu einem fr\u00fcheren Zeitpunkt wurde der Vertrag von CEO Daniel Ritz bis 2030 verl\u00e4ngert.<\/p>\n<p>Mit der vorausschauenden Nachfolgeplanung und der Verl\u00e4ngerung des CEO-Mandats setzt die WALTER GROUP auf Kontinuit\u00e4t in der Unternehmensf\u00fchrung und eine nachhaltig orientierte Weiterentwicklung der Gruppe.<\/p>\n<p>\u201eChristoph Pernsteiner war \u00fcber 35 Jahre eine tragende S\u00e4ule der WALTER GROUP. Sein gro\u00dfes Engagement und sein pers\u00f6nlicher Einsatz waren im gesamten Unternehmen hoch angesehen. Ich danke ihm f\u00fcr seine jahrzehntelange, hervorragende Leistung und ganz besonders daf\u00fcr, dass er unsere vorausschauende Nachfolgeplanung von Beginn an aktiv und konstruktiv unterst\u00fctzt hat\u201c, sagt Christine Bernegger, Aufsichtsratsvorsitzende der WALTER GROUP Holding AG.<\/p>\n<p>\u201eEs freut mich sehr, dass wir Clemens F\u00f6rst f\u00fcr die Aufgabe als CFO der WALTER GROUP Holding AG gewinnen konnten. Mit seiner hohen fachlichen Kompetenz, seiner breit gef\u00e4cherten Erfahrung und nicht zuletzt mit seiner menschlichen Grundhaltung und seinen Werten, die f\u00fcr uns als Familienunternehmen von besonderer Bedeutung sind, wird er unser Vorstandsteam hervorragend erg\u00e4nzen. Daniel Ritz hat als CEO die letzten Jahre der WALTER GROUP ma\u00dfgeblich mitgestaltet und gepr\u00e4gt. Mit der Verl\u00e4ngerung seines Mandats best\u00e4tigt der Aufsichtsrat die strategische Weichenstellung f\u00fcr die nachhaltige Entwicklung der WALTER GROUP und setzt gleichzeitig auf Kontinuit\u00e4t in der Unternehmensf\u00fchrung\u201c, erg\u00e4nzt Christine Bernegger.<\/p>\n<p>\u201eIch habe die Zusammenarbeit mit Christoph Pernsteiner seit meinem Einstieg in die WALTER GROUP vor 3 Jahren menschlich und fachlich sehr gesch\u00e4tzt. F\u00fcr das erneute Vertrauen des Aufsichtsrats bedanke ich mich herzlich. Wir stehen vor wichtigen strategischen Aufgaben. Ich freue mich, die Zukunft der WALTER GROUP gemeinsam mit meinen Vorstandskollegen Clemens F\u00f6rst und Christian Bernegger sowie unseren \u00fcber 5.000 Mitarbeitenden zu gestalten\u201c, erg\u00e4nzt Daniel Ritz, CEO der WALTER GROUP Holding AG.<\/p>\n<p>\u201eDie WALTER GROUP ist f\u00fcr mich eine der gro\u00dfen unternehmerischen Erfolgsgeschichten \u00d6sterreichs \u2014 aus eigener Kraft organisch zu einem f\u00fchrenden Unternehmen in Europa gewachsen und bis heute ein managementgef\u00fchrtes Familienunternehmen. Gemeinsam mit meinen Vorstandskollegen und dem gesamten Team der Unternehmensgruppe will ich diese St\u00e4rke nicht nur erhalten, sondern gezielt einsetzen, um gerade in herausfordernden Zeiten Chancen zu erkennen und zu nutzen\u201c, sagt Clemens F\u00f6rst, designierter CFO der WALTER GROUP Holding AG.<\/p>\n<p>\u00dcber die WALTER GROUP<br \/>Die WALTER GROUP ist ein finanzstarker, \u00f6sterreichischer Privatkonzern mit einem vielseitigen Portfolio international t\u00e4tiger Unternehmen in den Bereichen Rauml\u00f6sungen (CONTAINEX), Transport (LKW WALTER), Leasing (WALTER LEASING), Immobilien (WALTER REAL ESTATE) und Ventures (WaVe-X). Mit \u00fcber 5.000 Mitarbeitenden aus mehr als 40 Nationen erwirtschaftete die Gruppe im Jahr 2025 einen Umsatz von 3,5 Mrd. Euro. Weitere Informationen: <a target=\"_blank\" rel=\"noopener noreferrer nofollow\" href=\"http:\/\/www.walter-group.com\">www.walter-group.com<\/a><\/p>\n<p>\u00dcber Clemens F\u00f6rst<br \/>Clemens F\u00f6rst (50) ist promovierter Physiker und kam \u00fcber McKinsey &amp; Company in die Transport- und Logistikbranche. Nach Stationen als Strategiechef der \u00d6BB-Holding sowie in Vorstands- und Gesch\u00e4ftsf\u00fchrungsfunktionen in der \u00d6BB-G\u00fcterverkehrssparte und bei der DB Cargo AG f\u00fchrte er ab 2017 als CEO und CFO die Rail Cargo Group, einen der f\u00fchrenden Bahnlogistiker Europas mit rund 2,1 Mrd. Euro Umsatz und 5.800 Mitarbeitern in Europa und China. F\u00f6rst ist Vater von drei Kindern und lebt in Wien.<\/p>\n<p>LinkedIn:<br \/>WALTER GROUP: <a target=\"_blank\" rel=\"noopener noreferrer nofollow\" href=\"https:\/\/www.linkedin.com\/company\/walter-group-at\/\"><a href=\"https:\/\/www.linkedin.com\/company\/walter-group-at\/\" target=\"_blank\" rel=\"noopener noreferrer nofollow\">https:\/\/www.linkedin.com\/company\/walter-group-at\/<\/a><br \/>Daniel Ritz: <a target=\"_blank\" rel=\"noopener noreferrer nofollow\" href=\"https:\/\/www.linkedin.com\/in\/daritz\/\"><a href=\"https:\/\/www.linkedin.com\/in\/daritz\/\" target=\"_blank\" rel=\"noopener noreferrer nofollow\">https:\/\/www.linkedin.com\/in\/daritz\/<\/a> <br \/>Clemens F\u00f6rst: <a target=\"_blank\" rel=\"noopener noreferrer nofollow\" href=\"https:\/\/www.linkedin.com\/in\/cfoerst\/\"><a href=\"https:\/\/www.linkedin.com\/in\/cfoerst\/\" target=\"_blank\" rel=\"noopener noreferrer nofollow\">https:\/\/www.linkedin.com\/in\/cfoerst\/<\/a> <\/p>\n","protected":false},"excerpt":{"rendered":"Der Vertrag von CEO Daniel Ritz wurde bis 2030 verl\u00e4ngertDer langj\u00e4hrige Finanzvorstand Christoph Pernsteiner legt per 31.10.2026 sein&hellip;\n","protected":false},"author":2,"featured_media":377452,"comment_status":"","ping_status":"","sticky":false,"template":"","format":"standard","meta":{"footnotes":"","_share_on_mastodon":"0"},"categories":[14],"tags":[26393,26395,46,42,6352,95,90,89,20462,91,94,44,26394,3098,93,92,255,877],"class_list":["post-377451","post","type-post","status-publish","format-standard","has-post-thumbnail","category-unternehmen-maerkte","tag-apa","tag-apa-ots","tag-at","tag-austria","tag-bild","tag-business","tag-companies","tag-companies-markets","tag-karriere","tag-markets","tag-maerkte","tag-oesterreich","tag-ots","tag-personalia","tag-unternehmen","tag-unternehmen-maerkte","tag-wirtschaft","tag-wirtschaft-und-finanzen"],"share_on_mastodon":{"url":"https:\/\/pubeurope.com\/@at\/117219534206286767","error":""},"_links":{"self":[{"href":"https:\/\/www.europesays.com\/at\/wp-json\/wp\/v2\/posts\/377451","targetHints":{"allow":["GET"]}}],"collection":[{"href":"https:\/\/www.europesays.com\/at\/wp-json\/wp\/v2\/posts"}],"about":[{"href":"https:\/\/www.europesays.com\/at\/wp-json\/wp\/v2\/types\/post"}],"author":[{"embeddable":true,"href":"https:\/\/www.europesays.com\/at\/wp-json\/wp\/v2\/users\/2"}],"replies":[{"embeddable":true,"href":"https:\/\/www.europesays.com\/at\/wp-json\/wp\/v2\/comments?post=377451"}],"version-history":[{"count":0,"href":"https:\/\/www.europesays.com\/at\/wp-json\/wp\/v2\/posts\/377451\/revisions"}],"wp:featuredmedia":[{"embeddable":true,"href":"https:\/\/www.europesays.com\/at\/wp-json\/wp\/v2\/media\/377452"}],"wp:attachment":[{"href":"https:\/\/www.europesays.com\/at\/wp-json\/wp\/v2\/media?parent=377451"}],"wp:term":[{"taxonomy":"category","embeddable":true,"href":"https:\/\/www.europesays.com\/at\/wp-json\/wp\/v2\/categories?post=377451"},{"taxonomy":"post_tag","embeddable":true,"href":"https:\/\/www.europesays.com\/at\/wp-json\/wp\/v2\/tags?post=377451"}],"curies":[{"name":"wp","href":"https:\/\/api.w.org\/{rel}","templated":true}]}}