{"id":377551,"date":"2026-09-05T18:29:08","date_gmt":"2026-09-05T18:29:08","guid":{"rendered":"https:\/\/www.europesays.com\/at\/377551\/"},"modified":"2026-09-05T18:29:08","modified_gmt":"2026-09-05T18:29:08","slug":"gemeinsame-erklaerung-der-zehn-islamischen-kultusgemeinden-zur-aussage-von-bundesministerin-claudia-bauer","status":"publish","type":"post","link":"https:\/\/www.europesays.com\/at\/377551\/","title":{"rendered":"Gemeinsame Erkl\u00e4rung der zehn islamischen Kultusgemeinden zur Aussage von Bundesministerin Claudia Bauer"},"content":{"rendered":"<p>Wien (OTS) &#8211;\u00a0<\/p>\n<p>Die zehn islamischen Kultusgemeinden unter dem Dach der Islamischen Glaubensgemeinschaft in \u00d6sterreich (IGG\u00d6) weisen die Aussage von Bundesministerin Claudia Bauer, es sei \u201enicht auszuschlie\u00dfen\u201c, dass ein Verbot des sog. \u201epolitischen Islam\u201c Auswirkungen auf die IGG\u00d6 h\u00e4tte, entschieden zur\u00fcck.<\/p>\n<p>Wir stellen uns geschlossen hinter die IGG\u00d6 und ihre Stellungnahme. Die IGG\u00d6 und ihre Kultusgemeinden sind gesetzlich anerkannte K\u00f6rperschaften \u00f6ffentlichen Rechts. Ihre Strukturen unterliegen dem Islamgesetz 2015 sowie der staatlichen Aufsicht. Wenn konkrete Verst\u00f6\u00dfe oder Gefahren vorliegen, stehen den zust\u00e4ndigen Beh\u00f6rden rechtsstaatliche Mittel und Verfahren zur Verf\u00fcgung.<\/p>\n<p>Pauschale Verd\u00e4chtigungen gegen die Strukturen der islamischen Glaubensgemeinschaft weisen wir daher zur\u00fcck. Wer von einer angeblichen Radikalisierung spricht, muss konkrete Fakten und \u00fcberpr\u00fcfbare F\u00e4lle benennen. Eine gesetzlich anerkannte Religionsgesellschaft, die die offizielle Vertretung der Musliminnen und Muslime in \u00d6sterreich ist, ohne konkrete Belege in die N\u00e4he eines Verbots zu r\u00fccken, wird dem Anspruch eines Rechtsstaates nicht gerecht.<\/p>\n<p>Gleichzeitig bekennen wir uns klar zum gemeinsamen Kampf gegen Extremismus und Radikalisierung. Unsere Kultusgemeinden mit \u00fcber 300 Moscheen \u00f6sterreichweit arbeiten mit staatlichen Stellen zusammen und leisten seit Jahren einen aktiven Beitrag zu Pr\u00e4vention, Imame-Fortbildung und gesellschaftlichem Zusammenhalt.<\/p>\n<p>Wir stehen zur Verfassung, zum Rechtsstaat und zu einem sachlichen Dialog. Aber wir erwarten denselben Respekt auch gegen\u00fcber der gesetzlich anerkannten islamischen Glaubensgemeinschaft. Die zehn islamischen Kultusgemeinden stehen geschlossen hinter der IGG\u00d6.<\/p>\n<p>Unterzeichnende Kultusgemeinden:<\/p>\n<p>1. Albanische Kultusgemeinde<\/p>\n<p>2. Arabische Kultusgemeinde<\/p>\n<p>3. Asiatische Kultusgemeinde<\/p>\n<p>4. Bosniakische Kultusgemeinde<\/p>\n<p>5. Kultusgemeinde der Islamischen Sufi-Gemeinschaft<\/p>\n<p>6. Kultusgemeinde Hilal<\/p>\n<p>7. Kultusgemeinde Islamische F\u00f6deration<\/p>\n<p>8. Kultusgemeinde Multikultureller Moscheeeinrichtungen<\/p>\n<p>9. Kultusgemeinde Union der Islamischen Kulturzentren<\/p>\n<p>10. T\u00fcrkisch-Muslimische Kultusgemeinde<\/p>\n<p _ngcontent-ng-c2115416006=\"\"> OTS-ORIGINALTEXT PRESSEAUSSENDUNG UNTER AUSSCHLIESSLICHER<br \/>\nINHALTLICHER VERANTWORTUNG DES AUSSENDERS &#8211; WWW.OTS.AT | ISL<\/p>\n","protected":false},"excerpt":{"rendered":"Wien (OTS) &#8211;\u00a0 Die zehn islamischen Kultusgemeinden unter dem Dach der Islamischen Glaubensgemeinschaft in \u00d6sterreich (IGG\u00d6) weisen die&hellip;\n","protected":false},"author":2,"featured_media":377552,"comment_status":"","ping_status":"","sticky":false,"template":"","format":"standard","meta":{"footnotes":"","_share_on_mastodon":"0"},"categories":[6],"tags":[26393,26395,46,42,13018,44,26394,269,1451,84636,43,45],"class_list":["post-377551","post","type-post","status-publish","format-standard","has-post-thumbnail","category-oesterreich","tag-apa","tag-apa-ots","tag-at","tag-austria","tag-diskriminierung","tag-oesterreich","tag-ots","tag-politik","tag-religion","tag-religioese-einrichtungen","tag-republic-of-austria","tag-republik-oesterreich"],"share_on_mastodon":{"url":"https:\/\/pubeurope.com\/@at\/117219856656271735","error":""},"_links":{"self":[{"href":"https:\/\/www.europesays.com\/at\/wp-json\/wp\/v2\/posts\/377551","targetHints":{"allow":["GET"]}}],"collection":[{"href":"https:\/\/www.europesays.com\/at\/wp-json\/wp\/v2\/posts"}],"about":[{"href":"https:\/\/www.europesays.com\/at\/wp-json\/wp\/v2\/types\/post"}],"author":[{"embeddable":true,"href":"https:\/\/www.europesays.com\/at\/wp-json\/wp\/v2\/users\/2"}],"replies":[{"embeddable":true,"href":"https:\/\/www.europesays.com\/at\/wp-json\/wp\/v2\/comments?post=377551"}],"version-history":[{"count":0,"href":"https:\/\/www.europesays.com\/at\/wp-json\/wp\/v2\/posts\/377551\/revisions"}],"wp:featuredmedia":[{"embeddable":true,"href":"https:\/\/www.europesays.com\/at\/wp-json\/wp\/v2\/media\/377552"}],"wp:attachment":[{"href":"https:\/\/www.europesays.com\/at\/wp-json\/wp\/v2\/media?parent=377551"}],"wp:term":[{"taxonomy":"category","embeddable":true,"href":"https:\/\/www.europesays.com\/at\/wp-json\/wp\/v2\/categories?post=377551"},{"taxonomy":"post_tag","embeddable":true,"href":"https:\/\/www.europesays.com\/at\/wp-json\/wp\/v2\/tags?post=377551"}],"curies":[{"name":"wp","href":"https:\/\/api.w.org\/{rel}","templated":true}]}}