{"id":377557,"date":"2026-09-05T18:33:20","date_gmt":"2026-09-05T18:33:20","guid":{"rendered":"https:\/\/www.europesays.com\/at\/377557\/"},"modified":"2026-09-05T18:33:20","modified_gmt":"2026-09-05T18:33:20","slug":"klassische-klangwolke-eroeffnet-brucknerfest-linz-2026","status":"publish","type":"post","link":"https:\/\/www.europesays.com\/at\/377557\/","title":{"rendered":"Klassische Klangwolke er\u00f6ffnet Brucknerfest Linz 2026"},"content":{"rendered":"<p>Mit dem traditionellen Konzert an Bruckners Geburtstag, dem 4. September, hat am Freitag im Linzer Brucknerhaus der Veranstaltungsreigen des Brucknerfestes Linz 2026 begonnen. Zu Anton Bruckners 202. Ehrentag waren mit Stardirigent Riccardo Chailly und seiner Filarmonica della Scala internationale Gr\u00f6\u00dfen der klassischen Musikwelt angereist. Dem Anlass entsprechend wurde das Konzert live aus dem Gro\u00dfen Saal des Brucknerhauses in den benachbarten Donaupark \u00fcbertragen.<\/p>\n<p>Auf dem Programm der &#8222;Klassischen Klangwolke&#8220; stand zwar kein Werk Bruckners, Pjotr Iljitsch Tschaikowskis Symphonie Nr. 4 f-Moll op. 36 entstand jedoch 1877 zeitgleich mit Bruckners &#8222;Vierter&#8220;. Tschaikowskis Vierte gilt in der Musikwelt als seine &#8222;Schicksalssinfonie&#8220;. Das Fanfarenmotiv der ersten Takte zieht sich wie ein roter Faden durch das Werk. Dank des melodischen Reichtums zwischen zarter Lyrik und dann wieder etwas l\u00e4rmender Instrumentation erwies sich die Sinfonie als ideal f\u00fcr eine &#8222;Klangwolke&#8220; im Freien. Chailly und seine Mail\u00e4nder &#8222;Filarmonica&#8220; wurden vom Saalpublikum dementsprechend umjubelt.<\/p>\n<p>Diesem Hauptwerk des Abends wurden zwei Kompositionen von Sergei Rachmaninoff vorangestellt: die kurze symphonische Dichtung op. 7 &#8222;Der Fels&#8220; und sein Konzert f\u00fcr Klavier und Orchester Nr. 4 g-Moll op. 40. Das vor exakt 100 Jahren nach Rachmaninoffs Emigration in die USA komponierte Werk verbindet romantische Tradition mit Offenheit f\u00fcr die amerikanische Moderne dieser Zeit. Der russische, in Berlin lebende Pianist Alexander Malofeev wurde dem durchaus schwierigen Aufbau des Klavierparts faszinierend gerecht. Der 25-J\u00e4hrige hat bereits mit 13 Jahren den renommierten Tschaikowski-Wettbewerb gewonnen.<\/p>\n<p>Kinder-Klangwolke am Mittwoch<\/p>\n<p>Das Internationale Brucknerfest Linz wird dann am Sonntag in einer Woche (13. September) offiziell er\u00f6ffnet. Davor steigen am Sonntagnachmittag (6. September) eine eigene Kinder-Klangwolke und am Samstag (12. September), die von Felix Breisach gestaltete visualisierte Linzer Klangwolke unter dem Titel &#8222;ATTheEndLinz&#8220; im Donaupark auf.<\/p>\n<p>(Von Wolfgang Katzb\u00f6ck\/APA)<\/p>\n<p>(S E R V I C E \u2013 www.brucknerhaus.at )<\/p>\n","protected":false},"excerpt":{"rendered":"Mit dem traditionellen Konzert an Bruckners Geburtstag, dem 4. September, hat am Freitag im Linzer Brucknerhaus der Veranstaltungsreigen&hellip;\n","protected":false},"author":2,"featured_media":377558,"comment_status":"","ping_status":"","sticky":false,"template":"","format":"standard","meta":{"footnotes":"","_share_on_mastodon":"0"},"categories":[30],"tags":[46,42,3097,4556,786,1482,1132,184,276,44],"class_list":["post-377557","post","type-post","status-publish","format-standard","has-post-thumbnail","category-linz","tag-at","tag-austria","tag-festival","tag-klassische-musik","tag-konzert","tag-kritik","tag-kultur","tag-linz","tag-oberoesterreich","tag-oesterreich"],"share_on_mastodon":{"url":"https:\/\/pubeurope.com\/@at\/117219872108753648","error":""},"_links":{"self":[{"href":"https:\/\/www.europesays.com\/at\/wp-json\/wp\/v2\/posts\/377557","targetHints":{"allow":["GET"]}}],"collection":[{"href":"https:\/\/www.europesays.com\/at\/wp-json\/wp\/v2\/posts"}],"about":[{"href":"https:\/\/www.europesays.com\/at\/wp-json\/wp\/v2\/types\/post"}],"author":[{"embeddable":true,"href":"https:\/\/www.europesays.com\/at\/wp-json\/wp\/v2\/users\/2"}],"replies":[{"embeddable":true,"href":"https:\/\/www.europesays.com\/at\/wp-json\/wp\/v2\/comments?post=377557"}],"version-history":[{"count":0,"href":"https:\/\/www.europesays.com\/at\/wp-json\/wp\/v2\/posts\/377557\/revisions"}],"wp:featuredmedia":[{"embeddable":true,"href":"https:\/\/www.europesays.com\/at\/wp-json\/wp\/v2\/media\/377558"}],"wp:attachment":[{"href":"https:\/\/www.europesays.com\/at\/wp-json\/wp\/v2\/media?parent=377557"}],"wp:term":[{"taxonomy":"category","embeddable":true,"href":"https:\/\/www.europesays.com\/at\/wp-json\/wp\/v2\/categories?post=377557"},{"taxonomy":"post_tag","embeddable":true,"href":"https:\/\/www.europesays.com\/at\/wp-json\/wp\/v2\/tags?post=377557"}],"curies":[{"name":"wp","href":"https:\/\/api.w.org\/{rel}","templated":true}]}}