{"id":377615,"date":"2026-09-05T19:44:21","date_gmt":"2026-09-05T19:44:21","guid":{"rendered":"https:\/\/www.europesays.com\/at\/377615\/"},"modified":"2026-09-05T19:44:21","modified_gmt":"2026-09-05T19:44:21","slug":"vermummte-legen-hafen-im-suedenglischen-dover-lahm","status":"publish","type":"post","link":"https:\/\/www.europesays.com\/at\/377615\/","title":{"rendered":"Vermummte legen Hafen im s\u00fcdenglischen Dover lahm"},"content":{"rendered":"<p>            <img loading=\"lazy\" decoding=\"async\" class=\"ts-image\" src=\"https:\/\/www.europesays.com\/at\/wp-content\/uploads\/2026\/09\/sendungsbild-1791198.jpg\" alt=\"Sendungsbild\" title=\"Sendungsbild | ARD-aktuell\"\/><\/p>\n<p class=\"metatextline\">Stand: 05.09.2026 \u2022 16:42 Uhr<\/p>\n<p class=\"article-head__shorttext\">\n        Mit Sturmhauben maskierte Personen haben zeitweise den Verkehr im s\u00fcdenglischen Hafen von Dover lahmgelegt. Offenbar handelte es sich um eine Protestaktion gegen Migranten, die regelm\u00e4\u00dfig in Schlauchbooten an der britischen K\u00fcste ankommen.\n    <\/p>\n<p class=\"textabsatz m-ten m-offset-one l-eight l-offset-two columns twelve\">Dutzende vermummte Personen haben die Zufahrt zum Hafen von Dover in S\u00fcdengland blockiert. Die Polizei best\u00e4tigte auf der Plattform X eine Protestveranstaltung.<\/p>\n<p class=\"textabsatz m-ten m-offset-one l-eight l-offset-two columns twelve\">Auf Fotos und Videos waren schwarz gekleidete Menschen mit Sturmhauben auf dem Kopf zu sehen. Laut BBC skandierten sie &#8222;Stop the boats&#8220; (Stoppt die Boote). Das d\u00fcrfte sich auf Migranten beziehen, die seit Jahren von Frankreich aus an der S\u00fcdk\u00fcste Gro\u00dfbritanniens ankommen, oft in \u00fcberf\u00fcllten Schlauchbooten.<\/p>\n<p class=\"textabsatz m-ten m-offset-one l-eight l-offset-two columns twelve\">Laut BBC lag die Zahl der Ank\u00fcnfte in diesem Jahr bis zum 1. September bei 16.513 &#8211; etwa 43 Prozent weniger als im gleichen Zeitraum des Vorjahres.<\/p>\n<p>    Alle Zu- und Abfahrten im Hafen gestoppt<\/p>\n<p class=\"textabsatz m-ten m-offset-one l-eight l-offset-two columns twelve\">Ein Regierungssprecher kritisierte den Protest. &#8222;Das Recht auf friedlichen Protest ist ein grundlegender Bestandteil unserer Demokratie, doch wir verurteilen das Verhalten in Dover und die dadurch verursachten Verkehrsbehinderungen&#8220;, sagte er der Nachrichtenagentur PA zufolge. Ein Kommunalpolitiker erkl\u00e4rte, es handle sich offenbar um eine koordinierte Gruppe mit mehreren Hundert maskierten M\u00e4nnern, die sich &#8222;\u00e4u\u00dferst einsch\u00fcchternd&#8220; verhielten.<\/p>\n<p class=\"textabsatz m-ten m-offset-one l-eight l-offset-two columns twelve\">Schon fr\u00fcher hatte es in Dover Proteste gegen irregul\u00e4re Migration gegeben. Der Hafen best\u00e4tigte am Morgen auf X, dass wegen der aktuellen Aktion alle Zu- und Abfahrten vor\u00fcbergehend gestoppt wurden. Am fr\u00fchen Nachmittag folgte eine Entwarnung. Der Verkehr flie\u00dfe wieder ungehindert, hie\u00df es. Dover ist der verkehrsreichste internationale F\u00e4hr- und Passagierhafen des Vereinigten K\u00f6nigreichs.<\/p>\n","protected":false},"excerpt":{"rendered":"Stand: 05.09.2026 \u2022 16:42 Uhr Mit Sturmhauben maskierte Personen haben zeitweise den Verkehr im s\u00fcdenglischen Hafen von Dover&hellip;\n","protected":false},"author":2,"featured_media":377616,"comment_status":"","ping_status":"","sticky":false,"template":"","format":"standard","meta":{"footnotes":"","_share_on_mastodon":"0"},"categories":[12],"tags":[22332,94295,1796,40,41,39,66,65,64],"class_list":["post-377615","post","type-post","status-publish","format-standard","has-post-thumbnail","category-welt","tag-blockade","tag-dover","tag-hafen","tag-nachrichten","tag-news","tag-schlagzeilen","tag-welt","tag-world","tag-world-news"],"share_on_mastodon":{"url":"https:\/\/pubeurope.com\/@at\/117220151835635001","error":""},"_links":{"self":[{"href":"https:\/\/www.europesays.com\/at\/wp-json\/wp\/v2\/posts\/377615","targetHints":{"allow":["GET"]}}],"collection":[{"href":"https:\/\/www.europesays.com\/at\/wp-json\/wp\/v2\/posts"}],"about":[{"href":"https:\/\/www.europesays.com\/at\/wp-json\/wp\/v2\/types\/post"}],"author":[{"embeddable":true,"href":"https:\/\/www.europesays.com\/at\/wp-json\/wp\/v2\/users\/2"}],"replies":[{"embeddable":true,"href":"https:\/\/www.europesays.com\/at\/wp-json\/wp\/v2\/comments?post=377615"}],"version-history":[{"count":0,"href":"https:\/\/www.europesays.com\/at\/wp-json\/wp\/v2\/posts\/377615\/revisions"}],"wp:featuredmedia":[{"embeddable":true,"href":"https:\/\/www.europesays.com\/at\/wp-json\/wp\/v2\/media\/377616"}],"wp:attachment":[{"href":"https:\/\/www.europesays.com\/at\/wp-json\/wp\/v2\/media?parent=377615"}],"wp:term":[{"taxonomy":"category","embeddable":true,"href":"https:\/\/www.europesays.com\/at\/wp-json\/wp\/v2\/categories?post=377615"},{"taxonomy":"post_tag","embeddable":true,"href":"https:\/\/www.europesays.com\/at\/wp-json\/wp\/v2\/tags?post=377615"}],"curies":[{"name":"wp","href":"https:\/\/api.w.org\/{rel}","templated":true}]}}