{"id":377693,"date":"2026-09-05T20:52:11","date_gmt":"2026-09-05T20:52:11","guid":{"rendered":"https:\/\/www.europesays.com\/at\/377693\/"},"modified":"2026-09-05T20:52:11","modified_gmt":"2026-09-05T20:52:11","slug":"in-der-praxis-bleibt-alles-strikt-getrennt-partyschlager-saenger-tobee-im-interview-kusel","status":"publish","type":"post","link":"https:\/\/www.europesays.com\/at\/377693\/","title":{"rendered":"\u201eIn der Praxis bleibt alles strikt getrennt\u201c: Partyschlager-S\u00e4nger Tobee im Interview &#8211; Kusel"},"content":{"rendered":"<p class=\"rhp-dpa-teaser\">Tobee sorgte am Freitag in Kusel f\u00fcr Stimmung. Im RHEINPFALZ-Interview spricht der S\u00e4nger und Zahnarzt \u00fcber seinen Alltag zwischen zwei v\u00f6llig unterschiedlichen Welten.<\/p>\n<p>Zun\u00e4chst mal: Wie m\u00f6chten Sie angesprochen werden \u2013 als Tobee oder Herr Dr. Tobias Riether?<\/p>\n<p>Um Gottes Willen, nat\u00fcrlich Tobee! (lacht)<\/p>\n<p>Ich frage deshalb, weil Sie nicht nur unter Ihrem K\u00fcnstlernamen Tobee beruflich unterwegs sind. Seit 2020 f\u00fchren Sie eine Zahnarztpraxis in der N\u00e4he von <\/p>\n<p class=\"rhp-teaser\">Tobee sorgte am Freitag in Kusel f\u00fcr Stimmung. Im RHEINPFALZ-Interview spricht der S\u00e4nger und Zahnarzt \u00fcber seinen Alltag zwischen zwei v\u00f6llig unterschiedlichen Welten.<\/p>\n","protected":false},"excerpt":{"rendered":"Tobee sorgte am Freitag in Kusel f\u00fcr Stimmung. Im RHEINPFALZ-Interview spricht der S\u00e4nger und Zahnarzt \u00fcber seinen Alltag&hellip;\n","protected":false},"author":2,"featured_media":377694,"comment_status":"","ping_status":"","sticky":false,"template":"","format":"standard","meta":{"footnotes":"","_share_on_mastodon":"0"},"categories":[24],"tags":[46,42,147,86004,3950,153,154,44,1398,94325,148,44677],"class_list":["post-377693","post","type-post","status-publish","format-standard","has-post-thumbnail","category-musik","tag-at","tag-austria","tag-entertainment","tag-kusel","tag-mallorca","tag-music","tag-musik","tag-oesterreich","tag-stuttgart","tag-tobias-riether","tag-unterhaltung","tag-web"],"share_on_mastodon":{"url":"https:\/\/pubeurope.com\/@at\/117220418876839110","error":""},"_links":{"self":[{"href":"https:\/\/www.europesays.com\/at\/wp-json\/wp\/v2\/posts\/377693","targetHints":{"allow":["GET"]}}],"collection":[{"href":"https:\/\/www.europesays.com\/at\/wp-json\/wp\/v2\/posts"}],"about":[{"href":"https:\/\/www.europesays.com\/at\/wp-json\/wp\/v2\/types\/post"}],"author":[{"embeddable":true,"href":"https:\/\/www.europesays.com\/at\/wp-json\/wp\/v2\/users\/2"}],"replies":[{"embeddable":true,"href":"https:\/\/www.europesays.com\/at\/wp-json\/wp\/v2\/comments?post=377693"}],"version-history":[{"count":0,"href":"https:\/\/www.europesays.com\/at\/wp-json\/wp\/v2\/posts\/377693\/revisions"}],"wp:featuredmedia":[{"embeddable":true,"href":"https:\/\/www.europesays.com\/at\/wp-json\/wp\/v2\/media\/377694"}],"wp:attachment":[{"href":"https:\/\/www.europesays.com\/at\/wp-json\/wp\/v2\/media?parent=377693"}],"wp:term":[{"taxonomy":"category","embeddable":true,"href":"https:\/\/www.europesays.com\/at\/wp-json\/wp\/v2\/categories?post=377693"},{"taxonomy":"post_tag","embeddable":true,"href":"https:\/\/www.europesays.com\/at\/wp-json\/wp\/v2\/tags?post=377693"}],"curies":[{"name":"wp","href":"https:\/\/api.w.org\/{rel}","templated":true}]}}