{"id":377719,"date":"2026-09-05T21:11:08","date_gmt":"2026-09-05T21:11:08","guid":{"rendered":"https:\/\/www.europesays.com\/at\/377719\/"},"modified":"2026-09-05T21:11:08","modified_gmt":"2026-09-05T21:11:08","slug":"nach-neun-kindern-menowin-froehlich-schliesst-weiteren-nachwuchs-nicht-aus","status":"publish","type":"post","link":"https:\/\/www.europesays.com\/at\/377719\/","title":{"rendered":"Nach neun Kindern &#8211; Menowin Fr\u00f6hlich schlie\u00dft weiteren Nachwuchs nicht aus"},"content":{"rendered":"<p class=\"mb-4 text-lg md:leading-8 break-words\">F\u00fcr seine j\u00fcngste Tochter hat <a data-ylk=\"slk:Menowin Fr\u00f6hlich;elm:context_link;itc:0;sec:content-canvas;\" data-yga=\"{&quot;yLinkElement&quot;:&quot;link&quot;,&quot;yLinkElementType&quot;:&quot;article_link&quot;}\" href=\"https:\/\/www.bunte.de\/starprofile\/menowin-froehlich.html\" rel=\"noopener noreferrer nofollow\" target=\"_blank\">Menowin Fr\u00f6hlich<\/a> (39) eine besondere Zeremonie organisiert: Mavie-Soleyn wurde feierlich eingesegnet. Wie \u201e<a data-ylk=\"slk:Bild;elm:context_link;itc:0;sec:content-canvas;\" data-yga=\"{&quot;yLinkElement&quot;:&quot;link&quot;,&quot;yLinkElementType&quot;:&quot;article_link&quot;}\" href=\"https:\/\/www.bild.de\/unterhaltung\/stars-und-leute\/menowin-froehlich-laesst-baby-segnenund-schliesst-mehr-kinder-nicht-aus-unglaublich-dankbar-6a9ad149dde98c9236181ea2\" rel=\"noopener noreferrer nofollow\" target=\"_blank\">Bild<\/a>&#8220; berichtet, fand die Zeremonie am Freitag (4. September) in einer Kirche in W\u00fcrzburg statt. F\u00fcr den DSDS-Sieger gab es an diesem Tag gleich doppelten Grund zur Freude, denn er feierte zugleich seinen 39. Geburtstag.<\/p>\n<p class=\"mb-4 text-lg md:leading-8 break-words\">Der besondere Tag bot dem S\u00e4nger auch Gelegenheit, auf die vergangenen Wochen und die Ver\u00e4nderungen in seiner gro\u00dfen Familie zur\u00fcckzublicken. Denn seit der <a data-ylk=\"slk:Geburt seiner j\u00fcngsten Tochter;elm:context_link;itc:0;sec:content-canvas;\" data-yga=\"{&quot;yLinkElement&quot;:&quot;link&quot;,&quot;yLinkElementType&quot;:&quot;article_link&quot;}\" href=\"https:\/\/www.bunte.de\/stars\/dsds-star-menowin-froehlich-ist-zum-neunten-mal-vater-geworden_35a1526f-091f-4df7-9a25-47e4bf50f72a.html\" rel=\"noopener noreferrer nofollow\" target=\"_blank\">Geburt seiner j\u00fcngsten Tochter<\/a> dreht sich im Hause Fr\u00f6hlich vieles um das neue Familienmitglied. \u201eNat\u00fcrlich ver\u00e4ndert ein Baby das komplette Familienleben&#8220;, erkl\u00e4rt Menowin Fr\u00f6hlich gegen\u00fcber \u201eBild&#8220;.<\/p>\n<p>Menowin Fr\u00f6hlich ist Vater von neun Kindern \u2013 und schlie\u00dft weitere nicht aus<\/p>\n<p class=\"mb-4 text-lg md:leading-8 break-words\">\u201eDer Tagesablauf wird anders, man schl\u00e4ft weniger und pl\u00f6tzlich dreht sich vieles um dieses kleine Wesen. Mavie-Soleyn geht es gut, und wir sind unglaublich dankbar, dass sie bei uns ist. Wenn ich meine Tochter anschaue, merke ich immer wieder, wie kostbar das Leben und wie wichtig Familie ist&#8220;, verr\u00e4t er.<\/p>\n<p class=\"mb-4 text-lg md:leading-8 break-words\">Mit der Geburt von Mavie-Soleyn ist <a data-ylk=\"slk:Menowin Fr\u00f6hlich, der in die DSDS-Jury will;elm:context_link;itc:0;sec:content-canvas;\" data-yga=\"{&quot;yLinkElement&quot;:&quot;link&quot;,&quot;yLinkElementType&quot;:&quot;article_link&quot;}\" href=\"https:\/\/www.bunte.de\/stars\/nach-dsds-triumph-menowin-froehlich-will-in-die-jury-von-deutschland-sucht-den-superstar_d34bb9f8-1c1a-4acb-b56e-300e988f12ca.html\" rel=\"noopener noreferrer nofollow\" target=\"_blank\">Menowin Fr\u00f6hlich, der in die DSDS-Jury will<\/a>, mittlerweile Vater von neun Kindern. Seine Familie ist durch Kinder aus fr\u00fcheren Beziehungen entsprechend gro\u00df. Und offenbar ist die Familienplanung noch nicht endg\u00fcltig abgeschlossen. \u201eOb irgendwann noch weitere Kinder dazukommen, m\u00f6chte ich nicht kategorisch ausschlie\u00dfen&#8220;, erkl\u00e4rt der S\u00e4nger.<\/p>\n<p>Nach DSDS-Sieg: Menowin Fr\u00f6hlich arbeitet an Schlager-Karriere<\/p>\n<p class=\"mb-4 text-lg md:leading-8 break-words\">Neben dem privaten Gl\u00fcck treibt Menowin Fr\u00f6hlich seine Schlager-Karriere weiter voran und arbeitet intensiv an neuen Songs. \u201eNach einem DSDS-Sieg stehen dir nicht automatisch alle T\u00fcren offen. Du gewinnst einen Wettbewerb \u2013 aber danach beginnt die eigentliche Arbeit&#8220;, erkl\u00e4rt er.<\/p>\n<p class=\"mb-4 text-lg md:leading-8 break-words\">Er verspricht seinen Fans eine musikalische \u00dcberraschung, mit der in dieser Form kaum jemand rechnen d\u00fcrfte: \u201eMusikalisch wird es etwas geben, womit viele nicht rechnen.&#8220;<\/p>\n<p class=\"mb-4 text-lg md:leading-8 break-words\">\u00dcbrigens: <a data-ylk=\"slk:Nach dem DSDS-Finale rechnete Menowin Fr\u00f6hlich ab;elm:context_link;itc:0;sec:content-canvas;\" data-yga=\"{&quot;yLinkElement&quot;:&quot;link&quot;,&quot;yLinkElementType&quot;:&quot;article_link&quot;}\" href=\"https:\/\/www.bunte.de\/stars\/star-news\/bunte-de-exklusiv-menowins-bittere-abrechnung-mit-pietro-lombardi_3bfe11f4-4bd2-4637-97df-95855038e064.html\" rel=\"noopener noreferrer nofollow\" target=\"_blank\">Nach dem DSDS-Finale rechnete Menowin Fr\u00f6hlich ab<\/a> \u2013 ausgerechnet mit Juror Pietro Lombardi.<\/p>\n","protected":false},"excerpt":{"rendered":"F\u00fcr seine j\u00fcngste Tochter hat Menowin Fr\u00f6hlich (39) eine besondere Zeremonie organisiert: Mavie-Soleyn wurde feierlich eingesegnet. Wie \u201eBild&#8220;&hellip;\n","protected":false},"author":2,"featured_media":377720,"comment_status":"","ping_status":"","sticky":false,"template":"","format":"standard","meta":{"footnotes":"","_share_on_mastodon":"0"},"categories":[24],"tags":[46,42,147,38185,153,154,44,148],"class_list":["post-377719","post","type-post","status-publish","format-standard","has-post-thumbnail","category-musik","tag-at","tag-austria","tag-entertainment","tag-menowin-froehlich","tag-music","tag-musik","tag-oesterreich","tag-unterhaltung"],"share_on_mastodon":{"url":"https:\/\/pubeurope.com\/@at\/117220493321419118","error":""},"_links":{"self":[{"href":"https:\/\/www.europesays.com\/at\/wp-json\/wp\/v2\/posts\/377719","targetHints":{"allow":["GET"]}}],"collection":[{"href":"https:\/\/www.europesays.com\/at\/wp-json\/wp\/v2\/posts"}],"about":[{"href":"https:\/\/www.europesays.com\/at\/wp-json\/wp\/v2\/types\/post"}],"author":[{"embeddable":true,"href":"https:\/\/www.europesays.com\/at\/wp-json\/wp\/v2\/users\/2"}],"replies":[{"embeddable":true,"href":"https:\/\/www.europesays.com\/at\/wp-json\/wp\/v2\/comments?post=377719"}],"version-history":[{"count":0,"href":"https:\/\/www.europesays.com\/at\/wp-json\/wp\/v2\/posts\/377719\/revisions"}],"wp:featuredmedia":[{"embeddable":true,"href":"https:\/\/www.europesays.com\/at\/wp-json\/wp\/v2\/media\/377720"}],"wp:attachment":[{"href":"https:\/\/www.europesays.com\/at\/wp-json\/wp\/v2\/media?parent=377719"}],"wp:term":[{"taxonomy":"category","embeddable":true,"href":"https:\/\/www.europesays.com\/at\/wp-json\/wp\/v2\/categories?post=377719"},{"taxonomy":"post_tag","embeddable":true,"href":"https:\/\/www.europesays.com\/at\/wp-json\/wp\/v2\/tags?post=377719"}],"curies":[{"name":"wp","href":"https:\/\/api.w.org\/{rel}","templated":true}]}}