{"id":377763,"date":"2026-09-05T21:52:17","date_gmt":"2026-09-05T21:52:17","guid":{"rendered":"https:\/\/www.europesays.com\/at\/377763\/"},"modified":"2026-09-05T21:52:17","modified_gmt":"2026-09-05T21:52:17","slug":"take-that-konzert-2027-in-waghaeusel-ticketvorverkauf-beginnt-am-4-september","status":"publish","type":"post","link":"https:\/\/www.europesays.com\/at\/377763\/","title":{"rendered":"Take That Konzert 2027 in Wagh\u00e4usel: Ticketvorverkauf beginnt am 4. September"},"content":{"rendered":"<p class=\"mb-6 text-xs-varying md:text-m lg:text-l font-serif group-[.font-sans]:font-sans \">\n    Take That, eine der bekanntesten Pop-Gruppierungen der Welt, macht auf ihrer Europatournee auch Halt in <a href=\"https:\/\/www.ka-news.de\/region\/bruchsal\/waghaeusel-wird-93-grosse-kreisstadt-im-land-art-1129189\" target=\"_self\" class=\"underline \" rel=\"nofollow noopener\">Wagh\u00e4usel<\/a>. Am 10. Juni 2027 werden sie vor der Eremitage in Wagh\u00e4usel, einem Jagdschl\u00f6sschen, auftreten.\n  <\/p>\n<p>    <img decoding=\"async\" src=\"https:\/\/www.europesays.com\/at\/wp-content\/uploads\/2026\/09\/eremitage-waghaeusel.jpg\" alt=\"Eremitage in Wagh\u00e4usel. (Archivbild)\" title=\"Eremitage in Wagh\u00e4usel. (Archivbild)\" loading=\"lazy\" class=\"h-full w-full object-cover\"\/><\/p>\n<p>      Icon vergr\u00f6\u00dfern<\/p>\n<p>    Eremitage in Wagh\u00e4usel. (Archivbild)<br \/>\n    Foto: Hajo Of<\/p>\n<p>        Schlie\u00dfen <\/p>\n<p>      Icon Schlie\u00dfen<\/p>\n<p>        Icon vergr\u00f6\u00dfern<\/p>\n<p>        Icon verkleinern<\/p>\n<p>      Icon Pfeil bewegen<\/p>\n<p>    Eremitage in Wagh\u00e4usel. (Archivbild)<br \/>\n    Foto: Hajo Of<\/p>\n<p>            Ticketverkauf startet am 4. September<\/p>\n<p class=\"mb-6 text-xs-varying md:text-m lg:text-l font-serif group-[.font-sans]:font-sans \">\n    Rund 12.000 Tickets werde es laut dem Veranstalter EB Festival geben. Am Freitag, 4. September, beginnt der Vorverkauf. Die Tickets sollen zwischen 97,99 Euro und 112,99 Euro kosten. Gegebenenfalls werden zus\u00e4tzlich VIP-Tickets angeboten. \u201eDie Preise sind also vergleichsweise g\u00fcnstig f\u00fcr internationale Acts in der Dimension\u201c, sagt Thomas Deters, Gesch\u00e4ftsf\u00fchrer von EB Festival auf Nachfrage der Redaktion am 31. August.\n  <\/p>\n<p>    <img decoding=\"async\" src=\"https:\/\/www.europesays.com\/at\/wp-content\/uploads\/2026\/09\/foto-sudkurier-13440158.jpg\" alt=\"Die Mitglieder der Band \u00abTake That\u00bb, Gary Barlow (l-r), Howard Donald und Mark Owen. (Archivbild)\" title=\"Die Mitglieder der Band \u00abTake That\u00bb, Gary Barlow (l-r), Howard Donald und Mark Owen. (Archivbild)\" loading=\"lazy\" class=\"h-full w-full object-cover\"\/><\/p>\n<p>      Icon vergr\u00f6\u00dfern<\/p>\n<p>    Die Mitglieder der Band \u00abTake That\u00bb, Gary Barlow (l-r), Howard Donald und Mark Owen. (Archivbild)<br \/>\n    Foto: dpa<\/p>\n<p>        Schlie\u00dfen <\/p>\n<p>      Icon Schlie\u00dfen<\/p>\n<p>        Icon vergr\u00f6\u00dfern<\/p>\n<p>        Icon verkleinern<\/p>\n<p>      Icon Pfeil bewegen<\/p>\n<p>    Die Mitglieder der Band \u00abTake That\u00bb, Gary Barlow (l-r), Howard Donald und Mark Owen. (Archivbild)<br \/>\n    Foto: dpa<\/p>\n<p>            Die neue Konzertstadt Wagh\u00e4usel?<\/p>\n<p class=\"mb-6 text-xs-varying md:text-m lg:text-l font-serif group-[.font-sans]:font-sans \">\n    Wird Wagh\u00e4usel nun zum Konzert-Hotspot? Laut Deters sprechen einige Gr\u00fcnde daf\u00fcr. \u201eDas Gel\u00e4nde vor der Eremitage ist wundersch\u00f6n\u201c, sagt er. Au\u00dferdem sei es sowohl mit dem Auto als auch mit der Bahn gut zu erreichen \u2013 ausreichend Parkpl\u00e4tze w\u00fcrden sich in unmittelbarer N\u00e4he zum Gel\u00e4nde befinden. Die Gesamtkapazit\u00e4t von 12.000 Besuchern sei ebenfalls praktisch. Zudem funktioniere die Zusammenarbeit mit allen Beteiligten vor Ort, wie Dienstleistern und Beh\u00f6rden, einwandfrei.\n  <\/p>\n<p>    <img decoding=\"async\" src=\"https:\/\/images.mgpd.de\/img\/109845454\/crop\/c16_9-w100\/903769420\/1545919960\/zuckersilos-waghaeusel.jpg\" alt=\"Eremitage in Wagh\u00e4usel. (Archivbild)\" title=\"Eremitage in Wagh\u00e4usel. (Archivbild)\" loading=\"lazy\" class=\"h-full w-full object-cover\"\/><\/p>\n<p>      Icon vergr\u00f6\u00dfern<\/p>\n<p>    Eremitage in Wagh\u00e4usel. (Archivbild)<br \/>\n    Foto: Hans-Joachim Of<\/p>\n<p>        Schlie\u00dfen <\/p>\n<p>      Icon Schlie\u00dfen<\/p>\n<p>        Icon vergr\u00f6\u00dfern<\/p>\n<p>        Icon verkleinern<\/p>\n<p>      Icon Pfeil bewegen<\/p>\n<p>    Eremitage in Wagh\u00e4usel. (Archivbild)<br \/>\n    Foto: Hans-Joachim Of<\/p>\n<p>            Veranstalter plant Ausbau des Standorts Wagh\u00e4usel<\/p>\n<p class=\"mb-6 text-xs-varying md:text-m lg:text-l font-serif group-[.font-sans]:font-sans \">\n    Die Nachfrage nach Konzerten am Standort scheint gro\u00df zu sein. Die Fantastischen Vier werden 2027 ebenfalls in Wagh\u00e4usel auftreten \u2013 die Tickets waren bereits ein Jahr im Voraus restlos ausverkauft. Und auch das Mallorcafestival sowie das Electrique Baroque werden j\u00e4hrlich gut besucht. <a href=\"https:\/\/www.ka-news.de\/karlsruhe\/freizeit-und-veranstaltungen\/neues-hip-hop-festival-superjam-bei-karlsruhe-line-up-tickets-infos-111374843\" target=\"_self\" class=\"underline \" rel=\"nofollow noopener\">2026 ist Sido bei dem Festival \u201eSuperjam\u201c in Wagh\u00e4usel aufgetreten.<\/a>\n  <\/p>\n<p class=\"mb-6 text-xs-varying md:text-m lg:text-l font-serif group-[.font-sans]:font-sans \">\n    Welche gro\u00dfen Namen in Zukunft noch in Wagh\u00e4usel auftreten sollen, verr\u00e4t Deters nicht. Den Standort wolle man allerdings nach und nach weiterentwickeln.\n  <\/p>\n<p class=\"mb-6 text-xs-varying md:text-m lg:text-l font-serif group-[.font-sans]:font-sans \">\n    Mit dem <a href=\"https:\/\/www.ka-news.de\/karlsruhe\/freizeit-und-veranstaltungen\/open-air-gelaende-peter-gross-bau-nach-ac-dc-wer-kommt-als-naechstes-21-8-25-110630152\" target=\"_self\" class=\"underline \" rel=\"nofollow noopener\">AC\/DC-Konzert in Karlsruhe im letzten Jahr<\/a> zeigte auch die F\u00e4cherstadt, dass sie gro\u00dfe Stars anziehen kann. <a href=\"https:\/\/www.ka-news.de\/karlsruhe\/freizeit-und-veranstaltungen\/nach-ac-dc-karlsruhe-als-konzertstadt-messe-chefin-verraet-neuste-plaene-30-9-25-110898125\" target=\"_self\" class=\"underline \" rel=\"nofollow noopener\">Weitere Events k\u00f6nnten bereits in Planung sein.<\/a>\n  <\/p>\n","protected":false},"excerpt":{"rendered":"Take That, eine der bekanntesten Pop-Gruppierungen der Welt, macht auf ihrer Europatournee auch Halt in Wagh\u00e4usel. Am 10.&hellip;\n","protected":false},"author":2,"featured_media":377764,"comment_status":"","ping_status":"","sticky":false,"template":"","format":"standard","meta":{"footnotes":"","_share_on_mastodon":"0"},"categories":[24],"tags":[35087,46,42,4283,147,48350,94332,11853,153,154,44,94331,19524,74014,148,67597],"class_list":["post-377763","post","type-post","status-publish","format-standard","has-post-thumbnail","category-musik","tag-ac-dc","tag-at","tag-austria","tag-auto","tag-entertainment","tag-europatournee","tag-jagdschloesschen","tag-karlsruhe","tag-music","tag-musik","tag-oesterreich","tag-thomas-deters","tag-ticketvorverkauf","tag-tourstopp","tag-unterhaltung","tag-waghaeusel"],"share_on_mastodon":{"url":"https:\/\/pubeurope.com\/@at\/117220655416848719","error":""},"_links":{"self":[{"href":"https:\/\/www.europesays.com\/at\/wp-json\/wp\/v2\/posts\/377763","targetHints":{"allow":["GET"]}}],"collection":[{"href":"https:\/\/www.europesays.com\/at\/wp-json\/wp\/v2\/posts"}],"about":[{"href":"https:\/\/www.europesays.com\/at\/wp-json\/wp\/v2\/types\/post"}],"author":[{"embeddable":true,"href":"https:\/\/www.europesays.com\/at\/wp-json\/wp\/v2\/users\/2"}],"replies":[{"embeddable":true,"href":"https:\/\/www.europesays.com\/at\/wp-json\/wp\/v2\/comments?post=377763"}],"version-history":[{"count":0,"href":"https:\/\/www.europesays.com\/at\/wp-json\/wp\/v2\/posts\/377763\/revisions"}],"wp:featuredmedia":[{"embeddable":true,"href":"https:\/\/www.europesays.com\/at\/wp-json\/wp\/v2\/media\/377764"}],"wp:attachment":[{"href":"https:\/\/www.europesays.com\/at\/wp-json\/wp\/v2\/media?parent=377763"}],"wp:term":[{"taxonomy":"category","embeddable":true,"href":"https:\/\/www.europesays.com\/at\/wp-json\/wp\/v2\/categories?post=377763"},{"taxonomy":"post_tag","embeddable":true,"href":"https:\/\/www.europesays.com\/at\/wp-json\/wp\/v2\/tags?post=377763"}],"curies":[{"name":"wp","href":"https:\/\/api.w.org\/{rel}","templated":true}]}}