{"id":377781,"date":"2026-09-05T22:11:25","date_gmt":"2026-09-05T22:11:25","guid":{"rendered":"https:\/\/www.europesays.com\/at\/377781\/"},"modified":"2026-09-05T22:11:25","modified_gmt":"2026-09-05T22:11:25","slug":"us-popstar-miley-cyrus-hat-neuen-namen","status":"publish","type":"post","link":"https:\/\/www.europesays.com\/at\/377781\/","title":{"rendered":"US-Popstar Miley Cyrus hat neuen Namen"},"content":{"rendered":"<p><a href=\"https:\/\/www.tz.de\/\" class=\"id-Breadcrumb-link\" data-id-ec=\"{\" shn=\"\" textlink=\"\" data-k5a-pos=\"1_tz\" rel=\"nofollow noopener\" target=\"_blank\">tz<\/a><a href=\"https:\/\/www.tz.de\/stars\/\" class=\"id-Breadcrumb-link\" data-id-ec=\"{\" shn=\"\" textlink=\"\" tv=\"\" data-k5a-pos=\"2_starsTv\" rel=\"nofollow noopener\" target=\"_blank\">Stars &amp; TV<\/a><\/p>\n<p class=\"id-Story-timestamp id-Story-timestamp--default\">Stand: 04.09.2026, 10:45 Uhr<\/p>\n<p class=\"id-Story-interactionBar id-Story-interactionBar--default\">DruckenTeilen<\/p>\n<p><a href=\"https:\/\/profile.google.com\/cp\/CgsvZy8xMjB0M3MydBoA\" class=\"id-Story-googleFollowButton id-Story-googleFollowButton--default\" target=\"_blank\" data-id-ec=\"{\" shn=\"\" google-follow=\"\" auf=\"\" google=\"\" folgen=\"\" rel=\"nofollow noopener\">Uns auf Google folgen<\/a><\/p>\n<p class=\"id-StoryElement-leadText\">S\u00e4ngerin Miley Cyrus \u00fcberrascht mit einer Ank\u00fcndigung: Sie ver\u00e4ndert ihren K\u00fcnstlernamen. Zuletzt trauerte sie um ihre Patentante.<\/p>\n<p class=\"id-StoryElement-paragraph\">Miley Cyrus steht vor einem emotionalen Herbst: Die 33-J\u00e4hrige k\u00fcndigt nicht nur ihr zehntes Studioalbum an, <a href=\"https:\/\/www.tz.de\/stars\/mehr-als-patin-dolly-partons-tod-trifft-miley-cyrus-besonders-zr-94461632.html\" class=\"id-import-Link\" data-id-ec=\"{&quot;sht&quot;:&quot;Container&quot;,&quot;shn&quot;:&quot;Story&quot;,&quot;p&quot;:{&quot;containerType&quot;:&quot;Paragraph&quot;,&quot;displayType&quot;:&quot;Paragraph InlineLink&quot;,&quot;type&quot;:&quot;INLINE_LINK&quot;,&quot;value&quot;:&quot;sondern verarbeitet dabei auch den Verlust ihrer Patentante Dolly Parton.&quot;,&quot;variant&quot;:&quot;standardLink&quot;,&quot;sponsored&quot;:false,&quot;linkHref&quot;:&quot;https:\/\/www.tz.de\/stars\/mehr-als-patin-dolly-partons-tod-trifft-miley-cyrus-besonders-zr-94461632.html&quot;,&quot;storyElementPosition&quot;:8,&quot;storyElementCount&quot;:21}}\" rel=\"nofollow noopener\" target=\"_blank\">sondern verarbeitet dabei auch den Verlust ihrer Patentante Dolly Parton.<\/a> Die Country-Ikone starb vergangenen Dienstag im Alter von 80 Jahren in Nashville (Tennessee), ein Schicksalsschlag, der die S\u00e4ngerin sichtlich bewegt. Ihre Worte in den sozialen Medien zeigen: Beide verband weit mehr als gemeinsame Auftritte.<\/p>\n<p><img decoding=\"async\" class=\"id-RatioPlaceholder-element wv_story_el_image\" src=\"https:\/\/www.europesays.com\/at\/wp-content\/uploads\/2026\/09\/43970193-miley-cyrus-PtBG.jpg\" loading=\"lazy\"   height=\"733\" width=\"1100\" alt=\"Miley Cyrus \"\/>Miley Cyrus tritt nun unter einem anderen Namen auf. \u00a9\u00a0Chris Pizzello \/ picture alliance \/ dpa \/ Invision<\/p>\n<p class=\"id-StoryElement-paragraph\">\u201eIch habe einen Engel an meiner Seite. Das hatte ich immer. Eines unserer letzten Gespr\u00e4che ging um Musik und Metamorphose\u201c, schrieb Miley auf Instagram. Weiter hie\u00df es: \u201eIch werde sie immer lieben und m\u00f6chte sie stolz machen.\u201c Sie sei \u00fcberzeugt, dass Dolly sich gew\u00fcnscht h\u00e4tte, dass sie den Schmerz zulasse, ein Lied dar\u00fcber schreibe und stark bleibe.<\/p>\n<p>Neuer K\u00fcnstlername f\u00fcr Miley Cyrus<\/p>\n<p class=\"id-StoryElement-paragraph\">Miley Cyrus\u2018 neues Werk hei\u00dft \u201eBass Persuades\u201c und erscheint am Freitag, 18. September. Es ist bereits ihr zehntes Studioalbum, eine beeindruckende Zahl f\u00fcr eine K\u00fcnstlerin, die als Destiny Hope Cyrus geboren wurde und heute nur noch unter dem Vornamen Miley auftritt, ganz ohne den Nachnamen Cyrus.<\/p>\n<p class=\"id-StoryElement-paragraph\">Damit reiht sie sich in die Riege von Stars wie Zendaya, Beyonc\u00e9 oder Cher ein. Auf Instagram k\u00fcndigte die Grammy-Gewinnerin das Projekt mit eindringlichen Worten an: \u201eMusik packt uns\u201c, schrieb sie. Man f\u00fchle sie, singe mit, tanze dazu. \u201eSie ist kraftvoll, verletzlich, s\u00fc\u00df und stark\u201c, hie\u00df es im Statement. Begleitet wurde der Post von einem Video an der E-Gitarre sowie einem schwarz-wei\u00dfen Coverbild, das Miley mit dunkel geschminkten Augen und einer Rose im Mund zeigt.<\/p>\n<p>Von \u201eFlowers\u201c bis \u201eBass Persuades\u201c: Die musikalische Reise von Miley Cyrus<\/p>\n<p class=\"id-StoryElement-paragraph\">Miley Cyrus hat in den vergangenen Jahren musikalisch nicht stillgestanden. Im Jahr 2023 ver\u00f6ffentlichte sie das Album \u201eEndless Summer Vacation\u201c und landete mit der Single \u201eFlowers\u201c einen weltweiten Hit. Im Mai 2025 folgte mit \u201eSomething Beautiful\u201c ihr neuntes Studioalbum. Nun legt sie mit \u201eBass Persuades\u201c nach, schneller als viele erwartet h\u00e4tten. F\u00fcr das neue Album beschreibt Miley den Titel als Ausdruck der gesamten emotionalen Bandbreite des Lebens, vom erf\u00fcllten Herzen bis zum tiefen Herzschmerz. Ihren Fans dankte sie daf\u00fcr, ihre \u201ek\u00fchnsten Tr\u00e4ume\u201c mit ihr zu teilen und wahr werden zu lassen. Au\u00dferdem k\u00fcndigte sie zwei Konzerte f\u00fcr Mitte Oktober in der ber\u00fchmten Freilichtb\u00fchne Hollywood Bowl in Los Angeles an.<\/p>\n<p class=\"id-StoryElement-paragraph\">Mit \u201eBass Persuades\u201c schl\u00e4gt Miley nun ein neues Kapitel auf, pers\u00f6nlicher, freier und unter einem Namen, der f\u00fcr sich allein steht. Der 18. September d\u00fcrfte f\u00fcr ihre Fans ein besonderer Tag werden. (Quellen: dpa, bluewin.ch, Archiv)<\/p>\n","protected":false},"excerpt":{"rendered":"tzStars &amp; TV Stand: 04.09.2026, 10:45 Uhr DruckenTeilen Uns auf Google folgen S\u00e4ngerin Miley Cyrus \u00fcberrascht mit einer&hellip;\n","protected":false},"author":2,"featured_media":377782,"comment_status":"","ping_status":"","sticky":false,"template":"","format":"standard","meta":{"footnotes":"","_share_on_mastodon":"0"},"categories":[24],"tags":[46,42,147,153,154,44,148],"class_list":["post-377781","post","type-post","status-publish","format-standard","has-post-thumbnail","category-musik","tag-at","tag-austria","tag-entertainment","tag-music","tag-musik","tag-oesterreich","tag-unterhaltung"],"share_on_mastodon":{"url":"https:\/\/pubeurope.com\/@at\/117220729655654533","error":""},"_links":{"self":[{"href":"https:\/\/www.europesays.com\/at\/wp-json\/wp\/v2\/posts\/377781","targetHints":{"allow":["GET"]}}],"collection":[{"href":"https:\/\/www.europesays.com\/at\/wp-json\/wp\/v2\/posts"}],"about":[{"href":"https:\/\/www.europesays.com\/at\/wp-json\/wp\/v2\/types\/post"}],"author":[{"embeddable":true,"href":"https:\/\/www.europesays.com\/at\/wp-json\/wp\/v2\/users\/2"}],"replies":[{"embeddable":true,"href":"https:\/\/www.europesays.com\/at\/wp-json\/wp\/v2\/comments?post=377781"}],"version-history":[{"count":0,"href":"https:\/\/www.europesays.com\/at\/wp-json\/wp\/v2\/posts\/377781\/revisions"}],"wp:featuredmedia":[{"embeddable":true,"href":"https:\/\/www.europesays.com\/at\/wp-json\/wp\/v2\/media\/377782"}],"wp:attachment":[{"href":"https:\/\/www.europesays.com\/at\/wp-json\/wp\/v2\/media?parent=377781"}],"wp:term":[{"taxonomy":"category","embeddable":true,"href":"https:\/\/www.europesays.com\/at\/wp-json\/wp\/v2\/categories?post=377781"},{"taxonomy":"post_tag","embeddable":true,"href":"https:\/\/www.europesays.com\/at\/wp-json\/wp\/v2\/tags?post=377781"}],"curies":[{"name":"wp","href":"https:\/\/api.w.org\/{rel}","templated":true}]}}