{"id":377819,"date":"2026-09-05T22:53:10","date_gmt":"2026-09-05T22:53:10","guid":{"rendered":"https:\/\/www.europesays.com\/at\/377819\/"},"modified":"2026-09-05T22:53:10","modified_gmt":"2026-09-05T22:53:10","slug":"achtungserfolg-fuer-muslic-schalke-erkaempft-punkt-gegen-bayern","status":"publish","type":"post","link":"https:\/\/www.europesays.com\/at\/377819\/","title":{"rendered":"Achtungserfolg f\u00fcr Muslic: Schalke erk\u00e4mpft Punkt gegen Bayern"},"content":{"rendered":"<p>Der FC Bayern hat bei Aufsteiger Schalke 04 und Trainer Miron Music einen schmerzhaften ersten D\u00e4mpfer der noch jungen Saison kassiert.<\/p>\n<p>Beim Comeback von Jamal Musiala lief der deutsche Meister gegen die leidenschaftlich verteidigenden K\u00f6nigsblauen vergeblich an und kam nicht \u00fcber ein entt\u00e4uschendes 0:0 hinaus. S04 dagegen tankte bei seinem ersten Bundesliga-Heimspiel seit 1204 Tagen jede Menge Selbstvertrauen f\u00fcr den Kampf um den Klassenerhalt.<\/p>\n<p>Aus Datenschutz-Gr\u00fcnden ist dieser Inhalt ausgeblendet. Die Einbettung von externen Inhalten kann hier aktiviert werden:<\/p>\n<p>Externe Inhalte aktivieren<\/p>\n<p>\nDer gro\u00dfe Titelfavorit von Trainer Vincent Kompany lie\u00df \u00fcber weite Strecken vor allem Torgefahr vermissen, auch die als Joker agierenden Harry Kane und Michael Olise konnten den starken Loris Karius im S04-Tor nicht \u00fcberwinden. \u00a0Muslic tauschte in der 74. Minute Maximilian W\u00f6ber f\u00fcr Dejan Ljubicic ein. Bei den M\u00fcnchnern spielte Konrad Laimer durch.<\/p>\n<p>Bereits am Donnerstag geht es f\u00fcr die M\u00fcnchner in der Champions League weiter. Dann wartet das letztj\u00e4hrige Sensationsteam FK Bod\u00f6 Glimt aus Norwegen.<\/p>\n<p><a class=\"ad-msg\" href=\"https:\/\/www.sky.at\/angebote?wkz=AWDSL24&amp;eml=atbac:2026_Sky_Trade_Sport_SSA_Textlink\" target=\"_blank\" rel=\"nofollow noopener\"><img loading=\"lazy\" decoding=\"async\" width=\"640\" height=\"213\" src=\"https:\/\/www.europesays.com\/at\/wp-content\/uploads\/2026\/09\/1788648790_771_Sport_Kampagne_900x300.jpg\" class=\"ad-msg__image ad-msg__image--mobile\" alt=\"Werbung\"  \/><\/a><\/p>\n","protected":false},"excerpt":{"rendered":"Der FC Bayern hat bei Aufsteiger Schalke 04 und Trainer Miron Music einen schmerzhaften ersten D\u00e4mpfer der noch&hellip;\n","protected":false},"author":2,"featured_media":377820,"comment_status":"","ping_status":"","sticky":false,"template":"","format":"standard","meta":{"footnotes":"","_share_on_mastodon":"0"},"categories":[18],"tags":[46,42,13514,153,44,43303,109,108],"class_list":["post-377819","post","type-post","status-publish","format-standard","has-post-thumbnail","category-sport","tag-at","tag-austria","tag-fc-bayern","tag-music","tag-oesterreich","tag-schalke","tag-sport","tag-sports"],"share_on_mastodon":{"url":"https:\/\/pubeurope.com\/@at\/117220894550777989","error":""},"_links":{"self":[{"href":"https:\/\/www.europesays.com\/at\/wp-json\/wp\/v2\/posts\/377819","targetHints":{"allow":["GET"]}}],"collection":[{"href":"https:\/\/www.europesays.com\/at\/wp-json\/wp\/v2\/posts"}],"about":[{"href":"https:\/\/www.europesays.com\/at\/wp-json\/wp\/v2\/types\/post"}],"author":[{"embeddable":true,"href":"https:\/\/www.europesays.com\/at\/wp-json\/wp\/v2\/users\/2"}],"replies":[{"embeddable":true,"href":"https:\/\/www.europesays.com\/at\/wp-json\/wp\/v2\/comments?post=377819"}],"version-history":[{"count":0,"href":"https:\/\/www.europesays.com\/at\/wp-json\/wp\/v2\/posts\/377819\/revisions"}],"wp:featuredmedia":[{"embeddable":true,"href":"https:\/\/www.europesays.com\/at\/wp-json\/wp\/v2\/media\/377820"}],"wp:attachment":[{"href":"https:\/\/www.europesays.com\/at\/wp-json\/wp\/v2\/media?parent=377819"}],"wp:term":[{"taxonomy":"category","embeddable":true,"href":"https:\/\/www.europesays.com\/at\/wp-json\/wp\/v2\/categories?post=377819"},{"taxonomy":"post_tag","embeddable":true,"href":"https:\/\/www.europesays.com\/at\/wp-json\/wp\/v2\/tags?post=377819"}],"curies":[{"name":"wp","href":"https:\/\/api.w.org\/{rel}","templated":true}]}}