{"id":377907,"date":"2026-09-06T00:13:38","date_gmt":"2026-09-06T00:13:38","guid":{"rendered":"https:\/\/www.europesays.com\/at\/377907\/"},"modified":"2026-09-06T00:13:38","modified_gmt":"2026-09-06T00:13:38","slug":"einfach-erklaert-was-ist-der-hybride-krieg-gegen-deutschland","status":"publish","type":"post","link":"https:\/\/www.europesays.com\/at\/377907\/","title":{"rendered":"Einfach erkl\u00e4rt: Was ist der &#8222;hybride Krieg&#8220; gegen Deutschland?"},"content":{"rendered":"<p>\nDrohnen, Sabotage, Propaganda\n<\/p>\n<p><img loading=\"lazy\" decoding=\"async\" src=\"https:\/\/s.uicdn.com\/uimag\/7.12280.0\/assets\/_sn_\/module_assets\/article\/readtime.svg\" alt=\"Lesezeit\" width=\"14\" height=\"14\"\/><\/p>\n<p>Lesezeit 4 Min.<\/p>\n<p>Aktualisiert am 05.09.2026, 06:14 Uhr<\/p>\n<p><a href=\"https:\/\/i0.gmx.at\/image\/160\/42689160,pd=6.jpg\" data-brain-zone=\".42683596.content.lead.1\" data-component-path=\"content.lead.1\" data-component-name=\"article-image\" rel=\"nofollow noopener\" target=\"_blank\"> <\/p>\n<p><img loading=\"lazy\" decoding=\"async\" src=\"https:\/\/www.europesays.com\/at\/wp-content\/uploads\/2026\/09\/42689160,pd=6,f=responsive169-w950.jpg\" alt=\"\" width=\"950\" height=\"534\"\/><\/p>\n<p><\/a> <\/p>\n<p>\nEinsatzkr\u00e4fte der Polizei suchen ein Feld am Flughafen Leipzig\/Halle nach Spuren ab. Der Drohnenvorfall dort ist eines der deutlichsten Beispiele f\u00fcr hybride Kriegsf\u00fchrung.<br \/>\n\u00a9\u00a0picture alliance\/dpa\/Hendrik Schmidt\n<\/p>\n<p class=\"content__description\" data-speakable=\"\">Sp\u00e4testens seit der Drohnen-Attacke am Flughafen Leipzig\/Halle sprechen alle vom &#8222;hybriden Krieg&#8220;. Was ist damit gemeint? Und was hat das mit Russland zu tun?<\/p>\n<p data-speakable=\"\">Vor ziemlich genau einem Jahr hat Bundeskanzler <a data-component-name=\"link.semantic\" data-brain-zone=\".42683596.content.textlink_1\" data-component-path=\"content.textlink_1\" href=\"https:\/\/www.gmx.at\/magazine\/politik\/thema\/friedrich-merz\" rel=\"nofollow noopener\" target=\"_blank\">Friedrich Merz<\/a> (<a data-component-name=\"link.semantic\" data-brain-zone=\".42683596.content.textlink_2\" data-component-path=\"content.textlink_2\" href=\"https:\/\/www.gmx.at\/magazine\/politik\/thema\/christlich-demokratische-union-deutschlands\" rel=\"nofollow noopener\" target=\"_blank\">CDU<\/a>) einen Satz gesagt, der auf den ersten Blick widerspr\u00fcchlich klingt: &#8222;Wir sind nicht im Krieg, aber wir sind auch nicht mehr im Frieden.&#8220; Der Bundeskanzler umschrieb damit ein Ph\u00e4nomen, das gerade in aller Munde ist: den hybriden Krieg. <\/p>\n<p data-speakable=\"\">Nur ein Beispiel: &#8222;Lassen Sie mich deutlich machen: Wir befinden uns nicht im Krieg, aber wir sind t\u00e4gliches Ziel hybrider Kriegsf\u00fchrung&#8220;, formulierte es Innenminister <a data-component-name=\"link.semantic\" data-brain-zone=\".42683596.content.textlink_3\" data-component-path=\"content.textlink_3\" href=\"https:\/\/www.gmx.at\/magazine\/politik\/thema\/alexander-dobrindt\" rel=\"nofollow noopener\" target=\"_blank\">Alexander Dobrindt<\/a> (CDU) vor wenigen Tagen auf einer Pressekonferenz. Auf der hatte die Bundesregierung Russland offiziell f\u00fcr den versuchten Drohnenangriff am Flughafen Leipzig\/Halle vom 4. August verantwortlich gemacht.<\/p>\n<p data-speakable=\"\">Und damit sind wir mittendrin, in einem komplexen Ph\u00e4nomen, das hier so einfach wie m\u00f6glich erkl\u00e4rt werden soll.<\/p>\n<p><a href=\"https:\/\/www.gmx.at\/magazine\/politik\/russland-krieg-ukraine\/deutschland-konfrontationskurs-russland-42678346\" data-brain-zone=\".42683596.content.teaser_1.1\" data-component-path=\"content.teaser_1.1\" data-component-name=\"link.editorial\" class=\"teaser teaser--horizontal\" data-block-name=\"content.teaser_1\" data-item-position=\"1\" data-item-source=\"cms\" data-article-id=\"cmd:42678346\" rel=\"nofollow noopener\" target=\"_blank\"><\/p>\n<p><img decoding=\"async\" src=\"https:\/\/www.europesays.com\/at\/wp-content\/uploads\/2026\/09\/42681144,pd=3,f=teaser-xs-box.jpg\" alt=\"\" width=\"76\" height=\"76\" loading=\"lazy\" class=\"teaser__image\"\/><\/p>\n<p>\nWo kann das noch hinf\u00fchren?\n<\/p>\n<p>Deutschland auf Konfrontationskurs mit Russland<\/p>\n<p><\/a><br \/>\nWas passiert in einem hybriden Krieg?<\/p>\n<p data-speakable=\"\">Hybrid hei\u00dft so viel wie gemischt, aus unterschiedlichen Teilen bestehend. Unter hybrider Kriegsf\u00fchrung versteht man eine Strategie, bei der verschiedene milit\u00e4rische und nichtmilit\u00e4rische Mittel kombiniert werden. <\/p>\n<p data-speakable=\"\">Anders als bei einem offenen Krieg kommen keine Panzer, Bomben oder Bodentruppen zum Einsatz. Das Ziel ist nicht, dem Gegner maximalen Schaden zuzuf\u00fcgen. Vielmehr setzt man immer wieder Nadelstiche. Dass die Grenze zwischen Krieg und Frieden unscharf bleibt, ist dabei gewollt. <\/p>\n<p data-speakable=\"\">Zu den milit\u00e4rischen Mitteln der hybriden Kriegsf\u00fchrung geh\u00f6rt in erster Linie der Einsatz von Drohnen \u2013 wie eben am Flughafen Leipzig\/Halle. Dort war auf einer Start- und Landebahn eine mit Sprengstoff und Z\u00fcnder best\u00fcckte Drohne entdeckt worden. <\/p>\n<p data-speakable=\"\">In hybriden Kriegen wird aber auch mit Desinformation und Propaganda gearbeitet, h\u00e4ufig in sozialen Netzwerken. Ebenfalls oft zu beobachten: Cyberangriffe auf wichtige Unternehmen, Beh\u00f6rden, Krankenh\u00e4user oder Universit\u00e4ten. <\/p>\n<p data-speakable=\"\">Oder Sabotage an wichtiger Infrastruktur wie Kraftwerken, Bahngleisen, Pipelines \u2013 oder eben Flugh\u00e4fen. <\/p>\n<p>Wer f\u00fchrt die Angriffe aus?<\/p>\n<p data-speakable=\"\">Nicht immer gelingt es den angegriffenen Staaten, herauszufinden, wer die Tat ausgef\u00fchrt hat. Anders als im klassischen Krieg gibt sich der Angreifer nicht einfach zu erkennen. <\/p>\n<p data-speakable=\"\">Schnappt die Polizei den T\u00e4ter, handelt es sich oft um Kleinkriminelle. Experten sprechen auch von &#8222;Wegwerfagenten&#8220; \u2013 f\u00fcr eine Aktion angeheuert, dann fallengelassen. <\/p>\n<p data-speakable=\"\">So kommt es, dass hybride Kriege f\u00fcr die Angreifer vergleichsweise billig sind: kein teures Ger\u00e4t, kein Sold f\u00fcr zehntausende Soldaten. Stattdessen billiges Personal oder einfach eine K\u00fcnstliche Intelligenz, die im Internet massenhaft Falschinformationen verbreitet. <\/p>\n<p><a href=\"https:\/\/www.gmx.at\/magazine\/wissen\/psychologie\/krisenforscher-gewoehnung-krieg-alltag-42612656\" data-brain-zone=\".42683596.content.teaser_2.1\" data-component-path=\"content.teaser_2.1\" data-component-name=\"link.editorial\" class=\"teaser teaser--horizontal\" data-block-name=\"content.teaser_2\" data-item-position=\"1\" data-item-source=\"cms\" data-article-id=\"cmd:42612656\" rel=\"nofollow noopener\" target=\"_blank\"><\/p>\n<p><img decoding=\"async\" src=\"https:\/\/www.europesays.com\/at\/wp-content\/uploads\/2026\/09\/ukraine-krieg-kramatorsk.jpg\" alt=\"\" width=\"76\" height=\"76\" loading=\"lazy\" class=\"teaser__image\"\/><\/p>\n<p>\nInterview<\/p>\n<p>|Krisenforscher\n<\/p>\n<p>&#8222;Es findet eine Gew\u00f6hnung statt, der Krieg wird zum Alltag&#8220;<\/p>\n<p><img decoding=\"async\" src=\"https:\/\/www.europesays.com\/at\/wp-content\/uploads\/2026\/09\/38731132,pd=2,f=responsive-author-w60.jpg\" alt=\"\" width=\"60\" height=\"60\" loading=\"lazy\"\/><\/p>\n<p>von Joana Rettig <\/p>\n<p><\/a><br \/>\nWas ist das Ziel eines hybriden Krieges?<\/p>\n<p data-speakable=\"\">So vielf\u00e4ltig die Methoden und Akteure sind \u2013 das Ziel l\u00e4sst sich mit einem Wort beschreiben: Angst. <\/p>\n<p data-speakable=\"\">Es geht darum, Menschen zu verunsichern und die Gesellschaft zu spalten. Misstrauen gegen\u00fcber dem politischen System und der Regierung wird gesch\u00fcrt. Der Feind soll destabilisiert werden. <\/p>\n<p>Wer steckt dahinter?<\/p>\n<p data-speakable=\"\">Im Fall des hybriden Krieges, in dem Deutschland steckt, ist seit Jahren klar, wer der Aggressor ist: Russland. Neu ist, dass die <a data-component-name=\"link.semantic\" data-brain-zone=\".42683596.content.textlink_4\" data-component-path=\"content.textlink_4\" href=\"https:\/\/www.gmx.at\/magazine\/politik\/thema\/bundesregierung\" rel=\"nofollow noopener\" target=\"_blank\">Bundesregierung<\/a> das auf einen konkreten Angriff bezogen auch klar sagt \u2013 und daraus Konsequenzen zieht. Das hat sie mit Blick auf den Sprengstoffanschlag am Flughafen Leipzig\/Halle erstmals getan. <\/p>\n<p data-speakable=\"\">Oft ist auch von einem hybriden Krieg Russlands gegen den Westen die Rede. Denn andere westliche Staaten erleben das Gleiche. Stark betroffen sind L\u00e4nder in Russlands Nachbarschaft: <a data-brain-zone=\".42683596.content.textlink_5\" data-component-path=\"content.textlink_5\" data-component-name=\"link.editorial\" href=\"https:\/\/www.gmx.at\/magazine\/politik\/russland-krieg-ukraine\/ukraine-druck-russland-polen-angreifen-42485568\" rel=\"nofollow noopener\" target=\"_blank\">Polen<\/a>, Moldau, die baltischen Staaten Estland, Lettland und Litauen. Aber auch die Ostsee-Anrainer D\u00e4nemark, Schweden, Finnland und Norwegen. <\/p>\n<p><a href=\"https:\/\/www.gmx.at\/magazine\/politik\/russland-krieg-ukraine\/militaerexperte-russischer-angriff-spitzbergen-nato-sprengen-42665646\" data-brain-zone=\".42683596.content.teaser_3.1\" data-component-path=\"content.teaser_3.1\" data-component-name=\"link.editorial\" class=\"teaser teaser--horizontal\" data-block-name=\"content.teaser_3\" data-item-position=\"1\" data-item-source=\"cms\" data-article-id=\"cmd:42665646\" rel=\"nofollow noopener\" target=\"_blank\"><\/p>\n<p><img decoding=\"async\" src=\"https:\/\/www.europesays.com\/at\/wp-content\/uploads\/2026\/09\/42670920,pd=4,f=teaser-xs-box.jpg\" alt=\"\" width=\"76\" height=\"76\" loading=\"lazy\" class=\"teaser__image\"\/><\/p>\n<p>\nInterview<\/p>\n<p>|Milit\u00e4rexperte sagt\n<\/p>\n<p>Ein russischer Angriff auf Spitzbergen k\u00f6nnte die &#8222;Nato sprengen&#8220;<\/p>\n<p><img decoding=\"async\" src=\"https:\/\/www.europesays.com\/at\/wp-content\/uploads\/2026\/09\/38343360,pd=2,f=responsive-author-w60.jpg\" alt=\"\" width=\"60\" height=\"60\" loading=\"lazy\"\/><\/p>\n<p>von Marie Illner<\/p>\n<p><\/a><\/p>\n<p data-speakable=\"\">Und Deutschland. &#8222;Deutschland steht als Schl\u00fcsselstaat des westlichen B\u00fcndnisses sowie als wichtiger Unterst\u00fctzer der Ukraine besonders im Fadenkreuz der hybriden Kriegsf\u00fchrung Russlands&#8220;, erkl\u00e4rt der Sicherheitsexperte Edmund Ratka in einem Interview mit der <a target=\"_blank\" data-brain-zone=\".42683596.content.textlink_6\" data-component-path=\"content.textlink_6\" data-component-name=\"link.external\" rel=\"noopener nofollow\" href=\"https:\/\/www.kas.de\/de\/interview\/detail\/-\/content\/russland-fuehrt-einen-hybriden-krieg-gegen-deutschland\">Konrad-Adenauer-Stiftung<\/a>. <\/p>\n<p data-speakable=\"\">Seit dem Beginn des russischen Angriffskriegs gegen die Ukraine im Februar 2022 stilisiere Pr\u00e4sident Wladimir Putin den Konflikt &#8222;zu einer existenziellen Auseinandersetzung der &#8218;Russischen Welt&#8216; mit dem Westen und gerade mit den europ\u00e4ischen Unterst\u00fctzern der Ukraine&#8220;, so Ratka. <\/p>\n<p data-speakable=\"\">&#8222;Damit formuliert Moskau zudem einen imperialistischen Machtanspruch in seiner Nachbarschaft, vor allem mit Blick auf das Gebiet der ehemaligen Sowjetrepubliken, das neben der Ukraine auch das Baltikum einschlie\u00dft, also drei Mitgliedstaaten von EU und NATO.&#8220;<\/p>\n<p>Empfohlenes Video<\/p>\n<p>Trump: Putin plant keinen Nato-Angriff<\/p>\n<p><img loading=\"lazy\" decoding=\"async\" src=\"https:\/\/www.europesays.com\/at\/wp-content\/uploads\/2026\/09\/42690630,pd=2,f=responsive169-w950.jpg\" alt=\"\" width=\"950\" height=\"534\"\/><\/p>\n<p>\u00a9 Buzzwoo<\/p>\n<p>Welche konkreten Beispiele f\u00fcr den hybriden Krieg Russlands gibt es?<\/p>\n<p data-speakable=\"\">Der hybride Krieg Russlands gegen den Westen hat aus Sicht vieler Experten schon 2014 begonnen, nach der Annexion der Krim. Mit dem Ukraine-Krieg haben die Angriffe deutlich zugenommen. <\/p>\n<p>Empfehlungen der Redaktion<\/p>\n<p data-speakable=\"\">Seither gab es allein in Deutschland Dutzende Vorf\u00e4lle, die Sicherheitsbeh\u00f6rden Russland eindeutig zugeordnet haben. Und viele weitere, bei denen die Spur nach Russland weist. Eine Auswahl:<\/p>\n<p>Im Juli 2024 geriet im <a data-brain-zone=\".42683596.content.textlink_7\" data-component-path=\"content.textlink_7\" data-component-name=\"link.editorial\" href=\"https:\/\/www.gmx.at\/magazine\/panorama\/brandanschlag-dhl-zentrum-leipzig-sitzt-schuldige-kreml-40309268\" rel=\"nofollow noopener\" target=\"_blank\">DHL-Logistikzentrum Leipzig<\/a> ein Paket in Brand. Laut Verfassungsschutz schrammte Deutschland an diesem Tag nur knapp an einem Flugzeugabsturz vorbei: H\u00e4tte sich der Weiterflug des aus dem Baltikum stammenden Pakets, das mutma\u00dflich im Auftrag eines russischen Geheimdienstes aufgegeben wurde, nicht verz\u00f6gert, w\u00e4re es wohl w\u00e4hrend des Fluges in Brand geraten. Ein Cyberangriff traf im August 2024 die Deutsche Flugsicherung. Geheimdienstinformationen belegen, dass der russische Milit\u00e4rgeheimdienst GRU dahintersteckte. Seit Oktober 2024 l\u00e4uft die sogenannte Doppelg\u00e4nger-Kampagne: Die Urheber ahmen die Internetseiten oder das Erscheinungsbild von Social-Media-Posts bekannter Medien wie ARD oder FAZ nach und verbreiten dar\u00fcber prorussische Propaganda. Nur wer genau hinschaut, erkennt die optischen Unterschiede. Im laufenden Wahlkampf zu den Landtagswahlen in drei ostdeutschen Bundesl\u00e4ndern werden soziale Netzwerke mit Falschmeldungen \u00fcber Politiker geflutet.Vor der Bundestagswahl 2025 wurden in vier Bundesl\u00e4ndern die Auspuffe hunderter Autos mit Bauschaum bef\u00fcllt. Die T\u00e4ter brachten einen Aufkleber mit der Aufschrift &#8222;SEI GR\u00dcNER!&#8220; und einem Bild des damaligen Wirtschaftsministers Robert Habeck von den Gr\u00fcnen an, wohl um das Wahlverhalten zu beeinflussen. Im Oktober 2025 haben mutma\u00dflich russische Drohnen zweimal den M\u00fcnchner Flughafen ausgesp\u00e4ht und jeweils f\u00fcr mehrere Stunden lahmgelegt. Verwendete Quellen: <\/p>\n","protected":false},"excerpt":{"rendered":"Drohnen, Sabotage, Propaganda Lesezeit 4 Min. Aktualisiert am 05.09.2026, 06:14 Uhr Einsatzkr\u00e4fte der Polizei suchen ein Feld am&hellip;\n","protected":false},"author":2,"featured_media":377908,"comment_status":"","ping_status":"","sticky":false,"template":"","format":"standard","meta":{"footnotes":"","_share_on_mastodon":"0"},"categories":[12],"tags":[2840,257,2744,82237,40,41,1963,39,66,65,64],"class_list":["post-377907","post","type-post","status-publish","format-standard","has-post-thumbnail","category-welt","tag-cdu","tag-deutschland","tag-drohne","tag-flughafen-leipzig-halle","tag-nachrichten","tag-news","tag-russland","tag-schlagzeilen","tag-welt","tag-world","tag-world-news"],"share_on_mastodon":{"url":"https:\/\/pubeurope.com\/@at\/117221209861144413","error":""},"_links":{"self":[{"href":"https:\/\/www.europesays.com\/at\/wp-json\/wp\/v2\/posts\/377907","targetHints":{"allow":["GET"]}}],"collection":[{"href":"https:\/\/www.europesays.com\/at\/wp-json\/wp\/v2\/posts"}],"about":[{"href":"https:\/\/www.europesays.com\/at\/wp-json\/wp\/v2\/types\/post"}],"author":[{"embeddable":true,"href":"https:\/\/www.europesays.com\/at\/wp-json\/wp\/v2\/users\/2"}],"replies":[{"embeddable":true,"href":"https:\/\/www.europesays.com\/at\/wp-json\/wp\/v2\/comments?post=377907"}],"version-history":[{"count":0,"href":"https:\/\/www.europesays.com\/at\/wp-json\/wp\/v2\/posts\/377907\/revisions"}],"wp:featuredmedia":[{"embeddable":true,"href":"https:\/\/www.europesays.com\/at\/wp-json\/wp\/v2\/media\/377908"}],"wp:attachment":[{"href":"https:\/\/www.europesays.com\/at\/wp-json\/wp\/v2\/media?parent=377907"}],"wp:term":[{"taxonomy":"category","embeddable":true,"href":"https:\/\/www.europesays.com\/at\/wp-json\/wp\/v2\/categories?post=377907"},{"taxonomy":"post_tag","embeddable":true,"href":"https:\/\/www.europesays.com\/at\/wp-json\/wp\/v2\/tags?post=377907"}],"curies":[{"name":"wp","href":"https:\/\/api.w.org\/{rel}","templated":true}]}}