{"id":377937,"date":"2026-09-06T00:53:10","date_gmt":"2026-09-06T00:53:10","guid":{"rendered":"https:\/\/www.europesays.com\/at\/377937\/"},"modified":"2026-09-06T00:53:10","modified_gmt":"2026-09-06T00:53:10","slug":"zweite-pleite-fuer-graz99ers-in-chl","status":"publish","type":"post","link":"https:\/\/www.europesays.com\/at\/377937\/","title":{"rendered":"Zweite Pleite f\u00fcr Graz99ers in CHL"},"content":{"rendered":"<p>Die <a href=\"https:\/\/www.laola1.at\/de\/daten\/news\/eishockey\/graz99ers\/\" class=\"tag\" rel=\"nofollow noopener\" target=\"_blank\">Graz99ers<\/a> m\u00fcssen auch nach dem zweiten Spiel in der <a href=\"https:\/\/www.laola1.at\/de\/daten\/news\/eishockey\/champions-hockey-league\/\" class=\"tag\" rel=\"nofollow noopener\" target=\"_blank\">Champions Hockey League<\/a> weiter auf den ersten Sieg warten, zuhause unterliegt man den Boxers Bordeaux aus Frankreich nach hartem Kampf mit 2:4.<\/p>\n<p>Die Grazer, die sich zum Auftakt dem Schweizer Topklub HC Fribourg-Gott\u00e9ron 2:4 geschlagen geben mussten, gehen in der achten Minute durch Jakob Lippitsch in F\u00fchrung, aber der franz\u00f6sische Meister dreht das Spiel noch vor der Pause per Doppelschlag innerhalb einer Minute.<\/p>\n<p>Zun\u00e4chst gleicht Ulysse Tournier aus (17.), nur Sekunden sp\u00e4ter landet der Puck schon wieder im Netz der 99ers, Julien Guillaume zeichnet sich daf\u00fcr verantwortlich (17.).<\/p>\n<p>Boxers Bordeaux mit dem besseren Ende<\/p>\n<p>Es entwickelt sich eine weitgehend ausgeglichene Partie, in der die Heimmannschaft in der 39. Minute durch Clay Hanus wieder den Ausgleich schafft.<\/p>\n<p>Somit geht es mit dem Unentschieden ins Schlussdrittel, wo die Boxers Bordeaux letztlich das bessere Ende f\u00fcr sich haben, Kevin Dusseau erzielt in Minute 53 erneut den F\u00fchrungstreffer. Am Ende riskieren die Grazer nochmal alles, trotzdem erzielen die G\u00e4ste das Tor, Yvan Mongo macht in der Schlussminute den Deckel drauf (60.).<\/p>\n<p>Die n\u00e4chste Chance auf einen Erfolg in der <a href=\"https:\/\/www.laola1.at\/de\/daten\/news\/chl\/\" class=\"tag\" rel=\"nofollow noopener\" target=\"_blank\">CHL<\/a> gibt es f\u00fcr den Meister der ICE Hockey League am kommenden Freitag (19:30 Uhr) bei den Eisb\u00e4ren Berlin.<\/p>\n","protected":false},"excerpt":{"rendered":"Die Graz99ers m\u00fcssen auch nach dem zweiten Spiel in der Champions Hockey League weiter auf den ersten Sieg&hellip;\n","protected":false},"author":2,"featured_media":377938,"comment_status":"","ping_status":"","sticky":false,"template":"","format":"standard","meta":{"footnotes":"","_share_on_mastodon":"0"},"categories":[8],"tags":[55736,55729,300,3461,40,41,39,38,117],"class_list":["post-377937","post","type-post","status-publish","format-standard","has-post-thumbnail","category-nachrichten","tag-champions-hockey-league","tag-chl","tag-eishockey","tag-graz99ers","tag-nachrichten","tag-news","tag-schlagzeilen","tag-top-meldungen","tag-wintersport"],"share_on_mastodon":{"url":"https:\/\/pubeurope.com\/@at\/117221366358756857","error":""},"_links":{"self":[{"href":"https:\/\/www.europesays.com\/at\/wp-json\/wp\/v2\/posts\/377937","targetHints":{"allow":["GET"]}}],"collection":[{"href":"https:\/\/www.europesays.com\/at\/wp-json\/wp\/v2\/posts"}],"about":[{"href":"https:\/\/www.europesays.com\/at\/wp-json\/wp\/v2\/types\/post"}],"author":[{"embeddable":true,"href":"https:\/\/www.europesays.com\/at\/wp-json\/wp\/v2\/users\/2"}],"replies":[{"embeddable":true,"href":"https:\/\/www.europesays.com\/at\/wp-json\/wp\/v2\/comments?post=377937"}],"version-history":[{"count":0,"href":"https:\/\/www.europesays.com\/at\/wp-json\/wp\/v2\/posts\/377937\/revisions"}],"wp:featuredmedia":[{"embeddable":true,"href":"https:\/\/www.europesays.com\/at\/wp-json\/wp\/v2\/media\/377938"}],"wp:attachment":[{"href":"https:\/\/www.europesays.com\/at\/wp-json\/wp\/v2\/media?parent=377937"}],"wp:term":[{"taxonomy":"category","embeddable":true,"href":"https:\/\/www.europesays.com\/at\/wp-json\/wp\/v2\/categories?post=377937"},{"taxonomy":"post_tag","embeddable":true,"href":"https:\/\/www.europesays.com\/at\/wp-json\/wp\/v2\/tags?post=377937"}],"curies":[{"name":"wp","href":"https:\/\/api.w.org\/{rel}","templated":true}]}}