{"id":378059,"date":"2026-09-06T03:40:07","date_gmt":"2026-09-06T03:40:07","guid":{"rendered":"https:\/\/www.europesays.com\/at\/378059\/"},"modified":"2026-09-06T03:40:07","modified_gmt":"2026-09-06T03:40:07","slug":"zur-erinnerung-an-erni-mangold-so-06-09-2026-1405","status":"publish","type":"post","link":"https:\/\/www.europesays.com\/at\/378059\/","title":{"rendered":"Zur Erinnerung an Erni Mangold | SO | 06 09 2026 | 14:05"},"content":{"rendered":"<p class=\"articleDate\"> 6. September 2026, 14:05<\/p>\n<p>Sie z\u00e4hlte zu den gro\u00dfen Pers\u00f6nlichkeiten der \u00f6sterreichischen Theaterwelt, wurde als Legende gefeiert &#8211; was sie selbst ablehnte. Denn, wie sie sagte: &#8222;Es&#8220; ist heute &#8211; und dann gleich wieder vorbei. &#8222;Die Nachwelt flicht uns keine Kr\u00e4nze&#8220;, meinte sie. Und das sei auch gut so: Es gehe nicht um den Schein, sondern das Sein &#8211; und das geschehe im Augenblick.<\/p>\n<p>Am 26. J\u00e4nner 1927 in Gro\u00df Weikersdorf geboren, fand Erni Mangold Anfang der 1950er Jahre den Weg ins Filmatelier. Im Film &#8222;Hanussen&#8220; (1955) war sie neben O. W. Fischer die Assistentin, Freundin und Geliebte des ber\u00fchmten Hellsehers, die ihm schrankenlos h\u00f6rig war und aus Verzweiflung \u00fcber seine Gef\u00fchlsk\u00e4lte in den Tod ging. Unter Gustav Gr\u00fcndgens spielte sie am Hamburger Schauspielhaus, sie war am Schauspielhaus D\u00fcsseldorf engagiert, an der Kom\u00f6die in Berlin, am Schauspielhaus Wien, am Theater in der Josefstadt und am Wiener Volkstheater. <\/p>\n<p>Von 1976 bis 1996 \u00fcbernahm Erni Mangold eine Lehrt\u00e4tigkeit am Max-Reinhardt-Seminar in Wien &#8211; als Lehrerin war sie eine Institution. Von 1958 &#8211; 1978 war sie mit dem Schauspieler Heinz Reincke verheiratet. Erni Mangold war immer wieder auch in zahlreichen Filmproduktionen zu sehen. Sie erhielt die begehrte Kainz-Medaille und den Titel &#8222;Kammerschauspielerin&#8220;, sie wurde als Volksschauspielerin gefeiert &#8211; aber brachte auch die provokanten St\u00fccke des Dramatikers Werner Schwab auf die B\u00fchne.<\/p>\n<p>In der Nacht von Freitag auf Samstag, 5. September, ist Erni Mangold 99-j\u00e4hrig in einem Altersheim in Wien eingeschlafen, wie ihr Agent berichtete. Die &#8222;Menschenbilder&#8220; bringen ein Portr\u00e4t der K\u00fcnstlerin aus dem Jahr 2005. Heinz Janisch besuchte Erni Mangold in ihrem Haus im Waldviertel.<\/p>\n<p>Die f\u00fcr heute geplante Sendung &#8222;Das eingeschnitzte Leben &#8211; Wolfgang M\u00e4nner, Grafiker, Autor und Globetrotter von der Rax (1946 &#8211; 2026)&#8220; wird im Wiederholungstermin der &#8222;Menschenbilder&#8220; in der Nacht von Dienstag auf Mittwoch um 00.05 Uhr ausgestrahlt.<\/p>\n<p>Sendereihe<\/p>\n<p>Gestaltung<\/p>\n<p>  Playlist<\/p>\n<p>Komponist\/Komponistin: Johann Sebastian Bach\/1685 &#8211; 1750<br \/>Titel: Goldberg &#8211; Variationen BWV 988 &#8222;Aria mit 30 Ver\u00e4nderungen&#8220;\/aus Clavier\u00fcbung IV<br \/>*  Aria; Variation 1;Var.2;Var.3 Canone all&#8217;Unisono;Var.4;Var.5 (00:11:41)<br \/>Solist\/Solistin: Andras Schiff \/Klavier<br \/>L\u00e4nge: 11:40 min<br \/>Label: Decca 4171162<\/p>\n<p>  <a class=\"fadeContent\" href=\"#\">weiteren Inhalt einblenden<\/a><\/p>\n","protected":false},"excerpt":{"rendered":"6. September 2026, 14:05 Sie z\u00e4hlte zu den gro\u00dfen Pers\u00f6nlichkeiten der \u00f6sterreichischen Theaterwelt, wurde als Legende gefeiert &#8211;&hellip;\n","protected":false},"author":2,"featured_media":378060,"comment_status":"","ping_status":"","sticky":false,"template":"","format":"standard","meta":{"footnotes":"","_share_on_mastodon":"0"},"categories":[22],"tags":[46,42,1001,147,124,60,2140,786,161,2139,805,44,1169,148,100],"class_list":["post-378059","post","type-post","status-publish","format-standard","has-post-thumbnail","category-unterhaltung","tag-at","tag-austria","tag-bildung","tag-entertainment","tag-gesundheit","tag-information","tag-kabarett","tag-konzert","tag-kunst","tag-literatur","tag-oper","tag-oesterreich","tag-theater","tag-unterhaltung","tag-wissenschaft"],"share_on_mastodon":{"url":"https:\/\/pubeurope.com\/@at\/117222023063087440","error":""},"_links":{"self":[{"href":"https:\/\/www.europesays.com\/at\/wp-json\/wp\/v2\/posts\/378059","targetHints":{"allow":["GET"]}}],"collection":[{"href":"https:\/\/www.europesays.com\/at\/wp-json\/wp\/v2\/posts"}],"about":[{"href":"https:\/\/www.europesays.com\/at\/wp-json\/wp\/v2\/types\/post"}],"author":[{"embeddable":true,"href":"https:\/\/www.europesays.com\/at\/wp-json\/wp\/v2\/users\/2"}],"replies":[{"embeddable":true,"href":"https:\/\/www.europesays.com\/at\/wp-json\/wp\/v2\/comments?post=378059"}],"version-history":[{"count":0,"href":"https:\/\/www.europesays.com\/at\/wp-json\/wp\/v2\/posts\/378059\/revisions"}],"wp:featuredmedia":[{"embeddable":true,"href":"https:\/\/www.europesays.com\/at\/wp-json\/wp\/v2\/media\/378060"}],"wp:attachment":[{"href":"https:\/\/www.europesays.com\/at\/wp-json\/wp\/v2\/media?parent=378059"}],"wp:term":[{"taxonomy":"category","embeddable":true,"href":"https:\/\/www.europesays.com\/at\/wp-json\/wp\/v2\/categories?post=378059"},{"taxonomy":"post_tag","embeddable":true,"href":"https:\/\/www.europesays.com\/at\/wp-json\/wp\/v2\/tags?post=378059"}],"curies":[{"name":"wp","href":"https:\/\/api.w.org\/{rel}","templated":true}]}}