{"id":378061,"date":"2026-09-06T03:41:07","date_gmt":"2026-09-06T03:41:07","guid":{"rendered":"https:\/\/www.europesays.com\/at\/378061\/"},"modified":"2026-09-06T03:41:07","modified_gmt":"2026-09-06T03:41:07","slug":"guertelrose-impfung-schuetzt-auch-vor-demenz-und-herzinfarkt","status":"publish","type":"post","link":"https:\/\/www.europesays.com\/at\/378061\/","title":{"rendered":"G\u00fcrtelrose-Impfung sch\u00fctzt auch vor Demenz und Herzinfarkt"},"content":{"rendered":"<p>Impfung ist sinnvoll<\/p>\n<p>Die rekombinante Zoster-Impfung (RZV, Shingrix), die seit Oktober 2021 in der Schweiz zugelassen ist, bietet einen Schutz von knapp 90 Prozent vor G\u00fcrtelrose und postherpetischer Neuralgie, unabh\u00e4ngig vom Alter. Kommt es trotzdem zu einer Erkrankung, verl\u00e4uft sie milder als bei Ungeimpften. In mehreren Beobachtungsstudien wurde zudem festgestellt, dass die Impfung zu 20 Prozent vor einer Demenz-Erkrankung sch\u00fctzt.<\/p>\n","protected":false},"excerpt":{"rendered":"Impfung ist sinnvoll Die rekombinante Zoster-Impfung (RZV, Shingrix), die seit Oktober 2021 in der Schweiz zugelassen ist, bietet&hellip;\n","protected":false},"author":2,"featured_media":378062,"comment_status":"","ping_status":"","sticky":false,"template":"","format":"standard","meta":{"footnotes":"","_share_on_mastodon":"0"},"categories":[20],"tags":[59,46,42,72312,1765,124,123,3689,1130,44,35635],"class_list":["post-378061","post","type-post","status-publish","format-standard","has-post-thumbnail","category-gesundheit","tag-aktuell","tag-at","tag-austria","tag-daily","tag-demenz","tag-gesundheit","tag-health","tag-impfungen","tag-krankheit","tag-oesterreich","tag-rat"],"share_on_mastodon":{"url":"https:\/\/pubeurope.com\/@at\/117222027242505616","error":""},"_links":{"self":[{"href":"https:\/\/www.europesays.com\/at\/wp-json\/wp\/v2\/posts\/378061","targetHints":{"allow":["GET"]}}],"collection":[{"href":"https:\/\/www.europesays.com\/at\/wp-json\/wp\/v2\/posts"}],"about":[{"href":"https:\/\/www.europesays.com\/at\/wp-json\/wp\/v2\/types\/post"}],"author":[{"embeddable":true,"href":"https:\/\/www.europesays.com\/at\/wp-json\/wp\/v2\/users\/2"}],"replies":[{"embeddable":true,"href":"https:\/\/www.europesays.com\/at\/wp-json\/wp\/v2\/comments?post=378061"}],"version-history":[{"count":0,"href":"https:\/\/www.europesays.com\/at\/wp-json\/wp\/v2\/posts\/378061\/revisions"}],"wp:featuredmedia":[{"embeddable":true,"href":"https:\/\/www.europesays.com\/at\/wp-json\/wp\/v2\/media\/378062"}],"wp:attachment":[{"href":"https:\/\/www.europesays.com\/at\/wp-json\/wp\/v2\/media?parent=378061"}],"wp:term":[{"taxonomy":"category","embeddable":true,"href":"https:\/\/www.europesays.com\/at\/wp-json\/wp\/v2\/categories?post=378061"},{"taxonomy":"post_tag","embeddable":true,"href":"https:\/\/www.europesays.com\/at\/wp-json\/wp\/v2\/tags?post=378061"}],"curies":[{"name":"wp","href":"https:\/\/api.w.org\/{rel}","templated":true}]}}