{"id":378095,"date":"2026-09-06T04:25:15","date_gmt":"2026-09-06T04:25:15","guid":{"rendered":"https:\/\/www.europesays.com\/at\/378095\/"},"modified":"2026-09-06T04:25:15","modified_gmt":"2026-09-06T04:25:15","slug":"oeaab-steht-zu-woeginger-hohe-zustimmung-bei-wiederwahl","status":"publish","type":"post","link":"https:\/\/www.europesays.com\/at\/378095\/","title":{"rendered":"\u00d6AAB steht zu W\u00f6ginger: Hohe Zustimmung bei Wiederwahl"},"content":{"rendered":"<p _ngcontent-tt-com-www-c3071245697=\"\" data-cy=\"body\">Haag \u2013 Der vormalige \u00d6VP-Klubchef August W\u00f6ginger wurde am Samstag bei einem Bundestag in Haag mit 95,9 Prozent der Delegiertenstimmen als Vorsitzender des \u00d6AAB wiedergew\u00e4hlt. W\u00f6ginger steht dem Arbeitnehmer-Bund der Volkspartei seit 2016 vor.<\/p>\n<p _ngcontent-tt-com-www-c3071245697=\"\" data-cy=\"body\">In seiner Rede am Bundestag attackierte der AAB-Chef vor allem die FP\u00d6 und deren Beziehungen zu den Identit\u00e4ren. Letztere verwendeten Begriffe wie \u201eArierknochen\u201c und \u201eSch\u00e4delvermessungen\u201c. Diese W\u00f6rter stammten aus der dunkelsten Zeit der \u00f6sterreichischen Geschichte.<\/p>\n<p _ngcontent-tt-com-www-c3071245697=\"\" data-cy=\"body\">Hier m\u00fcsse man klar aussprechen und aufzeigen, dass das der \u00d6AAB und die Volkspartei nicht wollten. Das sei enorm wichtig: \u201eWeil ich keinen selbst ernannten Volkskanzler in \u00d6sterreich will.\u201c<\/p>\n<p _ngcontent-tt-com-www-c3071245697=\"\" data-cy=\"body\">W\u00f6ginger war im Mai wegen Anstiftung zum Amtsmissbrauch im Zusammenhang mit der Besetzung des Finanzamts Braunau erstinstanzlich zu sieben Monaten bedingter Haft verurteilt worden. Wiewohl er Rechtsmittel einlegte, zog sich W\u00f6ginger sofort als Fraktionschef der Volkspartei im Nationalrat zur\u00fcck. Seine Funktionen als \u00d6AAB-Obmann und Sozialsprecher behielt er jedoch.<\/p>\n<p _ngcontent-tt-com-www-c3071245697=\"\" data-cy=\"body\">Dass der R\u00fcckhalt in den eigenen Reihen stark ist, zeigte sich schon am Tagungsmotto in Haag, das angelehnt an W\u00f6gingers Spitznamen \u201eGu(s)t f\u00fcr die Zukunft\u201c lautete. Anl\u00e4sslich des Bundestags betonte der AAB-Chef, dass seine Organisation f\u00fcr alle stehe, \u201edie unser Land Tag f\u00fcr Tag tragen\u201c. Leistung schaffe Wohlstand, Wohlstand schaffe soziale Sicherheit und soziale Sicherheit schaffe Zusammenhalt.<\/p>\n<p _ngcontent-tt-com-www-c3071245697=\"\" data-cy=\"body\">Zum Bundestag hatten sich auch etliche Regierungsmitglieder gesellt, etwa Innenminister Gerhard Karner und Kanzleramtsministerin Claudia Bauer. Dazu reisten Klubobmann Ernst G\u00f6dl und Nieder\u00f6sterreichs Landeshauptfrau Johanna Mikl-Leitner nach Haag.<\/p>\n<p _ngcontent-tt-com-www-c3071245697=\"\" data-cy=\"body\">Noch h\u00f6here Zustimmungswerte als W\u00f6ginger erreichten seine Stellvertreter, darunter auch der Tiroler Landtagsvizepr\u00e4sidenten Dominik Mainusch (\u00fcber 99 Prozent). (TT, APA)<\/p>\n","protected":false},"excerpt":{"rendered":"Haag \u2013 Der vormalige \u00d6VP-Klubchef August W\u00f6ginger wurde am Samstag bei einem Bundestag in Haag mit 95,9 Prozent&hellip;\n","protected":false},"author":2,"featured_media":378096,"comment_status":"","ping_status":"","sticky":false,"template":"","format":"standard","meta":{"footnotes":"","_share_on_mastodon":"0"},"categories":[6],"tags":[46,2221,42,682,94413,81051,44,413,43,45],"class_list":["post-378095","post","type-post","status-publish","format-standard","has-post-thumbnail","category-oesterreich","tag-at","tag-august-woeginger","tag-austria","tag-innenpolitik","tag-korruptionsermittlung","tag-oeaab","tag-oesterreich","tag-oevp","tag-republic-of-austria","tag-republik-oesterreich"],"share_on_mastodon":{"url":"https:\/\/pubeurope.com\/@at\/117222200190042119","error":""},"_links":{"self":[{"href":"https:\/\/www.europesays.com\/at\/wp-json\/wp\/v2\/posts\/378095","targetHints":{"allow":["GET"]}}],"collection":[{"href":"https:\/\/www.europesays.com\/at\/wp-json\/wp\/v2\/posts"}],"about":[{"href":"https:\/\/www.europesays.com\/at\/wp-json\/wp\/v2\/types\/post"}],"author":[{"embeddable":true,"href":"https:\/\/www.europesays.com\/at\/wp-json\/wp\/v2\/users\/2"}],"replies":[{"embeddable":true,"href":"https:\/\/www.europesays.com\/at\/wp-json\/wp\/v2\/comments?post=378095"}],"version-history":[{"count":0,"href":"https:\/\/www.europesays.com\/at\/wp-json\/wp\/v2\/posts\/378095\/revisions"}],"wp:featuredmedia":[{"embeddable":true,"href":"https:\/\/www.europesays.com\/at\/wp-json\/wp\/v2\/media\/378096"}],"wp:attachment":[{"href":"https:\/\/www.europesays.com\/at\/wp-json\/wp\/v2\/media?parent=378095"}],"wp:term":[{"taxonomy":"category","embeddable":true,"href":"https:\/\/www.europesays.com\/at\/wp-json\/wp\/v2\/categories?post=378095"},{"taxonomy":"post_tag","embeddable":true,"href":"https:\/\/www.europesays.com\/at\/wp-json\/wp\/v2\/tags?post=378095"}],"curies":[{"name":"wp","href":"https:\/\/api.w.org\/{rel}","templated":true}]}}