{"id":378117,"date":"2026-09-06T04:45:17","date_gmt":"2026-09-06T04:45:17","guid":{"rendered":"https:\/\/www.europesays.com\/at\/378117\/"},"modified":"2026-09-06T04:45:17","modified_gmt":"2026-09-06T04:45:17","slug":"mit-moral-und-glueck-bvb-siegt-bei-tsg-hoffenheim-nach-comeback","status":"publish","type":"post","link":"https:\/\/www.europesays.com\/at\/378117\/","title":{"rendered":"Mit Moral und Gl\u00fcck: BVB siegt bei TSG Hoffenheim nach Comeback"},"content":{"rendered":"<p> <img decoding=\"async\" src=\"https:\/\/www.europesays.com\/at\/wp-content\/uploads\/2026\/09\/74fc75737bcacaff3a238ea7c230855ed27bd473.jpg\" alt=\"\"\/> <\/p>\n<p>Der BVB spielt eine Stunde lang ausw\u00e4rts bei der TSG 1899 Hoffenheim schwach und beh\u00e4big &#8211; aber der Vizemeister siegt dennoch im Kraichgau. W\u00e4hrend es f\u00fcr die Dortmunder damit im zweiten Spiel der zweite Sieg ist, bedeutet das 2:3 f\u00fcr die Gastgeber die zweite Niederlage nach dem 2:3 zum Auftakt beim 1. FC K\u00f6ln, wo das Team um den \u00f6sterreichischen Cheftrainer Christian Ilzer ebenfalls einen Vorsprung aus der Hand gab.<\/p>\n<p><img decoding=\"async\" src=\"https:\/\/www.europesays.com\/at\/wp-content\/uploads\/2026\/09\/1f1575e281bc66a87086f000bcf8da259f0a9e38.jpg\" alt=\"BVB feiert Tor von Fabio Silva (Foto: AFP\/SID\/THOMAS KIENZLE)\"\/><\/p>\n<p>BVB feiert Tor von Fabio Silva<\/p>\n<p>Foto: AFP\/SID\/THOMAS KIENZLE<\/p>\n<p>Sinsheim (SID) Niko Kovac schlug so krachend mit Ole Book ein, dass es in den Handgelenken knirschte. Eine gute Stunde hatte es f\u00fcr den Trainer und den Sportdirektor von Borussia Dortmund nach der alten Leier ausgesehen &#8211; aber dann drehte der BVB pl\u00f6tzlich auf und gewann das verloren geglaubte Spiel bei der TSG Hoffenheim noch 3:2 (0:1). Die Generalprobe f\u00fcr den Champions-League-Start gegen den FC Villarreal am Dienstag ist doch noch gelungen.<\/p>\n<p>&#8222;Das war sch\u00f6n. Das war cool&#8220;, sagte BVB-Torh\u00fcter Gregor Kobel im Sky-Interview, er entlarvte diese Aussage aber sogleich als Scherz: &#8222;Wir haben uns extrem schwergetan, dass wir hier gewinnen, ist gl\u00fccklich. Wenn wir solche Spiele gewinnen, sieht es sehr gut aus f\u00fcr uns.&#8220; Der zwischenzeitlich wackelnde Vizemeister hat in der Liga nach zwei Spielen die maximalen sechs Punkte auf dem Konto, wof\u00fcr sich besonders Last-Minute-Zugang Ethan Nwaneri und Torsch\u00fctze Fabio Silva minutenlang vor der schwarz-gelben Kurve feiern lie\u00dfen.<\/p>\n<p>Serhou Guirassy (61.) und Silva (66.) trafen f\u00fcr die Dortmunder, die am Dienstag keine Probleme in der ersten Runde des DFB-Pokals beim Oberligisten HEBC aus Hamburg (5:0) gehabt hatten. Entscheidend war allerdings ein sp\u00e4tes Eigentor von Albian Hajdari (87.). Die Kraichgauer starteten trotz der Tore von Leon Avdullahu (45.) und Tim Lemperle (54.) erstmals seit 2015 mit zwei Niederlagen.<\/p>\n<p>Die 30.150 Zuschauer sahen in der Anfangsphase eine zerfahrene Partie. Nur der Ex-Hoffenheimer Maximilian Beier sorgte f\u00fcr einen Hauch von Gefahr vor dem TSG-Tor (6.). Bei den Gastgebern schloss Adam Hlozek nicht genau genug ab (17.).<\/p>\n<p>Nach einer knappen halben Stunde gab es mehr zu sehen. Zun\u00e4chst parierte Kobel einen Schuss des Hoffenheimer Neuzugangs Adam Daghim (30.). Kurz darauf musste BVB-Verteidiger Filippo Mane verletzt vom Platz (32.), Nwaneri kam fr\u00fcher als erwartet zu seinem Bundesligadeb\u00fct. Zwei Minuten sp\u00e4ter musste Kobel bei einem Kopfball Hlozeks ran.<\/p>\n<p>Die G\u00e4ste wurden gegen Ende der ersten H\u00e4lfte immer schw\u00e4cher und bettelten um ein Gegentor. Avdullahu tat ihnen mit einem Distanzschuss noch vor der Pause den &#8222;Gefallen&#8220;.<\/p>\n<p>Zu Beginn des zweiten Durchgangs kam der Dortmunder Neuzugang Joey Veerman f\u00fcr den schwachen deutschen Nationalspieler Felix Nmecha. Besser wurde es aus BVB-Sicht allerdings nicht. Kobel musste die G\u00e4ste gegen den frei vor ihm aufgetauchten Lemperle im Spiel halten (49.). Vier Minuten sp\u00e4ter hatte Ozan Kabak das zweite TSG-Tor auf dem Kopf.<\/p>\n<p>Die Dortmunder fielen in dieser Phase in sich zusammen. Lemperle erzielte den l\u00e4ngst f\u00e4lligen Treffer. Der Schuss des Ex-K\u00f6lners wurde von BVB-Kapit\u00e4n Waldemar Anton abgef\u00e4lscht.<\/p>\n<p>Der Dortmunder Anschluss durch Guirassy fiel aus dem Nichts, die Hoffenheimer beschwerten sich \u00fcber ein angebliches Foul in der Entstehung. Der kurz zuvor eingewechselte Silva machte den Doppelschlag binnen f\u00fcnf Minuten perfekt &#8211; der BVB war wieder im Spiel. Am Ende reichte ein gl\u00fcckliches Tor sogar zum Sieg.<\/p>\n<p class=\"text-secondary\">\u00a9 2026 SID<\/p>\n","protected":false},"excerpt":{"rendered":"Der BVB spielt eine Stunde lang ausw\u00e4rts bei der TSG 1899 Hoffenheim schwach und beh\u00e4big &#8211; aber der&hellip;\n","protected":false},"author":2,"featured_media":378118,"comment_status":"","ping_status":"","sticky":false,"template":"","format":"standard","meta":{"footnotes":"","_share_on_mastodon":"0"},"categories":[8],"tags":[10139,77,83905,83908,40,41,39,38],"class_list":["post-378117","post","type-post","status-publish","format-standard","has-post-thumbnail","category-nachrichten","tag-bvb","tag-champions-league","tag-ethan-nwaneri","tag-fabio-silva","tag-nachrichten","tag-news","tag-schlagzeilen","tag-top-meldungen"],"share_on_mastodon":{"url":"https:\/\/pubeurope.com\/@at\/117222279089238970","error":""},"_links":{"self":[{"href":"https:\/\/www.europesays.com\/at\/wp-json\/wp\/v2\/posts\/378117","targetHints":{"allow":["GET"]}}],"collection":[{"href":"https:\/\/www.europesays.com\/at\/wp-json\/wp\/v2\/posts"}],"about":[{"href":"https:\/\/www.europesays.com\/at\/wp-json\/wp\/v2\/types\/post"}],"author":[{"embeddable":true,"href":"https:\/\/www.europesays.com\/at\/wp-json\/wp\/v2\/users\/2"}],"replies":[{"embeddable":true,"href":"https:\/\/www.europesays.com\/at\/wp-json\/wp\/v2\/comments?post=378117"}],"version-history":[{"count":0,"href":"https:\/\/www.europesays.com\/at\/wp-json\/wp\/v2\/posts\/378117\/revisions"}],"wp:featuredmedia":[{"embeddable":true,"href":"https:\/\/www.europesays.com\/at\/wp-json\/wp\/v2\/media\/378118"}],"wp:attachment":[{"href":"https:\/\/www.europesays.com\/at\/wp-json\/wp\/v2\/media?parent=378117"}],"wp:term":[{"taxonomy":"category","embeddable":true,"href":"https:\/\/www.europesays.com\/at\/wp-json\/wp\/v2\/categories?post=378117"},{"taxonomy":"post_tag","embeddable":true,"href":"https:\/\/www.europesays.com\/at\/wp-json\/wp\/v2\/tags?post=378117"}],"curies":[{"name":"wp","href":"https:\/\/api.w.org\/{rel}","templated":true}]}}