{"id":378167,"date":"2026-09-06T05:43:22","date_gmt":"2026-09-06T05:43:22","guid":{"rendered":"https:\/\/www.europesays.com\/at\/378167\/"},"modified":"2026-09-06T05:43:22","modified_gmt":"2026-09-06T05:43:22","slug":"krauss-ludwig-und-emmerling-haben-unsere-kinder-verraten-und-sind-ruecktrittsreif","status":"publish","type":"post","link":"https:\/\/www.europesays.com\/at\/378167\/","title":{"rendered":"Krauss: \u201eLudwig und Emmerling haben unsere Kinder verraten und sind r\u00fccktrittsreif\u201c"},"content":{"rendered":"<p>Wien (OTS) &#8211;\u00a0<\/p>\n<p>\u201eDie j\u00fcngsten Schilderungen aus unseren Schulen sind ein politischer Offenbarungseid. W\u00e4hrend B\u00fcrgermeister Ludwig und Bildungsstadtr\u00e4tin Emmerling seit Jahren von gelungener Integration und buntem Miteinander sprechen, berichten Lehrer von Gewalt, Einsch\u00fcchterung, religi\u00f6sem Druck und islamistischen Weltbildern. Wer das noch immer als Einzelf\u00e4lle abtut, hat den Kontakt zur Realit\u00e4t verloren\u201c, erkl\u00e4rt FP\u00d6-Bildungssprecher und Klubobmann Maximilian Krauss.<\/p>\n<p>Besonders ersch\u00fctternd seien Berichte \u00fcber M\u00e4dchen, die aus Angst vor Repressalien ihre Kleidung ver\u00e4ndern, sich zur\u00fcckziehen oder unter Druck gesetzt werden. \u201eDas ist nicht Integration, sondern das Gegenteil. In \u00d6sterreich entscheidet jedes M\u00e4dchen selbst, was es anzieht, wohin es geht und wie es lebt. Diese Freiheit ist nicht verhandelbar.\u201c<\/p>\n<p>Auch Burschen, die M\u00e4dchen bedr\u00e4ngen oder traditionelle Rollenbilder mit Gewalt durchsetzen wollen, seien ein Alarmsignal. \u201eUnsere Schulen sind keine rechtsfreien R\u00e4ume und schon gar keine Orte, an denen Parallelgesellschaften ihre eigenen Regeln schaffen k\u00f6nnen.\u201c<\/p>\n<p>Besonders w\u00fctend zeigt sich Krauss \u00fcber Lehrer, die sich vor Repressalien und Gewalt f\u00fcrchten. \u201eEs ist untragbar, wenn P\u00e4dagogen Angst haben m\u00fcssen, ihren Beruf auszu\u00fcben. Wir haben bereits heute einen gravierenden Lehrermangel. Wenn Lehrer keinen R\u00fcckhalt und Schutz erfahren, werden noch mehr den Beruf verlassen.\u201c<\/p>\n<p>Die politische Verantwortung sieht Krauss vor allem bei der Wiener Stadtregierung: \u201eB\u00fcrgermeister Michael Ludwig und Bildungsstadtr\u00e4tin Bettina Emmerling haben die Wiener Kinder und Lehrer im Stich gelassen. Wer jahrelang wegschaut und solche Zust\u00e4nde zul\u00e4sst, kann nicht einfach zur Tagesordnung \u00fcbergehen. Ich fordere daher den R\u00fccktritt von Ludwig und Emmerling.\u201c<\/p>\n<p>Auch Integrationsministerin Claudia Bauer m\u00fcsse nach dem Runden Tisch konkrete Konsequenzen ziehen. \u201eDer Runde Tisch darf kein weiteres Gespr\u00e4chsformat ohne Folgen bleiben. Es braucht konkrete Ma\u00dfnahmen, konsequente Sanktionen und echten Schutz f\u00fcr unsere Lehrer und Sch\u00fcler.\u201c<\/p>\n<p>\u201eIntegration bedeutet, unsere Gesetze, Grundwerte und die Gleichberechtigung von Mann und Frau zu respektieren. Unsere Schulen geh\u00f6ren den Kindern und Lehrern \u2013 nicht religi\u00f6sen Fanatikern oder selbsternannten Sittenw\u00e4chtern. Die Zeit des Wegschauens muss vorbei sein\u201c, schlie\u00dft Krauss. <\/p>\n<p _ngcontent-ng-c2115416006=\"\"> OTS-ORIGINALTEXT PRESSEAUSSENDUNG UNTER AUSSCHLIESSLICHER<br \/>\nINHALTLICHER VERANTWORTUNG DES AUSSENDERS &#8211; WWW.OTS.AT | NFW<\/p>\n","protected":false},"excerpt":{"rendered":"Wien (OTS) &#8211;\u00a0 \u201eDie j\u00fcngsten Schilderungen aus unseren Schulen sind ein politischer Offenbarungseid. W\u00e4hrend B\u00fcrgermeister Ludwig und Bildungsstadtr\u00e4tin&hellip;\n","protected":false},"author":2,"featured_media":378168,"comment_status":"","ping_status":"","sticky":false,"template":"","format":"standard","meta":{"footnotes":"","_share_on_mastodon":"0"},"categories":[6],"tags":[26393,26395,46,42,1001,15294,636,458,44,26394,43,45,16467,9786,182],"class_list":["post-378167","post","type-post","status-publish","format-standard","has-post-thumbnail","category-oesterreich","tag-apa","tag-apa-ots","tag-at","tag-austria","tag-bildung","tag-emmerling","tag-lehrer","tag-ludwig","tag-oesterreich","tag-ots","tag-republic-of-austria","tag-republik-oesterreich","tag-ruecktritt","tag-schulen","tag-wien"],"share_on_mastodon":{"url":"https:\/\/pubeurope.com\/@at\/117222506932942974","error":""},"_links":{"self":[{"href":"https:\/\/www.europesays.com\/at\/wp-json\/wp\/v2\/posts\/378167","targetHints":{"allow":["GET"]}}],"collection":[{"href":"https:\/\/www.europesays.com\/at\/wp-json\/wp\/v2\/posts"}],"about":[{"href":"https:\/\/www.europesays.com\/at\/wp-json\/wp\/v2\/types\/post"}],"author":[{"embeddable":true,"href":"https:\/\/www.europesays.com\/at\/wp-json\/wp\/v2\/users\/2"}],"replies":[{"embeddable":true,"href":"https:\/\/www.europesays.com\/at\/wp-json\/wp\/v2\/comments?post=378167"}],"version-history":[{"count":0,"href":"https:\/\/www.europesays.com\/at\/wp-json\/wp\/v2\/posts\/378167\/revisions"}],"wp:featuredmedia":[{"embeddable":true,"href":"https:\/\/www.europesays.com\/at\/wp-json\/wp\/v2\/media\/378168"}],"wp:attachment":[{"href":"https:\/\/www.europesays.com\/at\/wp-json\/wp\/v2\/media?parent=378167"}],"wp:term":[{"taxonomy":"category","embeddable":true,"href":"https:\/\/www.europesays.com\/at\/wp-json\/wp\/v2\/categories?post=378167"},{"taxonomy":"post_tag","embeddable":true,"href":"https:\/\/www.europesays.com\/at\/wp-json\/wp\/v2\/tags?post=378167"}],"curies":[{"name":"wp","href":"https:\/\/api.w.org\/{rel}","templated":true}]}}