{"id":378207,"date":"2026-09-06T06:21:19","date_gmt":"2026-09-06T06:21:19","guid":{"rendered":"https:\/\/www.europesays.com\/at\/378207\/"},"modified":"2026-09-06T06:21:19","modified_gmt":"2026-09-06T06:21:19","slug":"historischer-rekord-fuer-giorgia-meloni","status":"publish","type":"post","link":"https:\/\/www.europesays.com\/at\/378207\/","title":{"rendered":"Historischer Rekord f\u00fcr Giorgia Meloni"},"content":{"rendered":"<p>\nL\u00e4ngste Amtszeit in Italien\n<\/p>\n<p><img loading=\"lazy\" decoding=\"async\" src=\"https:\/\/s.uicdn.com\/uimag\/7.12280.0\/assets\/_sn_\/module_assets\/article\/readtime.svg\" alt=\"Lesezeit\" width=\"14\" height=\"14\"\/><\/p>\n<p>Lesezeit 4 Min.<\/p>\n<p>Aktualisiert am 04.09.2026, 10:13 Uhr<\/p>\n<p><img loading=\"lazy\" decoding=\"async\" src=\"https:\/\/www.europesays.com\/at\/wp-content\/uploads\/2026\/09\/42687462,pd=2,f=responsive169-w950.jpg\" alt=\"\" width=\"950\" height=\"534\"\/><\/p>\n<p>\u00a9 Video-Redaktion<\/p>\n<p class=\"content__description\" data-speakable=\"\">1.413 Tage am St\u00fcck ist sie nun schon Regierungschefin &#8211; f\u00fcr Italien untypisch lang. Die Rechtspolitikerin Giorgia Meloni regiert stabil, doch es gibt erste Risse. Erreicht sie bald noch einen weiteren Meilenstein?<\/p>\n<p data-speakable=\"\">H\u00f6chstens sechs Monate, dann sei Schluss &#8211; so lauteten nach <a data-component-name=\"link.semantic\" data-brain-zone=\".42686750.content.textlink_1\" data-component-path=\"content.textlink_1\" href=\"https:\/\/www.gmx.at\/magazine\/politik\/thema\/giorgia-meloni\" rel=\"nofollow noopener\" target=\"_blank\">Giorgia Melonis<\/a> eigener Erinnerung die Prognosen f\u00fcr ihre rechte Regierung. Die Finanzkrise werde kommen, <a data-component-name=\"link.semantic\" data-brain-zone=\".42686750.content.textlink_2\" data-component-path=\"content.textlink_2\" href=\"https:\/\/www.gmx.at\/magazine\/reise\/thema\/italien\" rel=\"nofollow noopener\" target=\"_blank\">Italien<\/a> auf internationaler B\u00fchne komplett isoliert sein. &#8222;Und dann sind sie alle schwei\u00dfgebadet aufgewacht&#8220;, spottete die italienische Ministerpr\u00e4sidentin schon vor knapp zwei Jahren \u00fcber jene, die ihrer Regierung damals ein schnelles Ende prophezeiten.<\/p>\n<p>Meloni sorgt f\u00fcr Stabilit\u00e4t<\/p>\n<p data-speakable=\"\">Nun folgt eine historische Pointe: Mit dem heutigen Tag ist Melonis Regierung <a data-brain-zone=\".42686750.content.textlink_3\" data-component-path=\"content.textlink_3\" data-component-name=\"link.editorial\" href=\"https:\/\/www.gmx.at\/magazine\/politik\/meloni-unmittelbar-historischem-rekord-42665512\" rel=\"nofollow noopener\" target=\"_blank\">l\u00e4nger ununterbrochen im Amt als jedes andere Kabinett<\/a> seit der Gr\u00fcndung der Republik 1946. 1.413 Tage sind seit der Vereidigung ihrer Mitte-rechts-Koalition am 22. Oktober 2022 vergangen. Damit l\u00f6st sie <a data-component-name=\"link.semantic\" data-brain-zone=\".42686750.content.textlink_4\" data-component-path=\"content.textlink_4\" href=\"https:\/\/www.gmx.at\/magazine\/politik\/thema\/silvio-berlusconi\" rel=\"nofollow noopener\" target=\"_blank\">Silvio Berlusconis<\/a> zweite Regierung als bislang langlebigste ab. Berlusconi regierte von 2001 bis 2005 ganze 1.412 Tage.<\/p>\n<p data-speakable=\"\">Die 49 Jahre alte Meloni und ihre Koalition aus drei rechten und konservativen Parteien haben geschafft, was ihren Vorg\u00e4ngern selten gelang: Sie sorgen f\u00fcr Stabilit\u00e4t. Seit 1946 gab es 68 Regierungen, sie hielten im Schnitt nur 13 Monate.<\/p>\n<p data-speakable=\"\">Melonis Rekord betrifft allerdings nur die ununterbrochene Amtszeit eines einzelnen Kabinetts. Rechnet man mehrere Regierungen desselben Ministerpr\u00e4sidenten zusammen, bleibt Berlusconi mit mehr als neun Jahren an der Spitze. Meloni steht in dieser Rangliste derzeit auf Platz sieben.<\/p>\n<p>Fr\u00fcher &#8222;gef\u00e4hrlichste Frau Europas&#8220;<\/p>\n<p data-speakable=\"\">Die Politikerin und ihre Partei Fratelli d&#8217;Italia inszenieren dies als gro\u00dfen Erfolg. Am Freitag ist eine Kundgebung in der s\u00fcditalienischen Stadt Bari geplant, bei der am Abend auch eine Ansprache von Parteichefin Meloni vorgesehen ist.<\/p>\n<p data-speakable=\"\">Und tats\u00e4chlich kann Meloni auf eine aus ihrer Sicht ordentliche Bilanz verweisen: Seit fast vier Jahren regieren ihre Fratelli mit der Lega und Forza Italia durchaus stabil. Trotz Reibereien vor allem zwischen den beiden Juniorpartnern h\u00e4lt die Koalition. In den Umfragen liegt Meloni mit ihren Fratelli bei etwa 27 Prozent und damit klar vor allen anderen Parteien.<\/p>\n<p><a href=\"https:\/\/www.gmx.at\/magazine\/politik\/inland\/macron-merz-meloni-bestimmt-europas-aussenpolitik-42564654\" data-brain-zone=\".42686750.content.teaser_1.1\" data-component-path=\"content.teaser_1.1\" data-component-name=\"link.editorial\" class=\"teaser teaser--horizontal\" data-block-name=\"content.teaser_1\" data-item-position=\"1\" data-item-source=\"cms\" data-article-id=\"cmd:42564654\" rel=\"nofollow noopener\" target=\"_blank\"><\/p>\n<p><img loading=\"lazy\" decoding=\"async\" src=\"https:\/\/www.europesays.com\/at\/wp-content\/uploads\/2026\/09\/42564708,pd=4,f=teaser-xs-box.jpg\" alt=\"\" width=\"76\" height=\"76\" class=\"teaser__image\"\/><\/p>\n<p>\nAnalyse<\/p>\n<p>|F\u00fchrung in der EU\n<\/p>\n<p>Macron, Merz, Meloni: Wer bestimmt Europas Au\u00dfenpolitik? <\/p>\n<p><img decoding=\"async\" src=\"https:\/\/www.europesays.com\/at\/wp-content\/uploads\/2026\/09\/38897360,pd=2,f=responsive-author-w60.jpg\" alt=\"\" width=\"60\" height=\"60\" loading=\"lazy\"\/><\/p>\n<p>von Katharina Ahnefeld<\/p>\n<p><\/a><\/p>\n<p data-speakable=\"\">Au\u00dferhalb Italiens ist ihre Regierung keineswegs isoliert. Entsprechende Bef\u00fcrchtungen haben sich nicht bewahrheitet. Kurz vor der Wahl im Herbst 2022 titelte das Magazin &#8222;Stern&#8220; mit Blick auf Meloni: &#8222;Die gef\u00e4hrlichste Frau <a data-component-name=\"link.semantic\" data-brain-zone=\".42686750.content.textlink_5\" data-component-path=\"content.textlink_5\" href=\"https:\/\/www.gmx.at\/magazine\/reise\/thema\/europa\" rel=\"nofollow noopener\" target=\"_blank\">Europas<\/a>&#8222;. Auch EU-Kommissionspr\u00e4sidentin Ursula von der Leyen sagte damals, wenn die Dinge &#8222;in eine schwierige Richtung&#8220; gingen, habe die <a data-component-name=\"link.semantic\" data-brain-zone=\".42686750.content.textlink_6\" data-component-path=\"content.textlink_6\" href=\"https:\/\/www.gmx.at\/magazine\/politik\/thema\/europaeische-union\" rel=\"nofollow noopener\" target=\"_blank\">EU<\/a> &#8222;Instrumente&#8220;.<\/p>\n<p data-speakable=\"\">Immer wieder wurden damals die Wurzeln ihrer Partei erw\u00e4hnt, Meloni selbst wurde als Postfaschistin bezeichnet. Die Fratelli sind eine Nachfolgepartei des 1946 von Getreuen des faschistischen Diktators Benito Mussolini (1883-1945) gegr\u00fcndeten neofaschistischen MSI (Movimento Sociale Italiano).<\/p>\n<p>Pragmatischer Weg seit Amtsantritt<\/p>\n<p data-speakable=\"\">Im Wahlkampf gab sich Meloni radikal und kritisierte die EU, suchte die N\u00e4he zur extremen Rechten in Europa und gerierte sich als Traditionalistin. &#8222;Ich bin Giorgia, ich bin eine Frau, ich bin eine Mutter, ich bin Italienerin, ich bin Christin&#8220;, ist ihr bekanntester Ausspruch. Nach der Trennung von ihrem langj\u00e4hrigen Partner erzieht sie ihre neun Jahre alte Tochter allein.<\/p>\n<p data-speakable=\"\">Meloni hat nach ihrem Amtsantritt jedoch einen pragmatischen Weg eingeschlagen. In Europa positioniert sie sich als verl\u00e4ssliche Partnerin und verfolgt einen klaren Kurs an der Seite der Ukraine. Vom Magazin &#8222;Politico&#8220; wurde sie zwischenzeitlich zur m\u00e4chtigsten Pers\u00f6nlichkeit Europas gek\u00fcrt.<\/p>\n<p data-speakable=\"\">Fr\u00fcher von den europ\u00e4ischen Partnern bel\u00e4chelt als Land der instabilen und kurzlebigen Regierungen gilt Melonis Italien und ihre Regierung im Vergleich zu anderen EU-L\u00e4ndern mittlerweile als Hort der Stabilit\u00e4t. Inzwischen hat die Politikerin seit ihrem Amtsantritt f\u00fcnf franz\u00f6sische und vier britische Premierminister erlebt &#8211; und auch zwei deutsche Bundeskanzler.<\/p>\n<p>Erste Risse und Druck von rechts au\u00dfen<\/p>\n<p data-speakable=\"\">Doch ausgerechnet in den Wochen und Monaten vor dem Rekord zeigen sich Risse. Au\u00dfenpolitisch hat Melonis einst enges Verh\u00e4ltnis zu US-Pr\u00e4sident Donald Trump einen herben D\u00e4mpfer bekommen. Die beiden stritten auf offener B\u00fchne.<\/p>\n<p><a href=\"https:\/\/www.gmx.at\/magazine\/politik\/videos\/meloni-kontert-trump-einverstanden-42121776\" data-brain-zone=\".42686750.content.teaser_2.1\" data-component-path=\"content.teaser_2.1\" data-component-name=\"link.editorial\" class=\"teaser teaser--vertical\" data-block-name=\"content.teaser_2\" data-item-position=\"1\" data-item-source=\"cms\" data-article-id=\"cmd:42121776\" rel=\"nofollow noopener\" target=\"_blank\"><\/p>\n<p><img decoding=\"async\" src=\"https:\/\/www.europesays.com\/at\/wp-content\/uploads\/2026\/09\/42121778,pd=1,f=teaser-xs-box.jpg\" alt=\"\" width=\"76\" height=\"76\" loading=\"lazy\" class=\"teaser__image\"\/><\/p>\n<p>1:37\n<\/p>\n<p>\u00d6ffentlicher Streit\n<\/p>\n<p>Meloni kontert Trump: &#8222;Ich sage, wenn ich nicht einverstanden bin\u201c<\/p>\n<p><\/a><\/p>\n<p data-speakable=\"\">Auch in der Innenpolitik musste Meloni zuletzt R\u00fcckschl\u00e4ge einstecken. Eines ihrer Prestigeprojekte scheiterte im M\u00e4rz: In einem Referendum lehnten die Italiener ihre Justizreform ab. Es war Melonis erste gro\u00dfe politische Niederlage. Der zweite R\u00fcckschlag folgte wenige Monate sp\u00e4ter: Sie verlor eine Abstimmung im Parlament f\u00fcr eine von ihr vorangetriebene Wahlrechtsreform.<\/p>\n<p>Neue Partei k\u00f6nnte zum entscheidenden Faktor werden<\/p>\n<p data-speakable=\"\">Hinzu kommt nun ein Gegner von noch weiter rechts: Der Ex-General Roberto Vannacci fordert mit seiner Partei Futuro Nazionale die Regierung offen heraus. Vannacci fiel mit homophoben und rassistischen \u00c4u\u00dferungen auf. In Umfragen liegt die Partei inzwischen bei gut sieben Prozent &#8211; und damit vor Melonis kleineren Koalitionspartnern Lega und Forza Italia. Die neue Partei k\u00f6nnte bei der n\u00e4chsten Wahl zum entscheidenden Faktor im rechten Lager werden.<\/p>\n<p><a href=\"https:\/\/www.gmx.at\/magazine\/politik\/meloni-kassiert-schwere-schlappe-volksabstimmung-italien-42041752\" data-brain-zone=\".42686750.content.teaser_3.1\" data-component-path=\"content.teaser_3.1\" data-component-name=\"link.editorial\" class=\"teaser teaser--horizontal\" data-block-name=\"content.teaser_3\" data-item-position=\"1\" data-item-source=\"cms\" data-article-id=\"cmd:42041752\" rel=\"nofollow noopener\" target=\"_blank\"><\/p>\n<p><img decoding=\"async\" src=\"https:\/\/www.europesays.com\/at\/wp-content\/uploads\/2026\/09\/volksabstimmung-justizreform-italien.jpg\" alt=\"\" width=\"76\" height=\"76\" loading=\"lazy\" class=\"teaser__image\"\/><\/p>\n<p>\nJustizreform gescheitert\n<\/p>\n<p>Meloni kassiert schwere Schlappe bei Volksabstimmung in Italien<\/p>\n<p><\/a><\/p>\n<p data-speakable=\"\">Meloni reagiert auf die Konkurrenz nerv\u00f6s. Die Ankunft Zehntausender Migranten in Spaniens Nordafrika-Exklave Ceuta im August nutzte sie zur Profil-Sch\u00e4rfung beim Thema Migration und k\u00fcndigte &#8222;gezielte Grenzkontrollen&#8220; an.<\/p>\n<p data-speakable=\"\">Kritiker werteten dies mit Blick auf Vannacci allerdings als innenpolitisch motivierte Symbolpolitik. Denn zu keinem Zeitpunkt gab es Hinweise, dass die Migranten in Ceuta \u00fcberhaupt nach Italien weiterreisen wollten. F\u00fcr ihre Profilierung nahm Meloni Spannungen mit dem EU-Partner Spanien in Kauf.<\/p>\n<p>Empfehlungen der Redaktion<\/p>\n<p data-speakable=\"\">Ob die j\u00fcngsten Risse Melonis Regierung tats\u00e4chlich gef\u00e4hrlich werden, muss sich zeigen. Ihr n\u00e4chstes gro\u00dfes Ziel liegt aber bereits vor ihr: H\u00e4lt die Koalition bis zur im kommenden Jahr geplanten Parlamentswahl, h\u00e4tte Meloni als erste Regierungschefin seit 1946 eine komplette Legislaturperiode ohne Regierungswechsel durchgehalten. Der n\u00e4chste Rekord also. (Robert Messer, dpa\/bearbeitet von sbi)<\/p>\n<p>\nTeaserbild: \u00a9 Corbis via Getty Images\/Simona Granati<\/p>\n","protected":false},"excerpt":{"rendered":"L\u00e4ngste Amtszeit in Italien Lesezeit 4 Min. Aktualisiert am 04.09.2026, 10:13 Uhr \u00a9 Video-Redaktion 1.413 Tage am St\u00fcck&hellip;\n","protected":false},"author":2,"featured_media":378208,"comment_status":"","ping_status":"","sticky":false,"template":"","format":"standard","meta":{"footnotes":"","_share_on_mastodon":"0"},"categories":[12],"tags":[76,21890,1012,21268,40,41,39,62076,66,65,64],"class_list":["post-378207","post","type-post","status-publish","format-standard","has-post-thumbnail","category-welt","tag-eu","tag-giorgia-meloni","tag-italien","tag-meilenstein","tag-nachrichten","tag-news","tag-schlagzeilen","tag-silvio-berlusconi","tag-welt","tag-world","tag-world-news"],"share_on_mastodon":{"url":"https:\/\/pubeurope.com\/@at\/117222656758730346","error":""},"_links":{"self":[{"href":"https:\/\/www.europesays.com\/at\/wp-json\/wp\/v2\/posts\/378207","targetHints":{"allow":["GET"]}}],"collection":[{"href":"https:\/\/www.europesays.com\/at\/wp-json\/wp\/v2\/posts"}],"about":[{"href":"https:\/\/www.europesays.com\/at\/wp-json\/wp\/v2\/types\/post"}],"author":[{"embeddable":true,"href":"https:\/\/www.europesays.com\/at\/wp-json\/wp\/v2\/users\/2"}],"replies":[{"embeddable":true,"href":"https:\/\/www.europesays.com\/at\/wp-json\/wp\/v2\/comments?post=378207"}],"version-history":[{"count":0,"href":"https:\/\/www.europesays.com\/at\/wp-json\/wp\/v2\/posts\/378207\/revisions"}],"wp:featuredmedia":[{"embeddable":true,"href":"https:\/\/www.europesays.com\/at\/wp-json\/wp\/v2\/media\/378208"}],"wp:attachment":[{"href":"https:\/\/www.europesays.com\/at\/wp-json\/wp\/v2\/media?parent=378207"}],"wp:term":[{"taxonomy":"category","embeddable":true,"href":"https:\/\/www.europesays.com\/at\/wp-json\/wp\/v2\/categories?post=378207"},{"taxonomy":"post_tag","embeddable":true,"href":"https:\/\/www.europesays.com\/at\/wp-json\/wp\/v2\/tags?post=378207"}],"curies":[{"name":"wp","href":"https:\/\/api.w.org\/{rel}","templated":true}]}}