{"id":378251,"date":"2026-09-06T07:01:15","date_gmt":"2026-09-06T07:01:15","guid":{"rendered":"https:\/\/www.europesays.com\/at\/378251\/"},"modified":"2026-09-06T07:01:15","modified_gmt":"2026-09-06T07:01:15","slug":"rakete-spectrum-erreicht-orbit-deutschland-kann-raumfahrt","status":"publish","type":"post","link":"https:\/\/www.europesays.com\/at\/378251\/","title":{"rendered":"Rakete Spectrum erreicht Orbit &#8211; &#8222;Deutschland kann Raumfahrt&#8220;"},"content":{"rendered":"<p>            <img loading=\"lazy\" decoding=\"async\" class=\"ts-image\" src=\"https:\/\/www.europesays.com\/at\/wp-content\/uploads\/2026\/09\/spectrum-100.jpg\" alt=\"Raketenstart\" title=\"Raketenstart | via REUTERS\"\/><\/p>\n<p class=\"metatextline\">Stand: 06.09.2026 \u2022 00:20 Uhr<\/p>\n<p class=\"article-head__shorttext\">\n        Meilenstein in der deutschen Raumfahrtgeschichte: Die Tr\u00e4gerrakete Spectrum hat bei einem Testflug vom norwegischen Weltraumbahnhof And\u00f8ya aus den Orbit erreicht. Das Raketen-Unternehmen spricht von einer europ\u00e4ischen Premiere.\n    <\/p>\n<p class=\"textabsatz m-ten m-offset-one l-eight l-offset-two columns twelve\">Eine von dem bayerischen Raumfahrtunternehmen Isar Aerospace entwickelte Tr\u00e4gerrakete hat bei einem Testflug den Orbit erreicht. Die Spectrum-Rakete hob vom norwegischen Weltraumbahnhof And\u00f8ya ab, wie auf einem Livestream zu sehen war.<\/p>\n<p class=\"textabsatz m-ten m-offset-one l-eight l-offset-two columns twelve\">&#8222;Wir sind im Orbit! Und haben Europ\u00e4ische Geschichte geschrieben&#8220;, jubelte das Unternehmen in einem Post auf der Plattform X. Es sei das erste Mal, dass eine privat entwickelte Rakete vom europ\u00e4ischen Kontinent aus den Orbit erreicht habe, hie\u00df es.<\/p>\n<p class=\"textabsatz m-ten m-offset-one l-eight l-offset-two columns twelve\">Die Rakete hatte nach Unternehmensangaben f\u00fcnf kleine Satelliten sowie ein technologisches Experiment an Bord. Der Zugang zum Weltraum bleibe eine der gr\u00f6\u00dften H\u00fcrden f\u00fcr die Raumfahrtindustrie und die nationale Sicherheitsarchitektur, erkl\u00e4rte Isar-Aerospace-Chef Daniel Metzler.<\/p>\n<p>    Kanzler spricht von neuer \u00c4ra<\/p>\n<p class=\"textabsatz m-ten m-offset-one l-eight l-offset-two columns twelve\">Kanzler Friedrich Merz (CDU) gratulierte dem Unternehmen: &#8222;Das ist der Beginn einer neuen \u00c4ra&#8220;, sagte er. &#8222;Deutschland kann Raumfahrt&#8220;, erkl\u00e4rte das Bundesministerium f\u00fcr Forschung, Technologie und Raumfahrt. Es handele sich um einen &#8222;Meilenstein, der die Innovationskraft und das technische Wissen unseres Landes eindrucksvoll unter Beweis stellt&#8220;, teilte das Ministerium auf X mit.<\/p>\n<p class=\"textabsatz m-ten m-offset-one l-eight l-offset-two columns twelve\">Bundesforschungsministerin Dorothee B\u00e4r (CSU) erkl\u00e4rte, &#8222;dieser gro\u00dfartige Erfolg&#8220; zeige, dass Deutschland &#8222;mit mutiger Forschung, nachhaltiger Industriepolitik und grenz\u00fcberschreitender Kooperation&#8220; die Zukunft der Raumfahrt mitgestalte.<\/p>\n<p>    Erster Versuch im M\u00e4rz 2025<\/p>\n<p class=\"textabsatz m-ten m-offset-one l-eight l-offset-two columns twelve\">Der erste Versuch des Unternehmens aus Ottobrunn bei M\u00fcnchen im M\u00e4rz 2025 endete kurz nach dem Abheben mit einem Absturz. Isar Aerospace hatte den Flug wegen der gewonnenen Daten dennoch als Erfolg gewertet.<\/p>\n<p class=\"textabsatz m-ten m-offset-one l-eight l-offset-two columns twelve\">Die 28 Meter lange &#8222;Spectrum&#8220;-Rakete kann Nutzlasten von bis zu einer Tonne transportieren. Mit ihr will Europa unabh\u00e4ngiger von au\u00dfereurop\u00e4ischen Anbietern wie SpaceX des Milliard\u00e4rs Elon Musk werden. Bundeskanzler Friedrich Merz hatte den Startplatz in Norwegen im M\u00e4rz besucht und damit die Bem\u00fchungen um eine gr\u00f6\u00dfere europ\u00e4ische Autonomie in der Raumfahrt unterstrichen.<\/p>\n<p class=\"textabsatz m-ten m-offset-one l-eight l-offset-two columns twelve\">Das Raumfahrt-Start-up Isar Aerospace aus Ottobrunn bei M\u00fcnchen baut Tr\u00e4gerraketen f\u00fcr den Transport kleiner und mittelgro\u00dfer Satelliten. Die zweistufige Spectrum-Rakete ist 28 Meter hoch und soll mit ihren zehn Triebwerken Nutzlasten von bis zu tausend Kilogramm in erdnahe Umlaufbahnen bef\u00f6rdern.<\/p>\n<p class=\"textabsatz m-ten m-offset-one l-eight l-offset-two columns twelve\">Der Testflug war seit Januar geplant und mehrfach wegen technischer Probleme oder ung\u00fcnstiger Wetterbedingungen verschoben worden.<\/p>\n","protected":false},"excerpt":{"rendered":"Stand: 06.09.2026 \u2022 00:20 Uhr Meilenstein in der deutschen Raumfahrtgeschichte: Die Tr\u00e4gerrakete Spectrum hat bei einem Testflug vom&hellip;\n","protected":false},"author":2,"featured_media":378252,"comment_status":"","ping_status":"","sticky":false,"template":"","format":"standard","meta":{"footnotes":"","_share_on_mastodon":"0"},"categories":[8],"tags":[94449,40,41,89531,12067,39,31235,38],"class_list":["post-378251","post","type-post","status-publish","format-standard","has-post-thumbnail","category-nachrichten","tag-isar-aerospace","tag-nachrichten","tag-news","tag-orbit","tag-rakete","tag-schlagzeilen","tag-spectrum","tag-top-meldungen"],"share_on_mastodon":{"url":"https:\/\/pubeurope.com\/@at\/117222814210745959","error":""},"_links":{"self":[{"href":"https:\/\/www.europesays.com\/at\/wp-json\/wp\/v2\/posts\/378251","targetHints":{"allow":["GET"]}}],"collection":[{"href":"https:\/\/www.europesays.com\/at\/wp-json\/wp\/v2\/posts"}],"about":[{"href":"https:\/\/www.europesays.com\/at\/wp-json\/wp\/v2\/types\/post"}],"author":[{"embeddable":true,"href":"https:\/\/www.europesays.com\/at\/wp-json\/wp\/v2\/users\/2"}],"replies":[{"embeddable":true,"href":"https:\/\/www.europesays.com\/at\/wp-json\/wp\/v2\/comments?post=378251"}],"version-history":[{"count":0,"href":"https:\/\/www.europesays.com\/at\/wp-json\/wp\/v2\/posts\/378251\/revisions"}],"wp:featuredmedia":[{"embeddable":true,"href":"https:\/\/www.europesays.com\/at\/wp-json\/wp\/v2\/media\/378252"}],"wp:attachment":[{"href":"https:\/\/www.europesays.com\/at\/wp-json\/wp\/v2\/media?parent=378251"}],"wp:term":[{"taxonomy":"category","embeddable":true,"href":"https:\/\/www.europesays.com\/at\/wp-json\/wp\/v2\/categories?post=378251"},{"taxonomy":"post_tag","embeddable":true,"href":"https:\/\/www.europesays.com\/at\/wp-json\/wp\/v2\/tags?post=378251"}],"curies":[{"name":"wp","href":"https:\/\/api.w.org\/{rel}","templated":true}]}}