{"id":378289,"date":"2026-09-06T07:29:07","date_gmt":"2026-09-06T07:29:07","guid":{"rendered":"https:\/\/www.europesays.com\/at\/378289\/"},"modified":"2026-09-06T07:29:07","modified_gmt":"2026-09-06T07:29:07","slug":"von-lemmy-bis-sodom-manni-eisenblaetter-rockt-goslar-im-november","status":"publish","type":"post","link":"https:\/\/www.europesays.com\/at\/378289\/","title":{"rendered":"Von Lemmy bis Sodom: Manni Eisenbl\u00e4tter rockt Goslar im November"},"content":{"rendered":"<p>Symbolbild. | Foto: Pixabay<\/p>\n<p class=\"datum\">06.09.2026, 08:30 Uhr<\/p>\n<p>Goslar. Im Rahmen der aktuellen Sonderausstellung im Goslarer Museum \u201cKaiser, Kult &amp; Krach\u201d pr\u00e4sentiert das Rockharz-Festival gemeinsam mit der <a class=\"redlink\" href=\"https:\/\/regionalheute.de\/goslar\/\" rel=\"nofollow noopener\" target=\"_blank\">Stadt Goslar<\/a> am Freitag, 6. November, um 18 Uhr im Kulturmarktplatz einen Abend mit dem Metal-Hammer-Gr\u00fcnder Manni Eisenbl\u00e4tter. Die Tickets sind ab sofort im <a class=\"redlink\" href=\"https:\/\/shop.rockharz-festival.com\/\" rel=\"nofollow noopener\" target=\"_blank\">Shop des Rockharz-Festivals<\/a> verf\u00fcgbar.<\/p>\n<p>Der L\u00fcdenscheider werde aus \u00fcber 50 Jahren Rock- und Metal-Historie erz\u00e4hlen, die er selbst miterlebt hat. Er sei unter anderem Veranstalter des First Rider Festivals in Schee\u00dfel gewesen, bei dem im Jahr 1977 die B\u00fchne in Flammen aufging, und habe im Januar 1984 das Metal Hammer Magazin gegr\u00fcndet. Das Publikum k\u00f6nne sich auf Anekdoten zum ersten Treffen mit Lemmy Kilmister, dem Gr\u00fcnder, S\u00e4nger und Bassisten der Rockband Mot\u00f6rhead, freuen. Weiter sollen Berichte zu S\u00fcdost-Asien-Touren mit Sodom und weitere Geschichten aus der Rock- und Metal-Szene folgen.<\/p>\n<p>Eine Flasche Bier inklusive<\/p>\n<p>Der Eintritt betr\u00e4gt 10 Euro und beinhaltet eine Flasche des \u201cKaiser, Kult &amp; Craft\u201d-Bieres, das Braumeister Odin Paul aus dem Goslarer Brauhaus f\u00fcr die Sonderausstellung gebraut hat. Eine alkoholfreie Alternative steht ebenfalls zur Verf\u00fcgung.<\/p>\n<p>Die Veranstaltung konnte kurzfristig durch das Rockharz-Festival erm\u00f6glicht werden und wurde deshalb in fr\u00fcheren Programmank\u00fcndigungen nicht ber\u00fccksichtigt. Das Rockharz-Festival ist seit den ersten Planungen Kooperationspartner der Sonderausstellung. G\u00e4ste mit Rockharz-B\u00e4ndchen erhalten erm\u00e4\u00dfigten Einlass im Goslarer Museum.<\/p>\n","protected":false},"excerpt":{"rendered":"Symbolbild. | Foto: Pixabay 06.09.2026, 08:30 Uhr Goslar. Im Rahmen der aktuellen Sonderausstellung im Goslarer Museum \u201cKaiser, Kult&hellip;\n","protected":false},"author":2,"featured_media":378290,"comment_status":"","ping_status":"","sticky":false,"template":"","format":"standard","meta":{"footnotes":"","_share_on_mastodon":"0"},"categories":[24],"tags":[46,42,147,153,154,44,148],"class_list":["post-378289","post","type-post","status-publish","format-standard","has-post-thumbnail","category-musik","tag-at","tag-austria","tag-entertainment","tag-music","tag-musik","tag-oesterreich","tag-unterhaltung"],"share_on_mastodon":{"url":"https:\/\/pubeurope.com\/@at\/117222923475046542","error":""},"_links":{"self":[{"href":"https:\/\/www.europesays.com\/at\/wp-json\/wp\/v2\/posts\/378289","targetHints":{"allow":["GET"]}}],"collection":[{"href":"https:\/\/www.europesays.com\/at\/wp-json\/wp\/v2\/posts"}],"about":[{"href":"https:\/\/www.europesays.com\/at\/wp-json\/wp\/v2\/types\/post"}],"author":[{"embeddable":true,"href":"https:\/\/www.europesays.com\/at\/wp-json\/wp\/v2\/users\/2"}],"replies":[{"embeddable":true,"href":"https:\/\/www.europesays.com\/at\/wp-json\/wp\/v2\/comments?post=378289"}],"version-history":[{"count":0,"href":"https:\/\/www.europesays.com\/at\/wp-json\/wp\/v2\/posts\/378289\/revisions"}],"wp:featuredmedia":[{"embeddable":true,"href":"https:\/\/www.europesays.com\/at\/wp-json\/wp\/v2\/media\/378290"}],"wp:attachment":[{"href":"https:\/\/www.europesays.com\/at\/wp-json\/wp\/v2\/media?parent=378289"}],"wp:term":[{"taxonomy":"category","embeddable":true,"href":"https:\/\/www.europesays.com\/at\/wp-json\/wp\/v2\/categories?post=378289"},{"taxonomy":"post_tag","embeddable":true,"href":"https:\/\/www.europesays.com\/at\/wp-json\/wp\/v2\/tags?post=378289"}],"curies":[{"name":"wp","href":"https:\/\/api.w.org\/{rel}","templated":true}]}}