{"id":378371,"date":"2026-09-06T08:28:15","date_gmt":"2026-09-06T08:28:15","guid":{"rendered":"https:\/\/www.europesays.com\/at\/378371\/"},"modified":"2026-09-06T08:28:15","modified_gmt":"2026-09-06T08:28:15","slug":"sam-smith-ueber-stay-with-me-streit-mit-tom-petty","status":"publish","type":"post","link":"https:\/\/www.europesays.com\/at\/378371\/","title":{"rendered":"Sam Smith \u00fcber &#8222;Stay With Me&#8220;-Streit mit Tom Petty"},"content":{"rendered":"<p class=\"spanFix xcq0f20 xklk4pu xx4bnbn x1qlqyl8 xyamk6z\" style=\"order:0\"><a target=\"_self\" data-google-interstitial=\"true\" href=\"https:\/\/www.promiflash.de\/thema\/sam-smith\/\" rel=\"nofollow noopener\">Sam Smith<\/a> (34) hat sich Jahre nach dem Urheberrechtsstreit um den Welthit &#8222;Stay With Me&#8220; noch einmal ausf\u00fchrlich zu der Auseinandersetzung mit <a target=\"_self\" data-google-interstitial=\"true\" href=\"https:\/\/www.promiflash.de\/thema\/tom-petty\/\" rel=\"nofollow noopener\">Tom Petty<\/a> (\u202066) ge\u00e4u\u00dfert \u2013 und dabei gro\u00dfes Bedauern einger\u00e4umt. Im Podcast &#8222;Alchemy With Anthony Mason&#8220; erz\u00e4hlte der Popstar, dass Tom ihm kurz vor den Grammy Awards 2015 einen pers\u00f6nlichen Brief geschickt hatte. Darin habe Tom offenbar versucht, vers\u00f6hnliche Worte f\u00fcr die angespannte Situation zu finden. Sam war damals jedoch so w\u00fctend \u00fcber die Urheberrechtsauseinandersetzung, dass das Schreiben unbeantwortet blieb. Heute w\u00fcrde Sam ganz anders handeln. &#8222;Ich bedaure zutiefst, dass ich ihm nie geantwortet habe. Ich habe ihm nie zur\u00fcckgeschrieben. Ich war einfach ein etwas freches, queeres 22-j\u00e4hriges Kind. Aber ich h\u00e4tte ihm definitiv zur\u00fcckschreiben sollen&#8220;, erkl\u00e4rte Sam im Podcast. Zu einer pers\u00f6nlichen Aussprache kann es nicht mehr kommen. Tom <a target=\"_self\" data-google-interstitial=\"true\" href=\"https:\/\/www.promiflash.de\/news\/2017\/10\/02\/nach-herzstillstand-rockstar-tom-petty-ist-mit-66-gestorben.html\" rel=\"nofollow noopener\">starb 2017<\/a> im Alter von 66 Jahren.<\/p>\n<p class=\"spanFix xcq0f20 xklk4pu xx4bnbn x1qlqyl8 xyamk6z\" style=\"order:3\">Ausgel\u00f6st hatte den Streit die \u00c4hnlichkeit zwischen der 2014 erschienenen Ballade &#8222;Stay With Me&#8220; und Toms Single &#8222;I Won&#8217;t Back Down&#8220; aus dem Jahr 1989. Tom und Jeff Lynne wurden nachtr\u00e4glich als Songwriter gef\u00fchrt und erhielten 12,5 Prozent der Tantiemen. Sam betonte im Podcast, den Klassiker vor dem Schreiben des eigenen Songs nie geh\u00f6rt zu haben. Entstanden sei &#8222;Stay With Me&#8220; gemeinsam mit James Napier und William Phillips in einem Londoner Keller. Als der Brief am Abend vor den Grammys eintraf, \u00fcberwog schlichtweg der \u00c4rger \u00fcber die Situation. &#8222;Ich war so verdammt sauer, als ich ihn gelesen habe, das ist die Wahrheit&#8220;, erinnerte sich Sam. Schlie\u00dflich sei es lediglich um drei Noten gegangen. Zudem habe Tom selbst darauf hingewiesen, dass ein Klavier nur eine begrenzte Anzahl an Noten biete. Erst mit zunehmendem Alter habe Sam verstanden, wie freundlich und mitf\u00fchlend der Brief wohl gemeint gewesen sei. &#8222;Ich glaube, er wollte sagen, dass er mich sieht und versteht, was ich gerade durchmache, und dass es ihm leidtut, dass das alles passiert. Das war tats\u00e4chlich sehr, sehr lieb und freundlich von ihm&#8220;, erkl\u00e4rte Sam.<\/p>\n<p class=\"spanFix xcq0f20 xklk4pu xx4bnbn x1qlqyl8 xyamk6z\" style=\"order:6\">Eine positive Folge hatte der Konflikt trotz allem: Erst durch die Urheberrechtsauseinandersetzung besch\u00e4ftigte sich der Popstar intensiver mit dem Werk des verstorbenen Musikers. Ein Titel bekam dabei eine ganz pers\u00f6nliche Bedeutung. &#8222;Es gibt einen Song namens &#8218;It&#8217;ll All Work Out&#8216;, der mich einfach ber\u00fchrt und zu einem Lied geworden ist, zu dem ich mich in meinen dunkelsten Momenten hinwende&#8220;, schw\u00e4rmte Sam. Heute w\u00fcrde sich der Popstar somit anders verhalten und Toms Brief beantworten. Doch daf\u00fcr ist es leider zu sp\u00e4t.<\/p>\n<p><img class=\"x13vifvy x10l6tqk x5yr21d xh8yej3 xl1xv1r\" alt=\"Collage: Sam Smith und Tom Petty\" width=\"854\" height=\"480\" decoding=\"async\"  loading=\"lazy\" style=\"background-size:cover;background-position:50% 50%;background-repeat:no-repeat;background-image:url(&quot;data:image\/svg+xml;charset=utf-8,%3Csvg xmlns='http:\/\/www.w3.org\/2000\/svg' viewBox='0 0 640 640'%3E%3Cfilter id='b' color-interpolation-filters='sRGB'%3E%3CfeGaussianBlur stdDeviation='20'\/%3E%3CfeColorMatrix values='1 0 0 0 0 0 1 0 0 0 0 0 1 0 0 0 0 0 100 -1' result='s'\/%3E%3CfeFlood x='0' y='0' width='100%25' height='100%25'\/%3E%3CfeComposite operator='out' in='s'\/%3E%3CfeComposite in2='SourceGraphic'\/%3E%3CfeGaussianBlur stdDeviation='20'\/%3E%3C\/filter%3E%3Cimage width='100%25' height='100%25' x='0' y='0' preserveAspectRatio='none' style='filter: url(%23b);' href='data:image\/png;base64,iVBORw0KGgoAAAANSUhEUgAAABAAAAAQCAYAAAAf8\/9hAAAEG0lEQVR4AQEQBO\/7ABoIIP8eECP\/Jx0p\/zApMP83MDX\/PDM3\/z4xNf8+KzH\/PyQs\/0IfKv9JJC\/\/UzE6\/15AR\/9pTlP\/cVld\/3dgZP8AJxkl\/yodKP8wJi3\/Ny80\/z00OP9BNjn\/QjQ3\/0MvM\/9DJy7\/RSMs\/0snMP9UMjr\/X0FH\/2lOU\/9xWV3\/d2Bj\/wA+MDH\/PzIz\/0M3N\/9HPDz\/Sz8\/\/00\/QP9NPD3\/TTc5\/0wwNP9NKzH\/Ui0z\/1k2PP9hQkf\/ak9S\/3JZW\/93YGH\/AFJEPv9TRUD\/VUdC\/1hKRv9aS0j\/W0pH\/1pGRf9YQED\/Vzk6\/1c0Nv9ZNDf\/Xjo9\/2VFRv9sUFD\/cllZ\/3ZfX\/8AY1NK\/2NUS\/9lVU3\/ZlVP\/2dVUP9nU0\/\/ZU5L\/2NHRv9gQED\/Xzo7\/185Ov9iPj7\/Z0ZG\/21QT\/9yWFf\/dl5c\/wBuXVP\/bl1U\/29eVf9wXlb\/cFxW\/3BZVf9uU1D\/akxK\/2dEQ\/9kPj3\/ZDw7\/2U\/Pv9pR0X\/blBN\/3JXVf91XVr\/AHRiWf90Yln\/dWJa\/3ZiW\/92YFv\/dVxY\/3JWU\/9uTkz\/akZE\/2c\/Pf9lPDr\/Zj88\/2lGQ\/9tT0z\/clZU\/3VbWv8AdGNc\/3VjXP92Y13\/dmJd\/3dgXP91W1n\/c1VT\/29NS\/9qREL\/Zjw6\/2Q5N\/9kPDr\/aERC\/2xNTP9xVVT\/dFpa\/wBwX1z\/cV9d\/3JfXf9zX13\/dFxc\/3NYWP9wUVH\/a0lJ\/2c\/P\/9iODf\/YDU0\/2E4OP9lQUH\/aktM\/3BTVf9zWVv\/AGpZW\/9rWVv\/bFlb\/21ZW\/9uV1n\/bVJV\/2pMTv9mQ0X\/YTo7\/14yM\/9cMDH\/XjU3\/2M+Qv9pSU3\/blJX\/3JYXf8AY1JY\/2NSWP9kUlj\/ZlJX\/2ZQVf9lTFH\/Y0ZK\/18+Qv9cNTn\/WS4y\/1ktMv9bMzn\/YT1D\/2dIT\/9tUVj\/cFde\/wBdTFT\/XUxU\/15MVP9eS1P\/XkpQ\/11GTP9cQUb\/WTo\/\/1czOP9WLjT\/Vy82\/1s1Pf9gP0f\/ZkhR\/2tQWf9uVl7\/AFpIUP9ZSFD\/WUhQ\/1hHTv9XRUz\/VkJI\/1U9Q\/9UOD7\/VTQ6\/1YyOf9ZNDz\/XTpC\/2FCSv9mSlP\/aVFZ\/2xVXv8AWkdO\/1lHTf9XRkz\/VUVK\/1JDSP9RQET\/UD1B\/1I6P\/9UOD7\/WDg\/\/1w7Q\/9gQEj\/ZEZP\/2ZMVP9oUVn\/aVVc\/wBcSEz\/W0hL\/1hGSv9UREf\/UEJF\/01AQv9OPUH\/UTxB\/1Y9Qv9bPkX\/YEJJ\/2RGTv9mSlL\/Z09W\/2dSWf9nVFv\/AF5KS\/9dSUr\/WUdI\/1RFRf9PQkP\/TEBB\/00\/Qf9RP0L\/V0BF\/15DSf9jRk3\/Z0pR\/2hNVP9oUFf\/ZlNY\/2VUWf96XOwaYxy3PAAAAABJRU5ErkJggg=='\/%3E%3C\/svg%3E&quot;)\" src=\"https:\/\/www.europesays.com\/at\/wp-content\/uploads\/2026\/09\/sam-smith-und-tom-petty-collage.jpg\" fetchpriority=\"auto\"\/>Collage: Getty Images, Getty Images<img decoding=\"async\" alt=\"Bilder Gallerie Button\" class=\"x10l6tqk x1l3r47z xmnqija x1fxk84t x1dnml7z x11xpdln x1d8287x x3oybdh x16gas18\" src=\"https:\/\/www.europesays.com\/at\/wp-content\/uploads\/2026\/09\/1788683295_121_galerie_button.png\" loading=\"lazy\"\/>Collage: Sam Smith und Tom Petty<img class=\"x13vifvy x10l6tqk x5yr21d xh8yej3 xl1xv1r\" alt=\"Sam Smith im Dezember 2022\" width=\"854\" height=\"480\" decoding=\"async\"  loading=\"lazy\" style=\"background-size:cover;background-position:50% 50%;background-repeat:no-repeat;background-image:url(&quot;data:image\/svg+xml;charset=utf-8,%3Csvg xmlns='http:\/\/www.w3.org\/2000\/svg' viewBox='0 0 640 640'%3E%3Cfilter id='b' color-interpolation-filters='sRGB'%3E%3CfeGaussianBlur stdDeviation='20'\/%3E%3CfeColorMatrix values='1 0 0 0 0 0 1 0 0 0 0 0 1 0 0 0 0 0 100 -1' result='s'\/%3E%3CfeFlood x='0' y='0' width='100%25' height='100%25'\/%3E%3CfeComposite operator='out' in='s'\/%3E%3CfeComposite in2='SourceGraphic'\/%3E%3CfeGaussianBlur stdDeviation='20'\/%3E%3C\/filter%3E%3Cimage width='100%25' height='100%25' x='0' y='0' preserveAspectRatio='none' style='filter: url(%23b);' href='data:image\/png;base64,iVBORw0KGgoAAAANSUhEUgAAABAAAAAQCAYAAAAf8\/9hAAAEG0lEQVR4AQEQBO\/7AAAAAP8AAAD\/AAAA\/wAAAP8ADgD\/BCYY\/xgxJv8fNSz\/ITQt\/x4uKf8VIx\/\/ABEJ\/wAAAP8AAAD\/AAAA\/wAAAP8AAAAA\/wAAAP8AAAD\/AAAA\/wAYB\/8ZLSX\/Jjcx\/yw7N\/8tOjj\/KzQ0\/yMrK\/8UGxz\/AAAA\/wAAAP8AAAD\/AAAA\/wAAAAD\/AAAA\/wAAAP8AAAD\/Iygn\/zM6O\/89REb\/QkhM\/0RITf9BQ0r\/OjpC\/y8sNf8dFyD\/AAAA\/wAAAP8AAAD\/AAAAAP8AAAD\/AAAA\/yMXHv85Nz3\/SEhP\/1JSWv9YV2H\/WVdi\/1ZSX\/9PSVb\/RDxJ\/zUqN\/8fCRj\/AAAA\/wAAAP8AAAAA\/wAAAP8OAAD\/MyYw\/0lCTP9YVF7\/Y15q\/2hjcf9pY3L\/Zl5v\/15VZv9TSFn\/RDZG\/zEcK\/8WAAD\/AAAA\/wAAAAD\/AAAA\/xsAAP89Ljr\/U0pV\/2NbaP9tZnX\/c2t8\/3Rrff9wZnn\/aF1w\/1xPYv9NPU\/\/OiU1\/yIAAP8AAAD\/AAAAAP8AAAD\/HgAJ\/0AyPv9XTVr\/Z15t\/3Jpef94boD\/eG6B\/3Rpff9sYHT\/X1Jm\/1BAU\/89KDn\/JgAN\/wcAAP8AAAAA\/wAAAP8aAAr\/PzE+\/1dMWf9nXmz\/cml4\/3dtf\/93bYD\/cmd7\/2lecv9dUGT\/TT5R\/zonOP8jABD\/AwAA\/wAAAAD\/AAAA\/w0AAv86Ljv\/U0lV\/2NaZ\/9tZHP\/cmh5\/3Fnef9sYnT\/Ylhr\/1VKXf9FOUv\/MiIz\/xoADv8AAAD\/AAAAAP8AAAD\/AAAA\/zMpNf9NRFD\/XVVh\/2Zea\/9qYnD\/aGBv\/2JZav9XT2D\/SkFS\/zkwQf8lGSv\/CAAI\/wAAAP8AAAAA\/wAAAP8AAAD\/LCQw\/0ZASv9WUFr\/X1hk\/2FbZ\/9eWGX\/VlFf\/0tGVP88N0b\/KiU1\/xQNIf8AAAL\/AAAA\/wAAAAD\/AAAA\/wAAAP8oIi3\/Qz1I\/1JNV\/9ZVGD\/W1Zi\/1ZSXv9NSlb\/Pz5K\/y8uPP8bGyv\/AAAY\/wAAAP8AAAD\/AAAAAP8AAAD\/AAAA\/ykjL\/9DPkn\/Uk1Y\/1hUYP9YVWH\/UlFc\/0hIU\/85O0b\/Jyo2\/xIVJf8AABT\/AAAE\/wAAAP8AAAAA\/wAAAP8AAAD\/Lic0\/0dCTv9VUF3\/W1dk\/1pYZf9UU1\/\/SElV\/zk8R\/8nKzf\/FRYm\/wcAF\/8HAAz\/DQAJ\/wAAAAD\/AAAA\/wAAAP80LDn\/TEZT\/1lUYv9fXGr\/Xlxq\/1dXZf9MTVr\/PT9M\/ywuO\/8eGir\/FgAc\/xgAFP8cABL\/AAAAAP8AAAD\/DAAA\/zkvPf9PSVf\/XVhn\/2Jfbv9hYG\/\/W1tp\/09RXv9BQ1D\/MTE\/\/yQeLv8fBCD\/IAAY\/yQAFv86m43KG28ieQAAAABJRU5ErkJggg=='\/%3E%3C\/svg%3E&quot;)\" src=\"https:\/\/www.europesays.com\/at\/wp-content\/uploads\/2026\/09\/sam-smith-laechelt-7.jpg\" fetchpriority=\"auto\"\/>Getty Images<img decoding=\"async\" alt=\"Bilder Gallerie Button\" class=\"x10l6tqk x1l3r47z xmnqija x1fxk84t x1dnml7z x11xpdln x1d8287x x3oybdh x16gas18\" src=\"https:\/\/www.europesays.com\/at\/wp-content\/uploads\/2026\/09\/1788683295_121_galerie_button.png\" loading=\"lazy\"\/>Sam Smith im Dezember 2022<img class=\"x13vifvy x10l6tqk x5yr21d xh8yej3 xl1xv1r\" alt=\"Tom Petty beim Hampton Social im August 2007\" width=\"854\" height=\"480\" decoding=\"async\"  loading=\"lazy\" src=\"https:\/\/www.europesays.com\/at\/wp-content\/uploads\/2026\/09\/tom-petty-tanzt.jpg\" fetchpriority=\"auto\"\/>Astrid Stawiarz \/ Getty Images<img decoding=\"async\" alt=\"Bilder Gallerie Button\" class=\"x10l6tqk x1l3r47z xmnqija x1fxk84t x1dnml7z x11xpdln x1d8287x x3oybdh x16gas18\" src=\"https:\/\/www.europesays.com\/at\/wp-content\/uploads\/2026\/09\/1788683295_121_galerie_button.png\" loading=\"lazy\"\/>Tom Petty beim Hampton Social im August 2007<\/p>\n<p>Sam Smith bereut die fehlende Antwort: H\u00e4tte Sam Tom Petty damals zur\u00fcckschreiben sollen?<\/p>\n<p>Ergebnis anzeigen<\/p>\n","protected":false},"excerpt":{"rendered":"Sam Smith (34) hat sich Jahre nach dem Urheberrechtsstreit um den Welthit &#8222;Stay With Me&#8220; noch einmal ausf\u00fchrlich&hellip;\n","protected":false},"author":2,"featured_media":378372,"comment_status":"","ping_status":"","sticky":false,"template":"","format":"standard","meta":{"footnotes":"","_share_on_mastodon":"0"},"categories":[24],"tags":[46,42,147,153,154,44,148],"class_list":["post-378371","post","type-post","status-publish","format-standard","has-post-thumbnail","category-musik","tag-at","tag-austria","tag-entertainment","tag-music","tag-musik","tag-oesterreich","tag-unterhaltung"],"share_on_mastodon":{"url":"https:\/\/pubeurope.com\/@at\/117223156544851667","error":""},"_links":{"self":[{"href":"https:\/\/www.europesays.com\/at\/wp-json\/wp\/v2\/posts\/378371","targetHints":{"allow":["GET"]}}],"collection":[{"href":"https:\/\/www.europesays.com\/at\/wp-json\/wp\/v2\/posts"}],"about":[{"href":"https:\/\/www.europesays.com\/at\/wp-json\/wp\/v2\/types\/post"}],"author":[{"embeddable":true,"href":"https:\/\/www.europesays.com\/at\/wp-json\/wp\/v2\/users\/2"}],"replies":[{"embeddable":true,"href":"https:\/\/www.europesays.com\/at\/wp-json\/wp\/v2\/comments?post=378371"}],"version-history":[{"count":0,"href":"https:\/\/www.europesays.com\/at\/wp-json\/wp\/v2\/posts\/378371\/revisions"}],"wp:featuredmedia":[{"embeddable":true,"href":"https:\/\/www.europesays.com\/at\/wp-json\/wp\/v2\/media\/378372"}],"wp:attachment":[{"href":"https:\/\/www.europesays.com\/at\/wp-json\/wp\/v2\/media?parent=378371"}],"wp:term":[{"taxonomy":"category","embeddable":true,"href":"https:\/\/www.europesays.com\/at\/wp-json\/wp\/v2\/categories?post=378371"},{"taxonomy":"post_tag","embeddable":true,"href":"https:\/\/www.europesays.com\/at\/wp-json\/wp\/v2\/tags?post=378371"}],"curies":[{"name":"wp","href":"https:\/\/api.w.org\/{rel}","templated":true}]}}