{"id":378401,"date":"2026-09-06T08:47:08","date_gmt":"2026-09-06T08:47:08","guid":{"rendered":"https:\/\/www.europesays.com\/at\/378401\/"},"modified":"2026-09-06T08:47:08","modified_gmt":"2026-09-06T08:47:08","slug":"erster-todestag-von-nadja-abd-el-farrag-vor-einem-jahr-starb-naddel","status":"publish","type":"post","link":"https:\/\/www.europesays.com\/at\/378401\/","title":{"rendered":"Erster Todestag von Nadja Abd el Farrag: Vor einem Jahr starb Naddel"},"content":{"rendered":"<p>\nErster Todestag\n<\/p>\n<p>Aktualisiert am 09.05.2026, 14:24 Uhr\n<\/p>\n<p><a href=\"https:\/\/i0.web.de\/image\/678\/42248678,pd=1\/nadja-abd-el-farrag-1990er-jahren-lebensgefaehrtin.jpg\" data-brain-zone=\".42248676.content.lead.1\" data-component-path=\"content.lead.1\" data-component-name=\"article-image\" rel=\"nofollow noopener\" target=\"_blank\"> <\/p>\n<p><img loading=\"lazy\" decoding=\"async\" src=\"https:\/\/www.europesays.com\/at\/wp-content\/uploads\/2026\/09\/nadja-abd-el-farrag-1990er-jahren-lebensgefaehrtin.jpg\" alt=\"Nadja Abd el Farrag wurde in den 1990er-Jahren als Lebensgef\u00e4hrtin von Pop-Titan Dieter Bohlen ...\" width=\"950\" height=\"534\"\/><\/p>\n<p><\/a> <\/p>\n<p>\nNadja Abd el Farrag wurde in den 1990er-Jahren als Lebensgef\u00e4hrtin von Pop-Titan Dieter Bohlen bekannt.<br \/>\n\u00a9\u00a0imago\/Future Image \/ Brigitte Dummer\n<\/p>\n<p class=\"content__description\" data-speakable=\"\">Am 9. Mai j\u00e4hrt sich der Tod von Nadja Abd el Farrag zum ersten Mal. Sie starb im Alter von nur 60 Jahren an Organversagen. Zuletzt lebte Naddel zur\u00fcckgezogen und hatte mit Schulden sowie gesundheitlichen Problemen zu k\u00e4mpfen.<\/p>\n<p data-speakable=\"\">Am 9. Mai j\u00e4hrt sich der Tod von <a data-component-name=\"link.semantic\" data-brain-zone=\".42248676.content.textlink_2\" data-component-path=\"content.textlink_2\" href=\"https:\/\/web.de\/magazine\/unterhaltung\/thema\/nadja-abd-el-farrag\" rel=\"nofollow noopener\" target=\"_blank\">Nadja Abd el Farrag<\/a> (1965-2025) zum ersten Mal. Das einstige It-Girl der 90er-Jahre, das sp\u00e4ter auch im Reality-TV pr\u00e4sent war, hatte sich in den vergangenen Jahren weitgehend aus der \u00d6ffentlichkeit zur\u00fcckgezogen. Die Ex-Partnerin von <a data-component-name=\"link.semantic\" data-brain-zone=\".42248676.content.textlink_3\" data-component-path=\"content.textlink_3\" href=\"https:\/\/web.de\/magazine\/unterhaltung\/thema\/dieter-bohlen\" rel=\"nofollow noopener\" target=\"_blank\">Dieter Bohlen<\/a> (72) war in ihren letzten Jahren gesundheitlich angeschlagen und hatte auch finanziell zu k\u00e4mpfen.<\/p>\n<p data-speakable=\"\">Am 9. Mai 2025 starb Naddel in einer Hamburger Klinik an multiplem Organversagen infolge einer langj\u00e4hrigen Leberzirrhose. Sie wurde 60 Jahre alt.<\/p>\n<p data-speakable=\"\">Bekannt wurde Nadja Abd el Farrag vor allem an der Seite von Pop-Titan Dieter Bohlen. Von 1989 bis 1996 waren die beiden ein Paar, nach einer zwischenzeitlichen Trennung fanden sie erneut zusammen und f\u00fchrten ihre Beziehung von 1997 bis 2001 weiter. In dieser Zeit wurde sie unter ihrem Spitznamen Naddel zu einer festen Gr\u00f6\u00dfe in der deutschen Boulevardpresse.<\/p>\n<p>Naddel wollte ins Rampenlicht &#8211; immer wieder<\/p>\n<p data-speakable=\"\">Nach der Trennung von Dieter Bohlen versuchte Nadja Abd el Farrag, sich auch unabh\u00e4ngig von seiner Bekanntheit in der Unterhaltungsbranche zu etablieren. Trotz gro\u00dfer Medienpr\u00e4senz gelang ihr der dauerhafte Durchbruch jedoch nicht.<\/p>\n<p data-speakable=\"\">1999 \u00fcbernahm Naddel von Bohlens Ex-Frau Verona Pooth (58) die Moderation der Erotiksendung &#8222;Peep!&#8220; bei RTLzwei. Doch schon ein Jahr sp\u00e4ter wurde die Sendung eingestellt. <\/p>\n<p data-speakable=\"\">In den 2000er-Jahren war Nadja Abd el Farrag dann in zahlreichen Reality-TV-Formaten zu sehen. 2004 zog sie ins Dschungelcamp bei &#8222;Ich bin ein Star &#8211; Holt mich hier raus!&#8220;, bei &#8222;Big Brother&#8220; war sie mehrfach. 2013 stieg sie zudem f\u00fcr das Sat.1-&#8222;Promiboxen&#8220; in den Ring. Auch bei VOX geh\u00f6rte sie immer wieder zum Cast von &#8222;Das perfekte Promi-Dinner&#8220; und stand dort 2007, 2013 und 2015 am Herd.<\/p>\n<p>Schulden, Alkoholsucht, Gesundheitsprobleme<\/p>\n<p data-speakable=\"\">Die Auftritte sollten ihr Einnahmen bringen. Doch Naddel k\u00e4mpfte immer wieder mit Schulden. Gleich zweimal war sie in der Sendung &#8222;Raus aus den Schulden&#8220; bei Peter Zwegat (1950-2024) zu Gast. <\/p>\n<p data-speakable=\"\">In ihrer 2018 ver\u00f6ffentlichten Biografie sprach Nadja Abd el Farrag nicht nur \u00fcber Geldsorgen, sondern thematisierte auch ihre Alkoholsucht und die damit verbundenen starken gesundheitlichen Probleme wie ihre Lebererkrankung und psychische Probleme. <\/p>\n<p data-speakable=\"\">Den letzten Anlauf f\u00fcr ein Comeback startete die Hamburgerin 2023, als sie sich mit Schlagers\u00e4nger Andreas Ellermann zusammentat und als Schlagerstar durchstarten wollte. Der Million\u00e4r nahm mit ihr den fr\u00fcheren Hit &#8222;Fiesta Mexicana&#8220; von Rex Gildo (1936-1999) neu auf &#8211; der gro\u00dfe Erfolg blieb &#8211; einmal mehr &#8211; aus.<\/p>\n<p>Stars nehmen Abschied: &#8222;Arme kranke Seele&#8220;<\/p>\n<p data-speakable=\"\">Kurz vor ihrem Tod lebte Nadja Abd el Farrag zur\u00fcckgezogen und gesundheitlich stark angeschlagen. Laut Medienberichten wohnte sie zeitweise bei ihrer Mutter, war finanziell von Freunden abh\u00e4ngig und lebte von einer kleinen Rente. <\/p>\n<p>Empfehlungen der Redaktion<\/p>\n<p data-speakable=\"\">Nach ihrem Tod am 9. Mai 2025 nahmen deutsche Stars Abschied von der tragischen Boulevard-Heldin. Jenny Elvers beschrieb sie in ihren Abschiedsworten als &#8222;arme kranke Seele&#8220;, Natascha Ochsenknecht sagte: &#8222;Dein Weg ist ab jetzt ein leichterer&#8220;. Simone Ballack kommentierte: &#8222;Benutzt und emotional gepr\u00fcgelt&#8220;. Und selbst ihr Ex-Partner Dieter Bohlen meldete sich zu Wort. &#8222;Ich bin sehr traurig. Ruhe in Frieden, Nadja,&#8220; schrieb der Pop-Titan. <\/p>\n<p data-speakable=\"\">Nadja Abd el Farrag wurde im Juni 2025 im engen Kreis auf dem Friedhof Ohlsdorf in Hamburg beigesetzt. (ero\/obr\/spot)\u00a0<br \/>\n\u00a9 spot on news<\/p>\n","protected":false},"excerpt":{"rendered":"Erster Todestag Aktualisiert am 09.05.2026, 14:24 Uhr Nadja Abd el Farrag wurde in den 1990er-Jahren als Lebensgef\u00e4hrtin von&hellip;\n","protected":false},"author":2,"featured_media":378402,"comment_status":"","ping_status":"","sticky":false,"template":"","format":"standard","meta":{"footnotes":"","_share_on_mastodon":"0"},"categories":[24],"tags":[46,42,16847,147,153,154,94495,56595,44,94496,148],"class_list":["post-378401","post","type-post","status-publish","format-standard","has-post-thumbnail","category-musik","tag-at","tag-austria","tag-dieter-bohlen","tag-entertainment","tag-music","tag-musik","tag-nadja-abd-el-farrag","tag-organversagen","tag-oesterreich","tag-pop-titan-dieter-bohlen","tag-unterhaltung"],"share_on_mastodon":{"url":"https:\/\/pubeurope.com\/@at\/117223230917425486","error":""},"_links":{"self":[{"href":"https:\/\/www.europesays.com\/at\/wp-json\/wp\/v2\/posts\/378401","targetHints":{"allow":["GET"]}}],"collection":[{"href":"https:\/\/www.europesays.com\/at\/wp-json\/wp\/v2\/posts"}],"about":[{"href":"https:\/\/www.europesays.com\/at\/wp-json\/wp\/v2\/types\/post"}],"author":[{"embeddable":true,"href":"https:\/\/www.europesays.com\/at\/wp-json\/wp\/v2\/users\/2"}],"replies":[{"embeddable":true,"href":"https:\/\/www.europesays.com\/at\/wp-json\/wp\/v2\/comments?post=378401"}],"version-history":[{"count":0,"href":"https:\/\/www.europesays.com\/at\/wp-json\/wp\/v2\/posts\/378401\/revisions"}],"wp:featuredmedia":[{"embeddable":true,"href":"https:\/\/www.europesays.com\/at\/wp-json\/wp\/v2\/media\/378402"}],"wp:attachment":[{"href":"https:\/\/www.europesays.com\/at\/wp-json\/wp\/v2\/media?parent=378401"}],"wp:term":[{"taxonomy":"category","embeddable":true,"href":"https:\/\/www.europesays.com\/at\/wp-json\/wp\/v2\/categories?post=378401"},{"taxonomy":"post_tag","embeddable":true,"href":"https:\/\/www.europesays.com\/at\/wp-json\/wp\/v2\/tags?post=378401"}],"curies":[{"name":"wp","href":"https:\/\/api.w.org\/{rel}","templated":true}]}}