{"id":378415,"date":"2026-09-06T08:54:11","date_gmt":"2026-09-06T08:54:11","guid":{"rendered":"https:\/\/www.europesays.com\/at\/378415\/"},"modified":"2026-09-06T08:54:11","modified_gmt":"2026-09-06T08:54:11","slug":"erste-deutsche-rakete-im-erdorbit-wichtiger-schritt-fuer-europa-wirtschaft","status":"publish","type":"post","link":"https:\/\/www.europesays.com\/at\/378415\/","title":{"rendered":"Erste deutsche Rakete im Erdorbit: Wichtiger Schritt f\u00fcr Europa &#8211; Wirtschaft"},"content":{"rendered":"<p data-manual=\"paragraph\" data-schema-org-speakable=\"true\" class=\"css-1ygz9cx\">In der <a href=\"https:\/\/www.sueddeutsche.de\/thema\/Raumfahrt\" rel=\"nofollow noopener\" target=\"_blank\">Raumfahrt<\/a> scheint es zwei unverr\u00fcckbare Gesetzm\u00e4\u00dfigkeiten zu geben: Erstens, die Europ\u00e4er sind den Amerikanern Jahre hinterher. Zweitens, sie holen irgendwann auf und sind dann sogar besser als das Vorbild. So haben die Europ\u00e4er die Erdbeobachtungssatelliten Copernicus und das Navigationssystem Galileo erst im Weltraum aufgebaut, als es entsprechende US-Satelliten l\u00e4ngst gab. Nun geh\u00f6ren beide europ\u00e4ische Weltraumprogramme zu den weltweit besten ihrer Art. Und nachdem Europa jahrelang beinahe hilflos zuschauen musste, wie Milliard\u00e4r <a href=\"https:\/\/www.sueddeutsche.de\/thema\/Elon_Musk\" rel=\"nofollow noopener\" target=\"_blank\">Elon Musk<\/a> mit seiner Lastenrakete Falcon 9 der <a href=\"https:\/\/www.sueddeutsche.de\/thema\/Esa\" rel=\"nofollow noopener\" target=\"_blank\">Esa<\/a>-Rakete Ariane Marktanteile abjagte, gibt es nun auch hier Hoffnung.<\/p>\n","protected":false},"excerpt":{"rendered":"In der Raumfahrt scheint es zwei unverr\u00fcckbare Gesetzm\u00e4\u00dfigkeiten zu geben: Erstens, die Europ\u00e4er sind den Amerikanern Jahre hinterher.&hellip;\n","protected":false},"author":2,"featured_media":378416,"comment_status":"","ping_status":"","sticky":false,"template":"","format":"standard","meta":{"footnotes":"","_share_on_mastodon":"0"},"categories":[3],"tags":[64077,5165,9866,76,75,74,94449,4877,7818,11396,9247,1076,255],"class_list":["post-378415","post","type-post","status-publish","format-standard","has-post-thumbnail","category-europa","tag-ariane","tag-elon-musk","tag-esa","tag-eu","tag-europa","tag-europe","tag-isar-aerospace","tag-leserdiskussion","tag-nasa","tag-raumfahrt","tag-spacex","tag-sueddeutsche-zeitung","tag-wirtschaft"],"share_on_mastodon":{"url":"https:\/\/pubeurope.com\/@at\/117223257781035458","error":""},"_links":{"self":[{"href":"https:\/\/www.europesays.com\/at\/wp-json\/wp\/v2\/posts\/378415","targetHints":{"allow":["GET"]}}],"collection":[{"href":"https:\/\/www.europesays.com\/at\/wp-json\/wp\/v2\/posts"}],"about":[{"href":"https:\/\/www.europesays.com\/at\/wp-json\/wp\/v2\/types\/post"}],"author":[{"embeddable":true,"href":"https:\/\/www.europesays.com\/at\/wp-json\/wp\/v2\/users\/2"}],"replies":[{"embeddable":true,"href":"https:\/\/www.europesays.com\/at\/wp-json\/wp\/v2\/comments?post=378415"}],"version-history":[{"count":0,"href":"https:\/\/www.europesays.com\/at\/wp-json\/wp\/v2\/posts\/378415\/revisions"}],"wp:featuredmedia":[{"embeddable":true,"href":"https:\/\/www.europesays.com\/at\/wp-json\/wp\/v2\/media\/378416"}],"wp:attachment":[{"href":"https:\/\/www.europesays.com\/at\/wp-json\/wp\/v2\/media?parent=378415"}],"wp:term":[{"taxonomy":"category","embeddable":true,"href":"https:\/\/www.europesays.com\/at\/wp-json\/wp\/v2\/categories?post=378415"},{"taxonomy":"post_tag","embeddable":true,"href":"https:\/\/www.europesays.com\/at\/wp-json\/wp\/v2\/tags?post=378415"}],"curies":[{"name":"wp","href":"https:\/\/api.w.org\/{rel}","templated":true}]}}