{"id":378431,"date":"2026-09-06T09:06:22","date_gmt":"2026-09-06T09:06:22","guid":{"rendered":"https:\/\/www.europesays.com\/at\/378431\/"},"modified":"2026-09-06T09:06:22","modified_gmt":"2026-09-06T09:06:22","slug":"oldies-und-rock-am-altmuehlufer-in-pappenheim-pappenheimer-skribent","status":"publish","type":"post","link":"https:\/\/www.europesays.com\/at\/378431\/","title":{"rendered":"Oldies und Rock am Altm\u00fchlufer in Pappenheim \u2013 Pappenheimer Skribent"},"content":{"rendered":"<p><img decoding=\"async\" src=\"https:\/\/www.europesays.com\/at\/wp-content\/uploads\/2026\/09\/kunst-u-kulturv-logo-600x381.jpg\" alt=\"\" title=\"kunst--u-kulturv-logo\"\/><\/p>\n<p><a href=\"https:\/\/www.pappenheim-aktuell.com\/oldies-und-rock-am-altmuehlufer-in-pappenheim\/?print=pdf\" class=\"pdfprnt-button pdfprnt-button-pdf\" target=\"_blank\" rel=\"nofollow noopener\"><a href=\"https:\/\/www.pappenheim-aktuell.com\/oldies-und-rock-am-altmuehlufer-in-pappenheim\/?print=print\" class=\"pdfprnt-button pdfprnt-button-print\" target=\"_blank\" rel=\"nofollow noopener\"><img decoding=\"async\" src=\"https:\/\/www.europesays.com\/at\/wp-content\/uploads\/2026\/09\/print.png\" alt=\"image_print\" title=\"Inhalt drucken\"\/><\/a><\/p>\n<p>Rock- und Popklassiker aus mehreren Jahrzehnten werden am Samstag, 12. September 2026, an der Altm\u00fchl zu h\u00f6ren sein. Der Kunst- und Kulturverein Pappenheim l\u00e4dt im Rahmen seiner Reihe \u201eSommerabend mit Musik\u201c zu einem Konzert mit der Ingolst\u00e4dter Coverband ROCK IN auf die Remise am Haus der B\u00fcrger K14 ein. Beginn ist diesmal bereits um 18 Uhr.<\/p>\n<p>Die f\u00fcnf Musiker aus Ingolstadt sind in Pappenheim keine Unbekannten. Seit Jahren ist die Band bei der Veranstaltungsreihe zu Gast und hat sich mit ihren Auftritten auf der offenen Remise ein treues Publikum erspielt. Der Bandname ROCK IN l\u00e4sst dabei nicht nur die Herkunft der Musiker anklingen, sondern gibt auch einen deutlichen Hinweis auf ihre musikalische Leidenschaft.<\/p>\n<p>Auf dem Programm steht authentischer Rock und Pop, live gespielt und mit einem Repertoire, das sich \u00fcber rund f\u00fcnf Jahrzehnte Musikgeschichte erstreckt. Bekannte Hits aus den 50er-, 60er- und den folgenden Jahrzehnten bis hinein in die 90er-Jahre sollen f\u00fcr eine beschwingte musikalische Zeitreise sorgen. Neben Klassikern, bei denen Mitsingen und Mitschwingen durchaus erw\u00fcnscht sind, bringt ROCK IN auch weniger bekannte St\u00fccke mit nach Pappenheim.<\/p>\n<p>F\u00fcr die passende Atmosph\u00e4re d\u00fcrfte die Remise unmittelbar an der Altm\u00fchl sorgen. Wer m\u00f6chte, kann sich dort nicht nur der Musik widmen, sondern bei rhythmischen Rockkl\u00e4ngen auch ein kleines T\u00e4nzchen wagen. Erfrischende Getr\u00e4nke und gegrillte Bratw\u00fcrste runden den Abend ab.<\/p>\n<p>Da die Veranstaltung zwar noch in den Sommerferien, aber bereits Mitte September stattfindet, beginnt der musikalische Abend ausnahmsweise schon um 18 Uhr. Zudem bietet die \u00fcberdachte Remise einen passenden Rahmen f\u00fcr das Konzert. Nun bleibt zu hoffen, dass sich auch das Wetter mit einem lauen Sp\u00e4tsommerabend von seiner angenehmen Seite zeigt.<\/p>\n<p>Das Konzert mit ROCK IN findet am Samstag, 12. September 2026, um 18 Uhr auf der Remise am Haus der B\u00fcrger K14, Klosterstra\u00dfe 14 in Pappenheim, statt. Der Eintritt ist frei. Spenden f\u00fcr die Arbeit des Kunst- und Kulturvereins Pappenheim sind willkommen.<\/p>\n<p>\u00a0<\/p>\n","protected":false},"excerpt":{"rendered":"Rock- und Popklassiker aus mehreren Jahrzehnten werden am Samstag, 12. September 2026, an der Altm\u00fchl zu h\u00f6ren sein.&hellip;\n","protected":false},"author":2,"featured_media":378432,"comment_status":"","ping_status":"","sticky":false,"template":"","format":"standard","meta":{"footnotes":"","_share_on_mastodon":"0"},"categories":[24],"tags":[46,42,147,153,154,44,148],"class_list":["post-378431","post","type-post","status-publish","format-standard","has-post-thumbnail","category-musik","tag-at","tag-austria","tag-entertainment","tag-music","tag-musik","tag-oesterreich","tag-unterhaltung"],"share_on_mastodon":{"url":"https:\/\/pubeurope.com\/@at\/117223305534109474","error":""},"_links":{"self":[{"href":"https:\/\/www.europesays.com\/at\/wp-json\/wp\/v2\/posts\/378431","targetHints":{"allow":["GET"]}}],"collection":[{"href":"https:\/\/www.europesays.com\/at\/wp-json\/wp\/v2\/posts"}],"about":[{"href":"https:\/\/www.europesays.com\/at\/wp-json\/wp\/v2\/types\/post"}],"author":[{"embeddable":true,"href":"https:\/\/www.europesays.com\/at\/wp-json\/wp\/v2\/users\/2"}],"replies":[{"embeddable":true,"href":"https:\/\/www.europesays.com\/at\/wp-json\/wp\/v2\/comments?post=378431"}],"version-history":[{"count":0,"href":"https:\/\/www.europesays.com\/at\/wp-json\/wp\/v2\/posts\/378431\/revisions"}],"wp:featuredmedia":[{"embeddable":true,"href":"https:\/\/www.europesays.com\/at\/wp-json\/wp\/v2\/media\/378432"}],"wp:attachment":[{"href":"https:\/\/www.europesays.com\/at\/wp-json\/wp\/v2\/media?parent=378431"}],"wp:term":[{"taxonomy":"category","embeddable":true,"href":"https:\/\/www.europesays.com\/at\/wp-json\/wp\/v2\/categories?post=378431"},{"taxonomy":"post_tag","embeddable":true,"href":"https:\/\/www.europesays.com\/at\/wp-json\/wp\/v2\/tags?post=378431"}],"curies":[{"name":"wp","href":"https:\/\/api.w.org\/{rel}","templated":true}]}}