{"id":378491,"date":"2026-09-06T09:44:18","date_gmt":"2026-09-06T09:44:18","guid":{"rendered":"https:\/\/www.europesays.com\/at\/378491\/"},"modified":"2026-09-06T09:44:18","modified_gmt":"2026-09-06T09:44:18","slug":"saenger-in-klinik-rock-legenden-sagen-tour-kurzfristig-ab-auch-niedersachsen-betroffen-2","status":"publish","type":"post","link":"https:\/\/www.europesays.com\/at\/378491\/","title":{"rendered":"S\u00e4nger in Klinik: Rock-Legenden sagen Tour kurzfristig ab \u2013 Auch Niedersachsen betroffen"},"content":{"rendered":"<p><a href=\"https:\/\/www.hna.de\/\" class=\"id-Breadcrumb-link\" data-id-ec=\"{\" shn=\"\" textlink=\"\" data-k5a-pos=\"1_startseite\" rel=\"nofollow noopener\" target=\"_blank\">Startseite<\/a><a href=\"https:\/\/www.hna.de\/leute\/\" class=\"id-Breadcrumb-link\" data-id-ec=\"{\" shn=\"\" textlink=\"\" tv=\"\" data-k5a-pos=\"2_starsTv\" rel=\"nofollow noopener\" target=\"_blank\">Stars &amp; TV<\/a><\/p>\n<p class=\"id-Story-timestamp id-Story-timestamp--default\">Stand: 06.09.2026, 07:32 Uhr<\/p>\n<p class=\"id-Story-authors id-Story-authors--default\">Von: <a class=\"id-Story-authors-link lp_west_author\" href=\"https:\/\/www.hna.de\/autor\/armin-t-linder-29l138ikv.html\" title=\"Zur Autorenseite von Armin T. Linder\" data-id-ec=\"{\" shn=\"\" author-link=\"\" t.=\"\" linder=\"\" data-k5a-pos=\"west_author\" rel=\"nofollow noopener\" target=\"_blank\">Armin T. Linder<\/a><\/p>\n<p class=\"id-Story-interactionBar id-Story-interactionBar--default\">DruckenTeilen<\/p>\n<p><a href=\"https:\/\/profile.google.com\/cp\/CgovbS8wMjdscHNrGgA\" class=\"id-Story-googleFollowButton id-Story-googleFollowButton--default\" target=\"_blank\" data-id-ec=\"{\" shn=\"\" google-follow=\"\" auf=\"\" google=\"\" folgen=\"\" rel=\"nofollow noopener\">Uns auf Google folgen<\/a><\/p>\n<p class=\"id-StoryElement-leadText\">Eine legend\u00e4re Rock-Band musste ihre restlichen Deutschland-Konzerte absagen, darunter auch eines in Niedersachsen. Fans sind in Sorge um den Frontmann.<\/p>\n<p class=\"id-StoryElement-paragraph\">Braunschweig \u2013 Die Fans der australischen Hard-Rock-Formation <a href=\"https:\/\/www.24garten.de\/ziergarten\/rosen-pflegen-schneiden-ramblerrose-hundsrose-rosen-kaufen-93453950.html\" class=\"id-import-Link id-pageApi-Link--externalDomain\" data-id-ec=\"{&quot;sht&quot;:&quot;Container&quot;,&quot;shn&quot;:&quot;Story&quot;,&quot;p&quot;:{&quot;containerType&quot;:&quot;Paragraph&quot;,&quot;displayType&quot;:&quot;Paragraph InlineLink&quot;,&quot;type&quot;:&quot;INLINE_LINK&quot;,&quot;value&quot;:&quot;Rose&quot;,&quot;variant&quot;:&quot;standardLink&quot;,&quot;sponsored&quot;:false,&quot;linkHref&quot;:&quot;https:\/\/www.24garten.de\/ziergarten\/rosen-pflegen-schneiden-ramblerrose-hundsrose-rosen-kaufen-93453950.html&quot;,&quot;storyElementPosition&quot;:8,&quot;storyElementCount&quot;:20}}\" rel=\"nofollow noopener\" target=\"_blank\">Rose<\/a> Tattoo m\u00fcssen eine traurige Nachricht verkraften: <a href=\"https:\/\/www.hna.de\/leute\/klinik-rose-tattoo-brechen-abschiedstour-ab-saenger-in-zr-94436494.html\" class=\"id-import-Link\" data-id-ec=\"{&quot;sht&quot;:&quot;Container&quot;,&quot;shn&quot;:&quot;Story&quot;,&quot;p&quot;:{&quot;containerType&quot;:&quot;Paragraph&quot;,&quot;displayType&quot;:&quot;Paragraph InlineLink&quot;,&quot;type&quot;:&quot;INLINE_LINK&quot;,&quot;value&quot;:&quot;Die Band hat ihre laufende Europa-Tournee unter dem Motto &#x201E;One Last Ride&#x201C; vorzeitig beendet&quot;,&quot;variant&quot;:&quot;standardLink&quot;,&quot;sponsored&quot;:false,&quot;linkHref&quot;:&quot;https:\/\/www.hna.de\/leute\/klinik-rose-tattoo-brechen-abschiedstour-ab-saenger-in-zr-94436494.html&quot;,&quot;storyElementPosition&quot;:8,&quot;storyElementCount&quot;:20}}\" rel=\"nofollow noopener\" target=\"_blank\">Die Band hat ihre laufende Europa-Tournee unter dem Motto \u201eOne Last Ride\u201c vorzeitig beendet<\/a>. Ausl\u00f6ser ist eine akute Erkrankung von S\u00e4nger Angry Anderson. Der 79-j\u00e4hrige Frontmann befindet sich derzeit zur Behandlung in einem Krankenhaus.<\/p>\n<p><img decoding=\"async\" class=\"id-RatioPlaceholder-element wv_story_el_image\" src=\"https:\/\/www.europesays.com\/at\/wp-content\/uploads\/2026\/09\/43659583-rose-tattoo-bei-einem-auftritt-in-frankfurt-2020-OxBG.jpg\" loading=\"lazy\"   height=\"625\" width=\"1100\" alt=\"Rose Tattoo bei einem Auftritt in Frankfurt 2020\"\/>Rose Tattoo bei einem Auftritt in Frankfurt 2020. \u00a9\u00a0Bobo \/ Imago<\/p>\n<p class=\"id-StoryElement-paragraph\">Die Band teilte via Social Media mit, dass man zutiefst best\u00fcrzt \u00fcber die Absage der restlichen Termine sei. Der Gesundheitszustand von Anderson macht eine Fortsetzung der Reise jedoch offenbar unm\u00f6glich. Zuvor war bereits ein Auftritt bei einem Festival in Belgien am vergangenen Sonntag gestrichen worden. Einige Shows der Tour konnten die \u201eRock\u2019n\u2019Roll Outlaws\u201c zuvor noch absolvieren.<\/p>\n<p>Rose Tattoo sagen restliche Tour ab<\/p>\n<p class=\"id-StoryElement-paragraph\">\u201eMit gro\u00dfem Bedauern geben wir bekannt, dass alle verbleibenden Konzerte der Europa-Tour 2026 von Rose Tattoo abgesagt werden m\u00fcssen\u201c, schreiben Rose Tattoo. \u201eAngry Anderson befindet sich derzeit aufgrund eines medizinischen Problems im Krankenhaus. Wir sind zutiefst best\u00fcrzt, dass wir diese Tournee nicht fortsetzen k\u00f6nnen.\u201c<\/p>\n<p><img decoding=\"async\" class=\"id-RatioPlaceholder-element wv_story_el_image\" src=\"https:\/\/www.europesays.com\/at\/wp-content\/uploads\/2026\/09\/43659624-saenger-angry-anderson-am-august-in-oslo-er-musste-jetzt-ins-krankenhaus-eingeliefert-werde.jpeg\" loading=\"lazy\"   height=\"733\" width=\"1100\" alt=\"S&#xE4;nger Angry Anderson am 1. August in Oslo. Er musste jetzt ins Krankenhaus eingeliefert werden.\"\/>S\u00e4nger Angry Anderson am 1. August in Oslo. Er musste jetzt ins Krankenhaus eingeliefert werden. \u00a9\u00a0IMAGO\/Gonzales Photo\/Terje Dokken<\/p>\n<p class=\"id-StoryElement-paragraph\">In <a href=\"https:\/\/www.hna.de\/niedersachsen\/\" class=\"id-import-Link\" title=\"Niedersachsen\" data-id-ec=\"{&quot;sht&quot;:&quot;Container&quot;,&quot;shn&quot;:&quot;Story&quot;,&quot;p&quot;:{&quot;containerType&quot;:&quot;Paragraph&quot;,&quot;displayType&quot;:&quot;Paragraph InlineLink&quot;,&quot;type&quot;:&quot;INLINE_LINK&quot;,&quot;value&quot;:&quot;Niedersachsen&quot;,&quot;variant&quot;:&quot;standardLink&quot;,&quot;sponsored&quot;:false,&quot;linkHref&quot;:&quot;https:\/\/www.hna.de\/niedersachsen\/&quot;,&quot;storyElementPosition&quot;:17,&quot;storyElementCount&quot;:20}}\" rel=\"nofollow noopener\" target=\"_blank\">Niedersachsen<\/a> ist konkret die Show in Braunschweig betroffen. Rose Tattoo sollten eigentlich am 19. August im \u201eWestand\u201c auf der B\u00fchne stehen. Da die Tour jedoch unmittelbar gestoppt wurde, entf\u00e4llt auch dieser Termin. Bereits gekaufte Tickets k\u00f6nnen laut Band-Statement gegen Erstattung des Kaufpreises an den jeweiligen Vorverkaufsstellen zur\u00fcckgegeben werden.<\/p>\n<p>Fotos von Stars ohne ihr Markenzeichen: Mark Forster zeigte sich unl\u00e4ngst ohne Cap und Brille<img decoding=\"async\" class=\"id-RatioPlaceholder-element wv_story_el_interstitialImage\" src=\"https:\/\/www.europesays.com\/at\/wp-content\/uploads\/2026\/09\/41211175-stars-mit-muetze-hut-1tfe.jpg\" loading=\"lazy\"   height=\"1350\" width=\"2400\" alt=\"Stars mit M&#xFC;tze\/Hut\"\/><a href=\"https:\/\/www.hna.de\/leute\/lombardi-torsten-straeter-klaus-meine-ohne-hut-muetze-sonnenbrille-fotos-schlager-dj-oetzi-pietro-zr-93473816.html\" class=\"id-StoryElement-intestitialLink-link\" data-id-ec=\"{\" shn=\"\" ansehen=\"\" data-k5a-pos=\"west_story_17_photoGalleryLink\" title=\"Zur Fotostrecke: Fotos von Stars ohne ihr Markenzeichen: Mark Forster zeigte sich unl&#xE4;ngst ohne Cap und Brille\" rel=\"nofollow noopener\" target=\"_blank\">Fotostrecke ansehen<\/a><\/p>\n<p class=\"id-StoryElement-paragraph\">Das \u201eWestand\u201c in Braunschweig hat sich in der regionalen Kulturszene als wandlungsf\u00e4hige Eventlocation einen Namen gemacht. Zwischen Industriearchitektur und moderner Technik bietet die Halle Raum f\u00fcr Konzerte, die oft eine Br\u00fccke zwischen etablierten Rock-Gr\u00f6\u00dfen und lokalen Talenten schlagen. Damit ist sie ein wichtiger Bestandteil der nieders\u00e4chsischen Konzertlandschaft, <a href=\"https:\/\/www.kreiszeitung.de\/lokales\/niedersachsen\/besten-musik-festivals-in-niedersachsen-2024-hurricane-hill-dreams-reload-deichbrand-oldenbora-92989694.html\" class=\"id-import-Link id-pageApi-Link--externalDomain\" data-id-ec=\"{&quot;sht&quot;:&quot;Container&quot;,&quot;shn&quot;:&quot;Story&quot;,&quot;p&quot;:{&quot;containerType&quot;:&quot;Paragraph&quot;,&quot;displayType&quot;:&quot;Paragraph InlineLink&quot;,&quot;type&quot;:&quot;INLINE_LINK&quot;,&quot;value&quot;:&quot;die neben den bekannten Highlights wie dem &#x201E;Reload Festival&#x201C; in Sulingen vor allem durch solche authentischen Spielorte gepr&#xE4;gt wird&quot;,&quot;variant&quot;:&quot;standardLink&quot;,&quot;sponsored&quot;:false,&quot;linkHref&quot;:&quot;https:\/\/www.kreiszeitung.de\/lokales\/niedersachsen\/besten-musik-festivals-in-niedersachsen-2024-hurricane-hill-dreams-reload-deichbrand-oldenbora-92989694.html&quot;,&quot;storyElementPosition&quot;:20,&quot;storyElementCount&quot;:20}}\" rel=\"nofollow noopener\" target=\"_blank\">die neben den bekannten Highlights wie dem \u201eReload Festival\u201c in Sulingen vor allem durch solche authentischen Spielorte gepr\u00e4gt wird<\/a>.<\/p>\n","protected":false},"excerpt":{"rendered":"StartseiteStars &amp; TV Stand: 06.09.2026, 07:32 Uhr Von: Armin T. Linder DruckenTeilen Uns auf Google folgen Eine legend\u00e4re&hellip;\n","protected":false},"author":2,"featured_media":378492,"comment_status":"","ping_status":"","sticky":false,"template":"","format":"standard","meta":{"footnotes":"","_share_on_mastodon":"0"},"categories":[24],"tags":[46,42,147,153,154,44,148],"class_list":["post-378491","post","type-post","status-publish","format-standard","has-post-thumbnail","category-musik","tag-at","tag-austria","tag-entertainment","tag-music","tag-musik","tag-oesterreich","tag-unterhaltung"],"share_on_mastodon":{"url":"https:\/\/pubeurope.com\/@at\/117223455148732027","error":""},"_links":{"self":[{"href":"https:\/\/www.europesays.com\/at\/wp-json\/wp\/v2\/posts\/378491","targetHints":{"allow":["GET"]}}],"collection":[{"href":"https:\/\/www.europesays.com\/at\/wp-json\/wp\/v2\/posts"}],"about":[{"href":"https:\/\/www.europesays.com\/at\/wp-json\/wp\/v2\/types\/post"}],"author":[{"embeddable":true,"href":"https:\/\/www.europesays.com\/at\/wp-json\/wp\/v2\/users\/2"}],"replies":[{"embeddable":true,"href":"https:\/\/www.europesays.com\/at\/wp-json\/wp\/v2\/comments?post=378491"}],"version-history":[{"count":0,"href":"https:\/\/www.europesays.com\/at\/wp-json\/wp\/v2\/posts\/378491\/revisions"}],"wp:featuredmedia":[{"embeddable":true,"href":"https:\/\/www.europesays.com\/at\/wp-json\/wp\/v2\/media\/378492"}],"wp:attachment":[{"href":"https:\/\/www.europesays.com\/at\/wp-json\/wp\/v2\/media?parent=378491"}],"wp:term":[{"taxonomy":"category","embeddable":true,"href":"https:\/\/www.europesays.com\/at\/wp-json\/wp\/v2\/categories?post=378491"},{"taxonomy":"post_tag","embeddable":true,"href":"https:\/\/www.europesays.com\/at\/wp-json\/wp\/v2\/tags?post=378491"}],"curies":[{"name":"wp","href":"https:\/\/api.w.org\/{rel}","templated":true}]}}