{"id":378501,"date":"2026-09-06T09:51:12","date_gmt":"2026-09-06T09:51:12","guid":{"rendered":"https:\/\/www.europesays.com\/at\/378501\/"},"modified":"2026-09-06T09:51:12","modified_gmt":"2026-09-06T09:51:12","slug":"die-spectrum-rakete-setzt-einen-neuen-meilenstein-fuer-europa","status":"publish","type":"post","link":"https:\/\/www.europesays.com\/at\/378501\/","title":{"rendered":"Die Spectrum-Rakete setzt einen neuen Meilenstein f\u00fcr Europa."},"content":{"rendered":"<p>Am fr\u00fchen Morgen des 6. Septembers bef\u00f6rderte die Spectrum-Rakete des deutschen Start-ups Isar Aerospace erfolgreich Satelliten vom Weltraumbahnhof And\u00f8ya in <a class=\"data-link\" data-org-href=\"https:\/\/www.vietnam.vn\/de\/tag\/na-uy\" href=\"https:\/\/www.vietnam.vn\/de\/tag\/na-uy\" title=\"Norwegen\" target=\"_blank\" rel=\"nofollow noopener\">Nordnorwegen<\/a> in den Orbit. Die Europ\u00e4ische Weltraumorganisation (ESA) erkl\u00e4rte, dies sei das erste Mal, dass eine in Europa entwickelte kommerzielle Rakete vom Kontinent aus den Orbit erreicht habe.<\/p>\n<p> Die 28 Meter hohe Spectrum-Rakete startete am 6. September um 3:12 Uhr ( <a class=\"data-link\" data-org-href=\"https:\/\/www.vietnam.vn\/de\/destination\/ha-noi\" href=\"https:\/\/www.vietnam.vn\/de\/destination\/ha-noi\" title=\"Hanoi\" target=\"_blank\" rel=\"nofollow noopener\">Hanoi-<\/a> Zeit) und transportierte f\u00fcnf Kleinsatelliten sowie ein Technologie-Experimentierger\u00e4t. Isar Aerospace gab bekannt, dass die Satelliten anschlie\u00dfend in ihre Umlaufbahn gebracht wurden. <\/p>\n<p><img decoding=\"async\" style=\"cursor:pointer\" src=\"https:\/\/www.europesays.com\/at\/wp-content\/uploads\/2026\/09\/1.jpeg\" data-original=\"https:\/\/www.europesays.com\/at\/wp-content\/uploads\/2026\/09\/1.jpeg\" alt=\"1.jpeg\" src-mobile=\"\" data-file-id=\"488114\"\/> Die Spectrum-Rakete von Isar Aerospace hob am 6. September um 3:12 Uhr (Ortszeit Hanoi) vom Kosmodrom And\u00f8ya in Norwegen ab. Foto: Reuters<\/p>\n<p>Das k\u00f6nnte Sie interessieren<\/p>\n<p> Dies war der zweite Flug der Spectrum. Bei ihrem ersten Start im M\u00e4rz 2025 st\u00fcrzte die Rakete etwa 40 Sekunden nach dem Abheben ins Meer und explodierte. Isar Aerospace gab an, dass die Daten des ersten Tests zur Verbesserung der Rakete genutzt wurden.<\/p>\n<p> Der Start erfolgt zu einem Zeitpunkt, an dem Europa seine Satellitenstartkapazit\u00e4ten in einem Markt ausbauen will, der bereits von Unternehmen wie dem amerikanischen SpaceX dominiert wird.<\/p>\n<p> Die ESA erw\u00e4gt eine Erh\u00f6hung der Startfrequenz von Ariane 6 und Vega-C, um den prognostizierten Bedarfsspitzen im Satellitenaussetzen um das Jahr 2030 gerecht zu werden. Arianespace plant ab 2027 bis zu zehn Ariane-6-Starts pro Jahr, doch diese Kapazit\u00e4t reicht m\u00f6glicherweise nicht aus, um die Nachfrage zu decken. Schweden entwickelt zudem den Weltraumbahnhof Esrange, w\u00e4hrend Gro\u00dfbritannien den Weltraumbahnhof SaxaVord auf den Shetlandinseln baut.<\/p>\n<p>Das k\u00f6nnte Sie interessieren<\/p>\n<p> Die steigende Nachfrage nach Kommunikations-, Erdbeobachtungs- und Verteidigungssatelliten veranlasst Europa, seine Weltraumzugangskapazit\u00e4ten auszubauen. Die Entwicklung zus\u00e4tzlicher Raketen und Startpl\u00e4tze in der Region ist ebenfalls Teil der Bem\u00fchungen, die Abh\u00e4ngigkeit von externen Anbietern f\u00fcr bestimmte Weltraummissionen zu verringern.<\/p>\n<p class=\"mb-0\"> Quelle: https:\/\/hanoimoi.vn\/ten-lua-spectrum-lap-dau-moc-moi-cho-chau-au-1706135.html<\/p>\n","protected":false},"excerpt":{"rendered":"Am fr\u00fchen Morgen des 6. Septembers bef\u00f6rderte die Spectrum-Rakete des deutschen Start-ups Isar Aerospace erfolgreich Satelliten vom Weltraumbahnhof&hellip;\n","protected":false},"author":2,"featured_media":378502,"comment_status":"","ping_status":"","sticky":false,"template":"","format":"standard","meta":{"footnotes":"","_share_on_mastodon":"0"},"categories":[3],"tags":[76,75,74,72881,94449,10345,53948],"class_list":["post-378501","post","type-post","status-publish","format-standard","has-post-thumbnail","category-europa","tag-eu","tag-europa","tag-europe","tag-flugbahn","tag-isar-aerospace","tag-satellit","tag-spektrum"],"share_on_mastodon":{"url":"https:\/\/pubeurope.com\/@at\/117223483142437035","error":""},"_links":{"self":[{"href":"https:\/\/www.europesays.com\/at\/wp-json\/wp\/v2\/posts\/378501","targetHints":{"allow":["GET"]}}],"collection":[{"href":"https:\/\/www.europesays.com\/at\/wp-json\/wp\/v2\/posts"}],"about":[{"href":"https:\/\/www.europesays.com\/at\/wp-json\/wp\/v2\/types\/post"}],"author":[{"embeddable":true,"href":"https:\/\/www.europesays.com\/at\/wp-json\/wp\/v2\/users\/2"}],"replies":[{"embeddable":true,"href":"https:\/\/www.europesays.com\/at\/wp-json\/wp\/v2\/comments?post=378501"}],"version-history":[{"count":0,"href":"https:\/\/www.europesays.com\/at\/wp-json\/wp\/v2\/posts\/378501\/revisions"}],"wp:featuredmedia":[{"embeddable":true,"href":"https:\/\/www.europesays.com\/at\/wp-json\/wp\/v2\/media\/378502"}],"wp:attachment":[{"href":"https:\/\/www.europesays.com\/at\/wp-json\/wp\/v2\/media?parent=378501"}],"wp:term":[{"taxonomy":"category","embeddable":true,"href":"https:\/\/www.europesays.com\/at\/wp-json\/wp\/v2\/categories?post=378501"},{"taxonomy":"post_tag","embeddable":true,"href":"https:\/\/www.europesays.com\/at\/wp-json\/wp\/v2\/tags?post=378501"}],"curies":[{"name":"wp","href":"https:\/\/api.w.org\/{rel}","templated":true}]}}