{"id":378513,"date":"2026-09-06T09:57:07","date_gmt":"2026-09-06T09:57:07","guid":{"rendered":"https:\/\/www.europesays.com\/at\/378513\/"},"modified":"2026-09-06T09:57:07","modified_gmt":"2026-09-06T09:57:07","slug":"austropop-konzert-im-volkshaus-franckviertel","status":"publish","type":"post","link":"https:\/\/www.europesays.com\/at\/378513\/","title":{"rendered":"Austropop-Konzert im Volkshaus Franckviertel"},"content":{"rendered":"<p> LINZ. Mitte September gibt der S\u00e4nger Matthias Kempf im Volkshaus Franckviertel mit zwei weiteren Musikerinnen ein Konzert. <\/p>\n<p>Im Volkshaus Franckviertel findet am Freitag, 18. September, 19.30 Uhr ein Austropop-Konzert statt.<\/p>\n<p>Das Trio besteht aus: Matthias Kempf als Gitarrist und S\u00e4nger, Andrea Fr\u00e4nzel ebenfalls als Gitarristin und auch Bassistin und Raphaela Fries als Perkussionistin. Das Programm hei\u00dft \u201ein so ana Zeit\u201c \u2013 wie Kempfs neues Album.<\/p>\n<p>Den Musiker Kempf kennt man von dem Trio \u201eUlli B\u00e4er, Matthias Kempf &amp; Andy Baum\u201c.<\/p>\n","protected":false},"excerpt":{"rendered":"LINZ. Mitte September gibt der S\u00e4nger Matthias Kempf im Volkshaus Franckviertel mit zwei weiteren Musikerinnen ein Konzert. Im&hellip;\n","protected":false},"author":2,"featured_media":378514,"comment_status":"","ping_status":"","sticky":false,"template":"","format":"standard","meta":{"footnotes":"","_share_on_mastodon":"0"},"categories":[30],"tags":[1839,46,42,799,6509,285,786,184,154,44,801,88142],"class_list":["post-378513","post","type-post","status-publish","format-standard","has-post-thumbnail","category-linz","tag-album","tag-at","tag-austria","tag-bass","tag-franckviertel","tag-gitarre","tag-konzert","tag-linz","tag-musik","tag-oesterreich","tag-saenger","tag-volkshaus-franckviertel"],"share_on_mastodon":{"url":"https:\/\/pubeurope.com\/@at\/117223505443923059","error":""},"_links":{"self":[{"href":"https:\/\/www.europesays.com\/at\/wp-json\/wp\/v2\/posts\/378513","targetHints":{"allow":["GET"]}}],"collection":[{"href":"https:\/\/www.europesays.com\/at\/wp-json\/wp\/v2\/posts"}],"about":[{"href":"https:\/\/www.europesays.com\/at\/wp-json\/wp\/v2\/types\/post"}],"author":[{"embeddable":true,"href":"https:\/\/www.europesays.com\/at\/wp-json\/wp\/v2\/users\/2"}],"replies":[{"embeddable":true,"href":"https:\/\/www.europesays.com\/at\/wp-json\/wp\/v2\/comments?post=378513"}],"version-history":[{"count":0,"href":"https:\/\/www.europesays.com\/at\/wp-json\/wp\/v2\/posts\/378513\/revisions"}],"wp:featuredmedia":[{"embeddable":true,"href":"https:\/\/www.europesays.com\/at\/wp-json\/wp\/v2\/media\/378514"}],"wp:attachment":[{"href":"https:\/\/www.europesays.com\/at\/wp-json\/wp\/v2\/media?parent=378513"}],"wp:term":[{"taxonomy":"category","embeddable":true,"href":"https:\/\/www.europesays.com\/at\/wp-json\/wp\/v2\/categories?post=378513"},{"taxonomy":"post_tag","embeddable":true,"href":"https:\/\/www.europesays.com\/at\/wp-json\/wp\/v2\/tags?post=378513"}],"curies":[{"name":"wp","href":"https:\/\/api.w.org\/{rel}","templated":true}]}}