{"id":378565,"date":"2026-09-06T10:31:08","date_gmt":"2026-09-06T10:31:08","guid":{"rendered":"https:\/\/www.europesays.com\/at\/378565\/"},"modified":"2026-09-06T10:31:08","modified_gmt":"2026-09-06T10:31:08","slug":"neues-dienstzeitmodell-erhoeht-in-bregenz-die-streifenpraesenz","status":"publish","type":"post","link":"https:\/\/www.europesays.com\/at\/378565\/","title":{"rendered":"Neues Dienstzeitmodell erh\u00f6ht in Bregenz die Streifenpr\u00e4senz"},"content":{"rendered":"<p>Wien (OTS) &#8211;\u00a0<\/p>\n<p>Seit 1. September 2026 findet die Einf\u00fchrungsphase f\u00fcr die Erprobung des Dienstzeitmanagements auch im Bezirk Bregenz in Vorarlberg statt. Bregenz ist neben G\u00e4nserndorf, Leibnitz, Linz und Wien-Brigittenau einer von f\u00fcnf Bezirken, in denen der Einf\u00fchrungsbetrieb erprobt wird.<\/p>\n<p>Zwtl.: Neues Dienstzeitmanagement verfolgt klares Ziel<\/p>\n<p>Ziel ist es, die polizeiliche Pr\u00e4senz genau dort und zu jenen Zeiten sicherzustellen, wo sie f\u00fcr die Sicherheit der Menschen tats\u00e4chlich erforderlich ist. Grundlage daf\u00fcr sind Einsatzstatistiken, Erfahrungswerte und die jeweiligen regionalen Erfordernisse \u2013 und nicht die Vorgaben eines starren Systems.<\/p>\n<p>Zwtl.: Fakten zur Einf\u00fchrungsphase im Bezirk Bregenz<\/p>\n<p>Im Bezirk Bregenz wird die polizeiliche Streifenpr\u00e4senz im Vergleich zum Vorjahreszeitraum gezielt erh\u00f6ht. Ein besonderer Schwerpunkt liegt dabei auf den Nachtstunden: Durch eine verst\u00e4rkte Pr\u00e4senz im Nachtdienst soll die Polizei insbesondere zu jenen Zeiten sichtbar und rasch verf\u00fcgbar sein, in denen ein erh\u00f6htes Einsatzaufkommen zu verzeichnen ist. Die zus\u00e4tzlichen Streifen tragen damit sowohl zur Pr\u00e4vention als auch zu einer raschen Reaktion auf sicherheitsrelevante Vorf\u00e4lle bei. <\/p>\n<p>Zwtl.: Fokus auf Schulung der Dienstplaner<\/p>\n<p>Die Dienstplanung erfolgt in enger Abstimmung zwischen Polizeiinspektionen, dem Bezirkspolizeikommando, der Landespolizeidirektion und dem f\u00fcr das Dienstzeitmanagement zust\u00e4ndigen Projektteam. Die \u00dcberstunden werden so geplant, dass polizeiliche Schwerpunktma\u00dfnahmen, Pr\u00e4ventionsveranstaltungen und die erforderliche Aktenbearbeitung weiter verst\u00e4rkt werden k\u00f6nnen. <\/p>\n<p>Um eine fundierte Bewertung des neuen Dienstzeitmodells unter realen Bedingungen zu erm\u00f6glichen, wurden \u00fcber mehrere Monate hinweg umfassende Simulations-, Einf\u00fchrungs- und Testphasen durchgef\u00fchrt und die Schulung der Dienstplaner \u2013 in der Regel die Kommandanten der Polizeiinspektionen \u2013 wird begleitend fortgesetzt.<\/p>\n<p>Zwtl.: Kritik der Personalvertretung mehr als zwei Wochen nach Bekanntgabe der Dienstpl\u00e4ne<\/p>\n<p>Die Dienstpl\u00e4ne f\u00fcr September wurden den Polizistinnen und Polizisten in Bregenz bereits vor mehr als zwei Wochen zur Verf\u00fcgung gestellt. Die Polizeigewerkschaft bzw. die Personalvertretung hat allerdings erst jetzt \u2013 nach Beginn des Probebetriebs \u2013 medial ihre Sichtweise zu den Dienstpl\u00e4nen \u00f6ffentlich dargelegt.<\/p>\n<p>F\u00fcr das Innenministerium ist klar: Ein sachlicher Umgang mit Informationen und Fakten ist eine wesentliche Voraussetzung f\u00fcr einen l\u00f6sungsorientierten Umgang mit Herausforderungen und Ver\u00e4nderungen. Das Innenministerium wird daher aktuell und auch im weiteren Verlauf der Einf\u00fchrungsphase gesicherte und evidenzbasierte Informationen zur Verf\u00fcgung stellen.<\/p>\n<p _ngcontent-ng-c2115416006=\"\">Bundesministerium f\u00fcr Inneres<br \/>Abteilung I\/C\/10 &#8211; \u00d6ffentlichkeitsarbeit<br \/>Ressortsprecher des Bundesministeriums f\u00fcr Inneres<br \/>Telefon: +43 (0) 1-531 26 &#8211; 90 15 62<br \/>E-Mail: <a href=\"http:\/\/www.ots.at\/cdn-cgi\/l\/email-protection#21434c480c534452524e5355525153444249445361434c480f46570f4055\" rel=\"nofollow noopener\" target=\"_blank\">[email\u00a0protected]<\/a><br \/>Website: <a href=\"https:\/\/www.bmi.gv.at\" target=\"_blank\" rel=\"nofollow noopener\">https:\/\/www.bmi.gv.at<\/a><\/p>\n<p _ngcontent-ng-c2115416006=\"\"> OTS-ORIGINALTEXT PRESSEAUSSENDUNG UNTER AUSSCHLIESSLICHER<br \/>\nINHALTLICHER VERANTWORTUNG DES AUSSENDERS &#8211; WWW.OTS.AT | NIN<\/p>\n","protected":false},"excerpt":{"rendered":"Wien (OTS) &#8211;\u00a0 Seit 1. September 2026 findet die Einf\u00fchrungsphase f\u00fcr die Erprobung des Dienstzeitmanagements auch im Bezirk&hellip;\n","protected":false},"author":2,"featured_media":378566,"comment_status":"","ping_status":"","sticky":false,"template":"","format":"standard","meta":{"footnotes":"","_share_on_mastodon":"0"},"categories":[6],"tags":[26393,26395,46,42,6518,7944,44,26394,405,43,45,4213],"class_list":["post-378565","post","type-post","status-publish","format-standard","has-post-thumbnail","category-oesterreich","tag-apa","tag-apa-ots","tag-at","tag-austria","tag-exekutive","tag-innenministerium","tag-oesterreich","tag-ots","tag-polizei","tag-republic-of-austria","tag-republik-oesterreich","tag-sicherheit"],"share_on_mastodon":{"url":"https:\/\/pubeurope.com\/@at\/117223639563354154","error":""},"_links":{"self":[{"href":"https:\/\/www.europesays.com\/at\/wp-json\/wp\/v2\/posts\/378565","targetHints":{"allow":["GET"]}}],"collection":[{"href":"https:\/\/www.europesays.com\/at\/wp-json\/wp\/v2\/posts"}],"about":[{"href":"https:\/\/www.europesays.com\/at\/wp-json\/wp\/v2\/types\/post"}],"author":[{"embeddable":true,"href":"https:\/\/www.europesays.com\/at\/wp-json\/wp\/v2\/users\/2"}],"replies":[{"embeddable":true,"href":"https:\/\/www.europesays.com\/at\/wp-json\/wp\/v2\/comments?post=378565"}],"version-history":[{"count":0,"href":"https:\/\/www.europesays.com\/at\/wp-json\/wp\/v2\/posts\/378565\/revisions"}],"wp:featuredmedia":[{"embeddable":true,"href":"https:\/\/www.europesays.com\/at\/wp-json\/wp\/v2\/media\/378566"}],"wp:attachment":[{"href":"https:\/\/www.europesays.com\/at\/wp-json\/wp\/v2\/media?parent=378565"}],"wp:term":[{"taxonomy":"category","embeddable":true,"href":"https:\/\/www.europesays.com\/at\/wp-json\/wp\/v2\/categories?post=378565"},{"taxonomy":"post_tag","embeddable":true,"href":"https:\/\/www.europesays.com\/at\/wp-json\/wp\/v2\/tags?post=378565"}],"curies":[{"name":"wp","href":"https:\/\/api.w.org\/{rel}","templated":true}]}}