{"id":378659,"date":"2026-09-06T11:39:15","date_gmt":"2026-09-06T11:39:15","guid":{"rendered":"https:\/\/www.europesays.com\/at\/378659\/"},"modified":"2026-09-06T11:39:15","modified_gmt":"2026-09-06T11:39:15","slug":"bad-aibling-italo-pop-konzert-der-band-ciao-begeistert-bei-kultur-im-park","status":"publish","type":"post","link":"https:\/\/www.europesays.com\/at\/378659\/","title":{"rendered":"Bad Aibling: Italo-Pop-Konzert der Band Ciao begeistert bei Kultur im Park"},"content":{"rendered":"<p><a href=\"https:\/\/www.rosenheim24.de\/\" class=\"id-Breadcrumb-link\" data-id-ec=\"{\" shn=\"\" textlink=\"\" data-k5a-pos=\"1_rosenheim24De\" rel=\"nofollow noopener\" target=\"_blank\">rosenheim24-de<\/a><a href=\"https:\/\/www.rosenheim24.de\/rosenheim\/\" class=\"id-Breadcrumb-link\" data-id-ec=\"{\" shn=\"\" textlink=\"\" data-k5a-pos=\"2_rosenheim\" rel=\"nofollow noopener\" target=\"_blank\">Rosenheim<\/a><a href=\"https:\/\/www.rosenheim24.de\/rosenheim\/mangfalltal\/\" class=\"id-Breadcrumb-link\" data-id-ec=\"{\" shn=\"\" textlink=\"\" data-k5a-pos=\"3_mangfalltal\" rel=\"nofollow noopener\" target=\"_blank\">Mangfalltal<\/a><a href=\"https:\/\/www.rosenheim24.de\/rosenheim\/mangfalltal\/bad-aibling-ort28271\/\" class=\"id-Breadcrumb-link\" data-id-ec=\"{\" shn=\"\" textlink=\"\" aibling=\"\" data-k5a-pos=\"4_badAibling\" rel=\"nofollow noopener\" target=\"_blank\">Bad Aibling<\/a><\/p>\n<p class=\"id-Story-timestamp id-Story-timestamp--default\">Stand: 06.09.2026, 11:53 Uhr<\/p>\n<p class=\"id-Story-authors id-Story-authors--default\">Von: Johann Baumann<\/p>\n<p class=\"id-Story-interactionBar id-Story-interactionBar--default\">DruckenTeilen<\/p>\n<p><a href=\"https:\/\/profile.google.com\/cp\/Cg0vZy8xMWhjdnp4ZGN2GgA\" class=\"id-Story-googleFollowButton id-Story-googleFollowButton--default\" target=\"_blank\" data-id-ec=\"{\" shn=\"\" google-follow=\"\" auf=\"\" google=\"\" folgen=\"\" rel=\"nofollow noopener\">Uns auf Google folgen<\/a><img decoding=\"async\" class=\"id-RatioPlaceholder-element wv_story_el_image\" src=\"https:\/\/www.europesays.com\/at\/wp-content\/uploads\/2026\/09\/43989808-besucher-tanzen-im-brunnenhof-in-bad-aibling-beim-live-konzert-der-italo-pop-band-ciao-im-r.jpeg\" loading=\"eager\" fetchpriority=\"high\"   height=\"792\" width=\"1408\" alt=\"Besucher tanzen im Brunnenhof in Bad Aibling beim Live-Konzert der Italo-Pop-Band Ciao im Rahmen von Kultur im Park\"\/>Die Band \u201eCiao\u201c begeisterte mit ihren Italo-Pop-Hits das Publikum, es wurde dazu eifrig getanzt. \u00a9\u00a0Baumann<\/p>\n<p class=\"id-StoryElement-leadText\">Ein Hauch von Italien ist durch den Kurpark in Bad Aibling geweht: Die Band \u201eCiao\u201c hat rund 1.000 Musikfans bei \u201eKultur im Park\u201c in ihren Bann gezogen. Mit bekannten Italo-Hits sorgte die Formation f\u00fcr ausgelassene Stimmung.<\/p>\n<p class=\"id-StoryElement-paragraph\">Bad Aibling \u2013 F\u00fcr die drittletzte Veranstaltung in der Reihe \u201eKultur im Park\u201c hatte die Kur- und Tourismus GmbH Bad Aibling (Aib-Kur) die Band \u201eCiao\u201c verpflichtet \u2013 und damit einen absoluten Volltreffer gelandet. Die pr\u00e4chtig harmonierende Formation, bestehend aus Bandleader Robert Zunhammer (Schlagzeug), Christian Lesure (Bass), G\u00fcnther Zink (Keyboards), Wolfgang Plenk (Gitarre) und ihren herausragenden S\u00e4ngern Conny M\u00f6rtl, Lena Zunhammer und J\u00fcrgen Eschmann (auch Percussion) brannte ein wahres Feuerwerk mit Italo-Pop-Hits ab. Die Setliste bildete mit \u00fcber 20 Erfolgstiteln quasi ein Wunschkonzert dieses Genres.<\/p>\n<p><img decoding=\"async\" class=\"id-RatioPlaceholder-element wv_story_el_image\" src=\"https:\/\/www.europesays.com\/at\/wp-content\/uploads\/2026\/09\/43989807-tanzende-paare-und-besucher-auf-der-vollen-tanzflaeche-im-brunnenhof-beim-open-air-konzert-.jpeg\" loading=\"lazy\"   height=\"656\" width=\"1100\" alt=\"Tanzende Paare und Besucher auf der vollen Tanzfl&#xE4;che im Brunnenhof beim Open-Air-Konzert Kultur im Park in Bad Aibling\"\/>Die Tanzfl\u00e4che war durchgehend voll belegt. \u00a9\u00a0bjnBegeistertes Publikum und Tanzlaune<\/p>\n<p class=\"id-StoryElement-paragraph\">Das Repertoire reichte unter anderem von \u201eAzurro\u201c, \u201eBuona domenica\u201c und \u201eFelicit\u00e1\u201c \u00fcber \u201eGloria\u201c, \u201eI maschi\u201c und \u201eMama Maria\u201c bis zu \u201eMarina\u201c, \u201eSempre, sempre\u201c, \u201eBello impossibile\u201c und \u201eUn estate italiana\u201c. Mit dem gef\u00fchlvollen \u201eTornero\u201c (\u201eIch komme wieder\u201c) zum Abschluss sprach die Band dem begeisterten und \u00fcberaus beifallsfreudigen Publikum aus dem Herzen: Die rundum positiven Besucherstimmen erstreckten sich von \u201eTolle Band, alle bekannten Italo-Hits waren dabei\u201c und \u201ePerfekte Musik, auf die man nicht nur Discofox tanzen kann\u201c, \u00fcber \u201eHervorragende Stimmen\u201c und \u201eDie Lieder erinnern mich an meine Jugend\u201c bis zu \u201eBombastische Stimmung\u201c und \u201eDie beste Band heuer\u201c.<\/p>\n<p class=\"id-StoryElement-paragraph\">Die Tanzfl\u00e4che war durchgehend belegt und die rund 1.000 Besucher (unter ihnen auch die Aiblinger Stadtr\u00e4tin und Kulturreferentin Elisabeth Ge\u00dfner) genossen die Musik nicht nur im Brunnenhof, sondern auch im Au\u00dfenbereich des Kurhaus-Restaurants \u201eAllegro\u201c, auf der Kurhaus-Treppe und Balustrade sowie beim Picknick auf der Kurparkwiese. Zur gro\u00dfartigen Atmosph\u00e4re trugen nat\u00fcrlich auch die sommerlich-angenehmen Temperaturen bei, die das Konzert zu einer \u201egrandissima notte italiana\u201c werden lie\u00dfen.<\/p>\n<p><img decoding=\"async\" class=\"id-RatioPlaceholder-element wv_story_el_image\" src=\"https:\/\/www.europesays.com\/at\/wp-content\/uploads\/2026\/09\/43989809-besucher-sitzen-beim-picknick-auf-der-kurparkwiese-in-bad-aibling-waehrend-des-open-air-kon.jpeg\" loading=\"lazy\"   height=\"618\" width=\"1100\" alt=\"Besucher sitzen beim Picknick auf der Kurparkwiese in Bad Aibling w&#xE4;hrend des Open-Air-Konzerts von Kultur im Park\"\/>Viele Konzertg\u00e4ste genossen die italienischen Hits beim Picknick auf der Kurparkwiese. \u00a9\u00a0bjnHoffnung auf Fortf\u00fchrung im n\u00e4chsten Jahr<\/p>\n<p class=\"id-StoryElement-paragraph\">Kurdirektor Thomas Jahn freute sich \u00fcber den sehr guten Besuch und \u00e4u\u00dferte mit Blick auf den knappen \u201eStadts\u00e4ckel\u201c den Wunsch, \u201edass Kultur im Park auch n\u00e4chstes Jahr wieder funktioniert: Ich w\u00fcrde es sehr vermissen\u201c. Damit war er mit Sicherheit im Einklang mit dem Publikum. Ulrich Lippert von der \u201eMusikinitiative Rosenheim\u201c sprach dem Aib-Kur-Chef seinen Dank f\u00fcr die langj\u00e4hrige erfolgreiche Zusammenarbeit aus.<\/p>\n<p>Mehr zum Thema<a class=\"id-StoryElement-relatedStories-element-link\" data-id-ec=\"{\" shn=\"\" teaserlink=\"\" data-k5a-pos=\"west_story_18_relatedStories_1_human\" href=\"https:\/\/www.rosenheim24.de\/rosenheim\/mangfalltal\/bruckmuehl-ort46432\/bruckmuehl-unfall-zwischen-auto-und-roller-einsatz-am-abend-94476212.html\" title=\"Einsatz am Abend - undefined\" rel=\"nofollow noopener\" target=\"_blank\"><img decoding=\"async\" class=\"id-RatioPlaceholder-element wv_story_el_relatedStoryImage\" src=\"https:\/\/www.europesays.com\/at\/wp-content\/uploads\/2026\/09\/43982141-unfall-bei-bruckmuehl-am-freitagabend-september-2jTJ.jpg\" loading=\"lazy\"   height=\"2667\" width=\"4000\" alt=\"Unfall bei Bruckm&#xFC;hl am Freitagabend (4. September)\"\/>Autofahrer \u00fcbersieht Roller in Kreisverkehr bei Bruckm\u00fchl \u2013 bei Sturz leicht verletzt<\/a><\/p>\n","protected":false},"excerpt":{"rendered":"rosenheim24-deRosenheimMangfalltalBad Aibling Stand: 06.09.2026, 11:53 Uhr Von: Johann Baumann DruckenTeilen Uns auf Google folgenDie Band \u201eCiao\u201c begeisterte mit&hellip;\n","protected":false},"author":2,"featured_media":378660,"comment_status":"","ping_status":"","sticky":false,"template":"","format":"standard","meta":{"footnotes":"","_share_on_mastodon":"0"},"categories":[24],"tags":[46,42,147,153,154,44,148],"class_list":["post-378659","post","type-post","status-publish","format-standard","has-post-thumbnail","category-musik","tag-at","tag-austria","tag-entertainment","tag-music","tag-musik","tag-oesterreich","tag-unterhaltung"],"share_on_mastodon":{"url":"https:\/\/pubeurope.com\/@at\/117223906702291181","error":""},"_links":{"self":[{"href":"https:\/\/www.europesays.com\/at\/wp-json\/wp\/v2\/posts\/378659","targetHints":{"allow":["GET"]}}],"collection":[{"href":"https:\/\/www.europesays.com\/at\/wp-json\/wp\/v2\/posts"}],"about":[{"href":"https:\/\/www.europesays.com\/at\/wp-json\/wp\/v2\/types\/post"}],"author":[{"embeddable":true,"href":"https:\/\/www.europesays.com\/at\/wp-json\/wp\/v2\/users\/2"}],"replies":[{"embeddable":true,"href":"https:\/\/www.europesays.com\/at\/wp-json\/wp\/v2\/comments?post=378659"}],"version-history":[{"count":0,"href":"https:\/\/www.europesays.com\/at\/wp-json\/wp\/v2\/posts\/378659\/revisions"}],"wp:featuredmedia":[{"embeddable":true,"href":"https:\/\/www.europesays.com\/at\/wp-json\/wp\/v2\/media\/378660"}],"wp:attachment":[{"href":"https:\/\/www.europesays.com\/at\/wp-json\/wp\/v2\/media?parent=378659"}],"wp:term":[{"taxonomy":"category","embeddable":true,"href":"https:\/\/www.europesays.com\/at\/wp-json\/wp\/v2\/categories?post=378659"},{"taxonomy":"post_tag","embeddable":true,"href":"https:\/\/www.europesays.com\/at\/wp-json\/wp\/v2\/tags?post=378659"}],"curies":[{"name":"wp","href":"https:\/\/api.w.org\/{rel}","templated":true}]}}