{"id":378711,"date":"2026-09-06T12:17:22","date_gmt":"2026-09-06T12:17:22","guid":{"rendered":"https:\/\/www.europesays.com\/at\/378711\/"},"modified":"2026-09-06T12:17:22","modified_gmt":"2026-09-06T12:17:22","slug":"corrupted-blood-vom-youtuber-zum-metallabel-und-konzertveranstalter-metal-de","status":"publish","type":"post","link":"https:\/\/www.europesays.com\/at\/378711\/","title":{"rendered":"Corrupted Blood &#8211; Vom YouTuber zum Metallabel und Konzertveranstalter \u2022 metal.de"},"content":{"rendered":"<p>Viele kennen Maximilian Knabe unter seinem YouTuber alias <a href=\"https:\/\/www.youtube.com\/@HandOfBlood\" rel=\"nofollow noopener\" target=\"_blank\">HandOfBlood<\/a>, mit welchem er zu einem der gr\u00f6\u00dften Streamer der deutschen Gamerszene geworden ist. Neben HandOfBlood betreibt Knabe zudem weitere Channels, wie etwa HandOfTrash, ist in Spandau mit einem eigenen Fu\u00dfballclub aktiv oder vertreibt unter seinem Familiennamen alkoholfreie Mixgetr\u00e4nke (Knabe Malz, Knabe Cola etc.).<\/p>\n<p>Schon letztes Jahr hat Maximilian Knabe angek\u00fcndigt, dass ihm all das noch nicht genug ist. Denn abseits von Videospielen verfolgt HandofBlood noch eine weitere Leidenschaft: Metal! Und da er seine Leidenschaften gerne zum Beruf macht, hat er kurzerhand sein eigenes Label <a href=\"https:\/\/corruptedblood.de\/\" rel=\"nofollow noopener\" target=\"_blank\">Corrupted Blood Records<\/a> gegr\u00fcndet. Laut Knabe sollen mit Corrupted Blood Records vor allem kleine lokale Bands und FLINTA*-Artists unterst\u00fctzt und gef\u00f6rdert werden.<\/p>\n<p><img fetchpriority=\"high\" decoding=\"async\" aria-describedby=\"caption-attachment-635022\" class=\" wp-image-635022\" src=\"https:\/\/www.europesays.com\/at\/wp-content\/uploads\/2026\/09\/corrupted-_blood_records-600x424.png\" alt=\"\" width=\"463\" height=\"327\"  \/><\/p>\n<p id=\"caption-attachment-635022\" class=\"wp-caption-text\">Corrupted Blood Records<\/p>\n<p>Neben reiner Labelaktivit\u00e4t werden zudem Livekonzerte unter dem Banner \u201eCorrupted Blood Club Show\u201c durchgef\u00fchrt. Die erste Club Show im Huxleys Neue Welt Berlin am 04.09.2026 war direkt nach Ank\u00fcndigung restlos ausverkauft.\u00a0 Und das obwohl noch gar keine Headliner f\u00fcr die Shows bekannt gegeben wurden. Die gesamte Veranstaltung wurde zudem live gestreamed und erreichte mitunter 295.000 Zuschauer. Dank seiner Reichweite konnte Knabe das Publikum dann auch mit Gr\u00f6\u00dfen wie KREATOR und <a href=\"https:\/\/www.metal.de\/bands\/heaven-shall-burn-97264\/\" rel=\"nofollow noopener\" target=\"_blank\">HEAVEN SHALL BURN<\/a> \u00fcberraschen. Mit BLUE MEDUSA feierte dann auch die neue Band von ex-ARCH-ENEMY-Frontfrau Alissa White-Gluz ihre Weltpremiere.<\/p>\n<p><img loading=\"lazy\" decoding=\"async\" aria-describedby=\"caption-attachment-635021\" class=\" wp-image-635021\" src=\"https:\/\/www.europesays.com\/at\/wp-content\/uploads\/2026\/09\/kreator_corrupted_blood-600x400.jpg\" alt=\"\" width=\"467\" height=\"311\"  \/><\/p>\n<p id=\"caption-attachment-635021\" class=\"wp-caption-text\">Kreator bei der Corrupted Blood Club Show<\/p>\n<p>Nach dem gro\u00dfen Erfolg der ersten \u201eCorrupted Blood Club Show\u201c sollen weitere Veranstaltungen folgen. So ist f\u00fcr diesen Dezember eine \u201eCorrupted Blood Records Winter Tour\u201c geplant. Im Fokus dieser Tour stehen vor allem Bands, wie VIOLENT VORTEX, HEARTLESS HUMAN HARVEST oder SAVIOURSELF. Ob es auch hier das Publikum mit Szenegr\u00f6\u00dfen \u00fcberrascht wird, ist derzeit noch nicht bekannt.<\/p>\n<p>Die Termine f\u00fcr die \u201eCorrupted Blood Records Winter Tour\u201c sind wie folgt:<\/p>\n<p>27.12.2026 Nachtleben, Frankfurt<\/p>\n<p>28.12.2026 Ratinger Hof, D\u00fcsseldorf<\/p>\n<p>30.12.2026 Felsenkeller, Leipzig<\/p>\n<p>Neben der \u201eCorrupted Blood Records Winter Tour\u201c hat HandofBlood aber noch etwas besonders Gro\u00dfes geplant: Sein eigenes Open Air Festival. Das \u201e<a href=\"http:\/\/www.corruptedbloodopenair.com\" rel=\"nofollow noopener\" target=\"_blank\">Corrupted Blood Open Air<\/a>\u201c findet im Sommer 2027 im Berlin statt. Viele Informationen zu dem Festival sind aktuell noch nicht bekannt. Es wird aber mit einer Kapazit\u00e4t von 10.000 Leuten geplant.<\/p>\n<p>\u00a0<\/p>\n<p>\u00a0<\/p>\n<p><a class=\"gallery-teaser open\" id=\"gallery-614414\" data-link=\"https:\/\/www.metal.de\/bilder\/kreator-krushers-of-the-world-tour-2026-in-berlin-614414\/\" data-gallery=\"[{&quot;large&quot;:&quot;https:\\\/\\\/www.metal.de\\\/images\\\/2026\\\/04\\\/28\\\/kreator-2026-berlin-uber-eats-music-hall-011-900x600.jpg 900w&quot;,&quot;medium&quot;:&quot;https:\\\/\\\/www.metal.de\\\/images\\\/2026\\\/04\\\/28\\\/kreator-2026-berlin-uber-eats-music-hall-011-600x400.jpg 600w&quot;,&quot;small&quot;:&quot;https:\\\/\\\/www.metal.de\\\/images\\\/2026\\\/04\\\/28\\\/kreator-2026-berlin-uber-eats-music-hall-011-400x267.jpg 400w&quot;},{&quot;large&quot;:&quot;https:\\\/\\\/www.metal.de\\\/images\\\/2026\\\/04\\\/28\\\/kreator-2026-berlin-uber-eats-music-hall-090-900x600.jpg 900w&quot;,&quot;medium&quot;:&quot;https:\\\/\\\/www.metal.de\\\/images\\\/2026\\\/04\\\/28\\\/kreator-2026-berlin-uber-eats-music-hall-090-600x400.jpg 600w&quot;,&quot;small&quot;:&quot;https:\\\/\\\/www.metal.de\\\/images\\\/2026\\\/04\\\/28\\\/kreator-2026-berlin-uber-eats-music-hall-090-400x267.jpg 400w&quot;},{&quot;large&quot;:&quot;https:\\\/\\\/www.metal.de\\\/images\\\/2026\\\/04\\\/28\\\/kreator-2026-berlin-uber-eats-music-hall-023-900x600.jpg 900w&quot;,&quot;medium&quot;:&quot;https:\\\/\\\/www.metal.de\\\/images\\\/2026\\\/04\\\/28\\\/kreator-2026-berlin-uber-eats-music-hall-023-600x400.jpg 600w&quot;,&quot;small&quot;:&quot;https:\\\/\\\/www.metal.de\\\/images\\\/2026\\\/04\\\/28\\\/kreator-2026-berlin-uber-eats-music-hall-023-400x267.jpg 400w&quot;},{&quot;large&quot;:&quot;https:\\\/\\\/www.metal.de\\\/images\\\/2026\\\/04\\\/28\\\/kreator-2026-berlin-uber-eats-music-hall-056-900x600.jpg 900w&quot;,&quot;medium&quot;:&quot;https:\\\/\\\/www.metal.de\\\/images\\\/2026\\\/04\\\/28\\\/kreator-2026-berlin-uber-eats-music-hall-056-600x400.jpg 600w&quot;,&quot;small&quot;:&quot;https:\\\/\\\/www.metal.de\\\/images\\\/2026\\\/04\\\/28\\\/kreator-2026-berlin-uber-eats-music-hall-056-400x267.jpg 400w&quot;},{&quot;large&quot;:&quot;https:\\\/\\\/www.metal.de\\\/images\\\/2026\\\/04\\\/28\\\/kreator-2026-berlin-uber-eats-music-hall-015-900x600.jpg 900w&quot;,&quot;medium&quot;:&quot;https:\\\/\\\/www.metal.de\\\/images\\\/2026\\\/04\\\/28\\\/kreator-2026-berlin-uber-eats-music-hall-015-600x400.jpg 600w&quot;,&quot;small&quot;:&quot;https:\\\/\\\/www.metal.de\\\/images\\\/2026\\\/04\\\/28\\\/kreator-2026-berlin-uber-eats-music-hall-015-400x267.jpg 400w&quot;},{&quot;large&quot;:&quot;https:\\\/\\\/www.metal.de\\\/images\\\/2026\\\/04\\\/28\\\/kreator-2026-berlin-uber-eats-music-hall-053-900x600.jpg 900w&quot;,&quot;medium&quot;:&quot;https:\\\/\\\/www.metal.de\\\/images\\\/2026\\\/04\\\/28\\\/kreator-2026-berlin-uber-eats-music-hall-053-600x400.jpg 600w&quot;,&quot;small&quot;:&quot;https:\\\/\\\/www.metal.de\\\/images\\\/2026\\\/04\\\/28\\\/kreator-2026-berlin-uber-eats-music-hall-053-400x267.jpg 400w&quot;},{&quot;large&quot;:&quot;https:\\\/\\\/www.metal.de\\\/images\\\/2026\\\/04\\\/28\\\/kreator-2026-berlin-uber-eats-music-hall-018-900x600.jpg 900w&quot;,&quot;medium&quot;:&quot;https:\\\/\\\/www.metal.de\\\/images\\\/2026\\\/04\\\/28\\\/kreator-2026-berlin-uber-eats-music-hall-018-600x400.jpg 600w&quot;,&quot;small&quot;:&quot;https:\\\/\\\/www.metal.de\\\/images\\\/2026\\\/04\\\/28\\\/kreator-2026-berlin-uber-eats-music-hall-018-400x267.jpg 400w&quot;},{&quot;large&quot;:&quot;https:\\\/\\\/www.metal.de\\\/images\\\/2026\\\/04\\\/28\\\/kreator-2026-berlin-uber-eats-music-hall-083-900x600.jpg 900w&quot;,&quot;medium&quot;:&quot;https:\\\/\\\/www.metal.de\\\/images\\\/2026\\\/04\\\/28\\\/kreator-2026-berlin-uber-eats-music-hall-083-600x400.jpg 600w&quot;,&quot;small&quot;:&quot;https:\\\/\\\/www.metal.de\\\/images\\\/2026\\\/04\\\/28\\\/kreator-2026-berlin-uber-eats-music-hall-083-400x267.jpg 400w&quot;},{&quot;large&quot;:&quot;https:\\\/\\\/www.metal.de\\\/images\\\/2026\\\/04\\\/28\\\/kreator-2026-berlin-uber-eats-music-hall-032-900x600.jpg 900w&quot;,&quot;medium&quot;:&quot;https:\\\/\\\/www.metal.de\\\/images\\\/2026\\\/04\\\/28\\\/kreator-2026-berlin-uber-eats-music-hall-032-600x400.jpg 600w&quot;,&quot;small&quot;:&quot;https:\\\/\\\/www.metal.de\\\/images\\\/2026\\\/04\\\/28\\\/kreator-2026-berlin-uber-eats-music-hall-032-400x267.jpg 400w&quot;},{&quot;large&quot;:&quot;https:\\\/\\\/www.metal.de\\\/images\\\/2026\\\/04\\\/28\\\/kreator-2026-berlin-uber-eats-music-hall-098-900x600.jpg 900w&quot;,&quot;medium&quot;:&quot;https:\\\/\\\/www.metal.de\\\/images\\\/2026\\\/04\\\/28\\\/kreator-2026-berlin-uber-eats-music-hall-098-600x400.jpg 600w&quot;,&quot;small&quot;:&quot;https:\\\/\\\/www.metal.de\\\/images\\\/2026\\\/04\\\/28\\\/kreator-2026-berlin-uber-eats-music-hall-098-400x267.jpg 400w&quot;},{&quot;large&quot;:&quot;https:\\\/\\\/www.metal.de\\\/images\\\/2026\\\/04\\\/28\\\/kreator-2026-berlin-uber-eats-music-hall-034-900x600.jpg 900w&quot;,&quot;medium&quot;:&quot;https:\\\/\\\/www.metal.de\\\/images\\\/2026\\\/04\\\/28\\\/kreator-2026-berlin-uber-eats-music-hall-034-600x400.jpg 600w&quot;,&quot;small&quot;:&quot;https:\\\/\\\/www.metal.de\\\/images\\\/2026\\\/04\\\/28\\\/kreator-2026-berlin-uber-eats-music-hall-034-400x267.jpg 400w&quot;},{&quot;large&quot;:&quot;https:\\\/\\\/www.metal.de\\\/images\\\/2026\\\/04\\\/28\\\/kreator-2026-berlin-uber-eats-music-hall-054-900x600.jpg 900w&quot;,&quot;medium&quot;:&quot;https:\\\/\\\/www.metal.de\\\/images\\\/2026\\\/04\\\/28\\\/kreator-2026-berlin-uber-eats-music-hall-054-600x400.jpg 600w&quot;,&quot;small&quot;:&quot;https:\\\/\\\/www.metal.de\\\/images\\\/2026\\\/04\\\/28\\\/kreator-2026-berlin-uber-eats-music-hall-054-400x267.jpg 400w&quot;},{&quot;large&quot;:&quot;https:\\\/\\\/www.metal.de\\\/images\\\/2026\\\/04\\\/28\\\/kreator-2026-berlin-uber-eats-music-hall-037-900x600.jpg 900w&quot;,&quot;medium&quot;:&quot;https:\\\/\\\/www.metal.de\\\/images\\\/2026\\\/04\\\/28\\\/kreator-2026-berlin-uber-eats-music-hall-037-600x400.jpg 600w&quot;,&quot;small&quot;:&quot;https:\\\/\\\/www.metal.de\\\/images\\\/2026\\\/04\\\/28\\\/kreator-2026-berlin-uber-eats-music-hall-037-400x267.jpg 400w&quot;},{&quot;large&quot;:&quot;https:\\\/\\\/www.metal.de\\\/images\\\/2026\\\/04\\\/28\\\/kreator-2026-berlin-uber-eats-music-hall-074-900x600.jpg 900w&quot;,&quot;medium&quot;:&quot;https:\\\/\\\/www.metal.de\\\/images\\\/2026\\\/04\\\/28\\\/kreator-2026-berlin-uber-eats-music-hall-074-600x400.jpg 600w&quot;,&quot;small&quot;:&quot;https:\\\/\\\/www.metal.de\\\/images\\\/2026\\\/04\\\/28\\\/kreator-2026-berlin-uber-eats-music-hall-074-400x267.jpg 400w&quot;},{&quot;large&quot;:&quot;https:\\\/\\\/www.metal.de\\\/images\\\/2026\\\/04\\\/28\\\/kreator-2026-berlin-uber-eats-music-hall-041-900x600.jpg 900w&quot;,&quot;medium&quot;:&quot;https:\\\/\\\/www.metal.de\\\/images\\\/2026\\\/04\\\/28\\\/kreator-2026-berlin-uber-eats-music-hall-041-600x400.jpg 600w&quot;,&quot;small&quot;:&quot;https:\\\/\\\/www.metal.de\\\/images\\\/2026\\\/04\\\/28\\\/kreator-2026-berlin-uber-eats-music-hall-041-400x267.jpg 400w&quot;},{&quot;large&quot;:&quot;https:\\\/\\\/www.metal.de\\\/images\\\/2026\\\/04\\\/28\\\/kreator-2026-berlin-uber-eats-music-hall-051-900x600.jpg 900w&quot;,&quot;medium&quot;:&quot;https:\\\/\\\/www.metal.de\\\/images\\\/2026\\\/04\\\/28\\\/kreator-2026-berlin-uber-eats-music-hall-051-600x400.jpg 600w&quot;,&quot;small&quot;:&quot;https:\\\/\\\/www.metal.de\\\/images\\\/2026\\\/04\\\/28\\\/kreator-2026-berlin-uber-eats-music-hall-051-400x267.jpg 400w&quot;},{&quot;large&quot;:&quot;https:\\\/\\\/www.metal.de\\\/images\\\/2026\\\/04\\\/28\\\/kreator-2026-berlin-uber-eats-music-hall-061-900x600.jpg 900w&quot;,&quot;medium&quot;:&quot;https:\\\/\\\/www.metal.de\\\/images\\\/2026\\\/04\\\/28\\\/kreator-2026-berlin-uber-eats-music-hall-061-600x400.jpg 600w&quot;,&quot;small&quot;:&quot;https:\\\/\\\/www.metal.de\\\/images\\\/2026\\\/04\\\/28\\\/kreator-2026-berlin-uber-eats-music-hall-061-400x267.jpg 400w&quot;},{&quot;large&quot;:&quot;https:\\\/\\\/www.metal.de\\\/images\\\/2026\\\/04\\\/28\\\/kreator-2026-berlin-uber-eats-music-hall-052-900x600.jpg 900w&quot;,&quot;medium&quot;:&quot;https:\\\/\\\/www.metal.de\\\/images\\\/2026\\\/04\\\/28\\\/kreator-2026-berlin-uber-eats-music-hall-052-600x400.jpg 600w&quot;,&quot;small&quot;:&quot;https:\\\/\\\/www.metal.de\\\/images\\\/2026\\\/04\\\/28\\\/kreator-2026-berlin-uber-eats-music-hall-052-400x267.jpg 400w&quot;},{&quot;large&quot;:&quot;https:\\\/\\\/www.metal.de\\\/images\\\/2026\\\/04\\\/28\\\/kreator-2026-berlin-uber-eats-music-hall-060-900x600.jpg 900w&quot;,&quot;medium&quot;:&quot;https:\\\/\\\/www.metal.de\\\/images\\\/2026\\\/04\\\/28\\\/kreator-2026-berlin-uber-eats-music-hall-060-600x400.jpg 600w&quot;,&quot;small&quot;:&quot;https:\\\/\\\/www.metal.de\\\/images\\\/2026\\\/04\\\/28\\\/kreator-2026-berlin-uber-eats-music-hall-060-400x267.jpg 400w&quot;},{&quot;large&quot;:&quot;https:\\\/\\\/www.metal.de\\\/images\\\/2026\\\/04\\\/28\\\/kreator-2026-berlin-uber-eats-music-hall-065-900x1125.jpg 900w&quot;,&quot;medium&quot;:&quot;https:\\\/\\\/www.metal.de\\\/images\\\/2026\\\/04\\\/28\\\/kreator-2026-berlin-uber-eats-music-hall-065-600x750.jpg 600w&quot;,&quot;small&quot;:&quot;https:\\\/\\\/www.metal.de\\\/images\\\/2026\\\/04\\\/28\\\/kreator-2026-berlin-uber-eats-music-hall-065-400x500.jpg 400w&quot;},{&quot;large&quot;:&quot;https:\\\/\\\/www.metal.de\\\/images\\\/2026\\\/04\\\/28\\\/kreator-2026-berlin-uber-eats-music-hall-059-900x600.jpg 900w&quot;,&quot;medium&quot;:&quot;https:\\\/\\\/www.metal.de\\\/images\\\/2026\\\/04\\\/28\\\/kreator-2026-berlin-uber-eats-music-hall-059-600x400.jpg 600w&quot;,&quot;small&quot;:&quot;https:\\\/\\\/www.metal.de\\\/images\\\/2026\\\/04\\\/28\\\/kreator-2026-berlin-uber-eats-music-hall-059-400x267.jpg 400w&quot;},{&quot;large&quot;:&quot;https:\\\/\\\/www.metal.de\\\/images\\\/2026\\\/04\\\/28\\\/kreator-2026-berlin-uber-eats-music-hall-066-900x600.jpg 900w&quot;,&quot;medium&quot;:&quot;https:\\\/\\\/www.metal.de\\\/images\\\/2026\\\/04\\\/28\\\/kreator-2026-berlin-uber-eats-music-hall-066-600x400.jpg 600w&quot;,&quot;small&quot;:&quot;https:\\\/\\\/www.metal.de\\\/images\\\/2026\\\/04\\\/28\\\/kreator-2026-berlin-uber-eats-music-hall-066-400x267.jpg 400w&quot;},{&quot;large&quot;:&quot;https:\\\/\\\/www.metal.de\\\/images\\\/2026\\\/04\\\/28\\\/kreator-2026-berlin-uber-eats-music-hall-076-900x506.jpg 900w&quot;,&quot;medium&quot;:&quot;https:\\\/\\\/www.metal.de\\\/images\\\/2026\\\/04\\\/28\\\/kreator-2026-berlin-uber-eats-music-hall-076-600x338.jpg 600w&quot;,&quot;small&quot;:&quot;https:\\\/\\\/www.metal.de\\\/images\\\/2026\\\/04\\\/28\\\/kreator-2026-berlin-uber-eats-music-hall-076-400x225.jpg 400w&quot;},{&quot;large&quot;:&quot;https:\\\/\\\/www.metal.de\\\/images\\\/2026\\\/04\\\/28\\\/kreator-2026-berlin-uber-eats-music-hall-070-900x600.jpg 900w&quot;,&quot;medium&quot;:&quot;https:\\\/\\\/www.metal.de\\\/images\\\/2026\\\/04\\\/28\\\/kreator-2026-berlin-uber-eats-music-hall-070-600x400.jpg 600w&quot;,&quot;small&quot;:&quot;https:\\\/\\\/www.metal.de\\\/images\\\/2026\\\/04\\\/28\\\/kreator-2026-berlin-uber-eats-music-hall-070-400x267.jpg 400w&quot;},{&quot;large&quot;:&quot;https:\\\/\\\/www.metal.de\\\/images\\\/2026\\\/04\\\/28\\\/kreator-2026-berlin-uber-eats-music-hall-077-900x600.jpg 900w&quot;,&quot;medium&quot;:&quot;https:\\\/\\\/www.metal.de\\\/images\\\/2026\\\/04\\\/28\\\/kreator-2026-berlin-uber-eats-music-hall-077-600x400.jpg 600w&quot;,&quot;small&quot;:&quot;https:\\\/\\\/www.metal.de\\\/images\\\/2026\\\/04\\\/28\\\/kreator-2026-berlin-uber-eats-music-hall-077-400x267.jpg 400w&quot;},{&quot;large&quot;:&quot;https:\\\/\\\/www.metal.de\\\/images\\\/2026\\\/04\\\/28\\\/kreator-2026-berlin-uber-eats-music-hall-072-900x600.jpg 900w&quot;,&quot;medium&quot;:&quot;https:\\\/\\\/www.metal.de\\\/images\\\/2026\\\/04\\\/28\\\/kreator-2026-berlin-uber-eats-music-hall-072-600x400.jpg 600w&quot;,&quot;small&quot;:&quot;https:\\\/\\\/www.metal.de\\\/images\\\/2026\\\/04\\\/28\\\/kreator-2026-berlin-uber-eats-music-hall-072-400x267.jpg 400w&quot;},{&quot;large&quot;:&quot;https:\\\/\\\/www.metal.de\\\/images\\\/2026\\\/04\\\/28\\\/kreator-2026-berlin-uber-eats-music-hall-085-900x600.jpg 900w&quot;,&quot;medium&quot;:&quot;https:\\\/\\\/www.metal.de\\\/images\\\/2026\\\/04\\\/28\\\/kreator-2026-berlin-uber-eats-music-hall-085-600x400.jpg 600w&quot;,&quot;small&quot;:&quot;https:\\\/\\\/www.metal.de\\\/images\\\/2026\\\/04\\\/28\\\/kreator-2026-berlin-uber-eats-music-hall-085-400x267.jpg 400w&quot;},{&quot;large&quot;:&quot;https:\\\/\\\/www.metal.de\\\/images\\\/2026\\\/04\\\/28\\\/kreator-2026-berlin-uber-eats-music-hall-081-900x600.jpg 900w&quot;,&quot;medium&quot;:&quot;https:\\\/\\\/www.metal.de\\\/images\\\/2026\\\/04\\\/28\\\/kreator-2026-berlin-uber-eats-music-hall-081-600x400.jpg 600w&quot;,&quot;small&quot;:&quot;https:\\\/\\\/www.metal.de\\\/images\\\/2026\\\/04\\\/28\\\/kreator-2026-berlin-uber-eats-music-hall-081-400x267.jpg 400w&quot;},{&quot;large&quot;:&quot;https:\\\/\\\/www.metal.de\\\/images\\\/2026\\\/04\\\/28\\\/kreator-2026-berlin-uber-eats-music-hall-082-900x600.jpg 900w&quot;,&quot;medium&quot;:&quot;https:\\\/\\\/www.metal.de\\\/images\\\/2026\\\/04\\\/28\\\/kreator-2026-berlin-uber-eats-music-hall-082-600x400.jpg 600w&quot;,&quot;small&quot;:&quot;https:\\\/\\\/www.metal.de\\\/images\\\/2026\\\/04\\\/28\\\/kreator-2026-berlin-uber-eats-music-hall-082-400x267.jpg 400w&quot;},{&quot;large&quot;:&quot;https:\\\/\\\/www.metal.de\\\/images\\\/2026\\\/04\\\/28\\\/kreator-2026-berlin-uber-eats-music-hall-086-900x600.jpg 900w&quot;,&quot;medium&quot;:&quot;https:\\\/\\\/www.metal.de\\\/images\\\/2026\\\/04\\\/28\\\/kreator-2026-berlin-uber-eats-music-hall-086-600x400.jpg 600w&quot;,&quot;small&quot;:&quot;https:\\\/\\\/www.metal.de\\\/images\\\/2026\\\/04\\\/28\\\/kreator-2026-berlin-uber-eats-music-hall-086-400x267.jpg 400w&quot;}]\" href=\"https:\/\/www.metal.de\/bilder\/kreator-krushers-of-the-world-tour-2026-in-berlin-614414\/\" data-category=\"Galerie im Artikel\" data-action=\"Galerie \u00f6ffnen\" data-label=\"Corrupted Blood - Vom YouTuber zum Metallabel und Konzertveranstalter \u2022 metal.de (Artikel-ID: 635012, Galerie-ID: 614414)\" rel=\"nofollow noopener\" target=\"_blank\">Galerie mit 30 Bildern: Kreator &#8211; Krushers Of The World Tour 2026 in Berlin<img width=\"150\" height=\"100\" src=\"https:\/\/www.europesays.com\/at\/wp-content\/uploads\/2026\/09\/kreator-2026-berlin-uber-eats-music-hall-011-150x100.jpg\" class=\"attachment-article_teaser_small size-article_teaser_small\" alt=\"Konzertfoto von Kreator - Krushers Of The World Tour 2026\" decoding=\"async\" loading=\"lazy\"  \/><img width=\"150\" height=\"100\" src=\"https:\/\/www.europesays.com\/at\/wp-content\/uploads\/2026\/09\/kreator-2026-berlin-uber-eats-music-hall-090-150x100.jpg\" class=\"attachment-article_teaser_small size-article_teaser_small\" alt=\"Konzertfoto von Kreator - Krushers Of The World Tour 2026\" decoding=\"async\" loading=\"lazy\"  \/><img width=\"150\" height=\"100\" src=\"https:\/\/www.europesays.com\/at\/wp-content\/uploads\/2026\/09\/kreator-2026-berlin-uber-eats-music-hall-023-150x100.jpg\" class=\"attachment-article_teaser_small size-article_teaser_small\" alt=\"Konzertfoto von Kreator - Krushers Of The World Tour 2026\" decoding=\"async\" loading=\"lazy\"  \/><\/a><\/p>\n","protected":false},"excerpt":{"rendered":"Viele kennen Maximilian Knabe unter seinem YouTuber alias HandOfBlood, mit welchem er zu einem der gr\u00f6\u00dften Streamer der&hellip;\n","protected":false},"author":2,"featured_media":378712,"comment_status":"","ping_status":"","sticky":false,"template":"","format":"standard","meta":{"footnotes":"","_share_on_mastodon":"0"},"categories":[24],"tags":[46,42,147,153,154,44,148],"class_list":["post-378711","post","type-post","status-publish","format-standard","has-post-thumbnail","category-musik","tag-at","tag-austria","tag-entertainment","tag-music","tag-musik","tag-oesterreich","tag-unterhaltung"],"share_on_mastodon":{"url":"https:\/\/pubeurope.com\/@at\/117224056623698371","error":""},"_links":{"self":[{"href":"https:\/\/www.europesays.com\/at\/wp-json\/wp\/v2\/posts\/378711","targetHints":{"allow":["GET"]}}],"collection":[{"href":"https:\/\/www.europesays.com\/at\/wp-json\/wp\/v2\/posts"}],"about":[{"href":"https:\/\/www.europesays.com\/at\/wp-json\/wp\/v2\/types\/post"}],"author":[{"embeddable":true,"href":"https:\/\/www.europesays.com\/at\/wp-json\/wp\/v2\/users\/2"}],"replies":[{"embeddable":true,"href":"https:\/\/www.europesays.com\/at\/wp-json\/wp\/v2\/comments?post=378711"}],"version-history":[{"count":0,"href":"https:\/\/www.europesays.com\/at\/wp-json\/wp\/v2\/posts\/378711\/revisions"}],"wp:featuredmedia":[{"embeddable":true,"href":"https:\/\/www.europesays.com\/at\/wp-json\/wp\/v2\/media\/378712"}],"wp:attachment":[{"href":"https:\/\/www.europesays.com\/at\/wp-json\/wp\/v2\/media?parent=378711"}],"wp:term":[{"taxonomy":"category","embeddable":true,"href":"https:\/\/www.europesays.com\/at\/wp-json\/wp\/v2\/categories?post=378711"},{"taxonomy":"post_tag","embeddable":true,"href":"https:\/\/www.europesays.com\/at\/wp-json\/wp\/v2\/tags?post=378711"}],"curies":[{"name":"wp","href":"https:\/\/api.w.org\/{rel}","templated":true}]}}