{"id":378739,"date":"2026-09-06T12:36:21","date_gmt":"2026-09-06T12:36:21","guid":{"rendered":"https:\/\/www.europesays.com\/at\/378739\/"},"modified":"2026-09-06T12:36:21","modified_gmt":"2026-09-06T12:36:21","slug":"rock-im-park-2026-die-schoensten-bilder-von-allen-festival-tagen","status":"publish","type":"post","link":"https:\/\/www.europesays.com\/at\/378739\/","title":{"rendered":"Rock im Park 2026: Die sch\u00f6nsten Bilder von allen Festival-Tagen"},"content":{"rendered":"<p class=\"desc-read\">\n           Tag zwei von N\u00fcrnbergs gr\u00f6\u00dftem Musik-Event ist rum. Wir waren mit der Kamera dabei &#8211; und zeigen euch die wilde Stimmung auf dem Zeppelinfeld.<\/p>\n<p>Am fr\u00fchen Freitagnachmittag (5. Juni 2026) fiel der Startschuss f\u00fcr Rock im Park 2026. Bis Sonntagnacht (7. Juni 2026) stehen insgesamt mehr als 70 Bands und K\u00fcnstler auf den drei Festival-B\u00fchnen und locken t\u00e4glich etwa 80.000 Besucher auf das Gel\u00e4nde rund um das Zeppelinfeld. Informationen zu Anreise, Neuerungen und dem diesj\u00e4hrigen Line-up findest du in unserem gro\u00dfen <a href=\"https:\/\/www.infranken.de\/lk\/nuernberg\/ausflug\/rock-im-park-2026-startet-am-freitag-anreise-neuerungen-und-line-up-art-6360603\" target=\"_blank\" title=\"Rock im Park 2026 startet am Freitag: Anreise, Neuerungen und Line-up\" rel=\"nofollow noopener\">Rock-im-Park-\u00dcberblicksartikel<\/a>.<\/p>\n<p>Hin und wieder sind die G\u00e4ste bereits nass geworden &#8211; sowohl gewollt im Planschbecken als auch ungewollt durch Regen. <a href=\"https:\/\/www.infranken.de\/lk\/nuernberg\/rock-im-park-startet-feucht-froehlich-lieber-matsch-als-schwitzen-art-6363961\" target=\"_blank\" rel=\"noopener nofollow\" title=\"Rock im Park startet feucht-fr\u00f6hlich - &quot;lieber Matsch als schwitzen&quot;\">Kurz vor dem ersten Konzert regnete es bereits kr\u00e4ftig<\/a>. Abgesehen davon hatten auch die Sanit\u00e4ter einiges zu tun &#8211; unter anderem gab es einen <a href=\"https:\/\/www.infranken.de\/lk\/nuernberg\/ungewoehnlicher-notfall-bei-rock-im-park-frau-muss-umgehend-in-klinik-art-6364240\" target=\"_blank\" title=\"Ungew\u00f6hnlicher Notfall bei Rock im Park - Frau muss umgehend in Klinik\" rel=\"nofollow noopener\">eher ungew\u00f6hnlichen Zwischenfall mit einer Getr\u00e4nkedose<\/a>. Die ausgelassene Feierlaune der Musikfans tr\u00fcbte das aber nicht.\u00a0<\/p>\n<p>Rock im Park 2026: Alle Bilder im gro\u00dfen \u00dcberblick<br \/>\nSamstag &#8211; Top-Acts bringen Menge zum Kochen<\/p>\n<p>Nat\u00fcrlich steht die Musik bei Rock im Park im Mittelpunkt. Und vor den Stages k\u00f6nnte die Stimmung nicht besser sein.<\/p>\n<p>          <a href=\"https:\/\/www.infranken.de\/bildergalerien\/diashow\/rock-im-park-2026-hier-gibt-es-die-schoensten-festival-fotos-vom-samstag-teil-3-cme-4547275\" target=\"_blank\" data-anzahl=\"85\" rel=\"nofollow noopener\"><br \/>\n            <img decoding=\"async\" loading=\"lazy\" src=\"https:\/\/www.europesays.com\/at\/wp-content\/uploads\/2026\/09\/4547275_endlich-wieder-rock-im-park_bild-aufmacher-lg_1G9hvf_Hw2zoL.jpg\" alt=\"Endlich wieder Rock im Park.\" title=\"Endlich wieder Rock im Park.\" width=\"629\" height=\"362\"\/><br \/>\n          <\/a><\/p>\n<p>         <a href=\"https:\/\/www.infranken.de\/bildergalerien\/diashow\/rock-im-park-2026-hier-gibt-es-die-schoensten-festival-fotos-vom-samstag-teil-3-cme-4547275\" target=\"_blank\" rel=\"nofollow noopener\"><\/p>\n<p>            <img decoding=\"async\" loading=\"lazy\" src=\"https:\/\/www.europesays.com\/at\/wp-content\/uploads\/2026\/09\/4547274_endlich-wieder-rock-im-park_bild-aufmacher-md_1G9hv6_KZA8Mj.jpg\" alt=\"Endlich wieder Rock im Park.\" title=\"Endlich wieder Rock im Park.\" width=\"307\" height=\"172\"\/><br \/>\n           <\/a><\/p>\n<p>Samstag &#8211; Auf den Campingpl\u00e4tzen geht es rund<\/p>\n<p>Nicht nur vor den Stages geht es bei Rock im Park rund. Auch auf den Campingpl\u00e4tzen wird es oft legend\u00e4r &#8211; manchmal auch mit biergeistigem Beistand.<\/p>\n<p>          <a href=\"https:\/\/www.infranken.de\/bildergalerien\/diashow\/rock-im-park-2026-wir-haben-die-coolsten-bilder-vom-samstag-fuer-euch-teil-2-cme-4547180\" target=\"_blank\" data-anzahl=\"81\" rel=\"nofollow noopener\"><br \/>\n            <img decoding=\"async\" loading=\"lazy\" src=\"https:\/\/www.europesays.com\/at\/wp-content\/uploads\/2026\/09\/4547180_endlich-wieder-rock-im-park_bild-aufmacher-lg_1G9h4R_IDqrbQ.jpg\" alt=\"Endlich wieder Rock im Park.\" title=\"Endlich wieder Rock im Park.\" width=\"629\" height=\"362\"\/><br \/>\n          <\/a><\/p>\n<p>         <a href=\"https:\/\/www.infranken.de\/bildergalerien\/diashow\/rock-im-park-2026-wir-haben-die-coolsten-bilder-vom-samstag-fuer-euch-teil-2-cme-4547180\" target=\"_blank\" rel=\"nofollow noopener\"><\/p>\n<p>            <img decoding=\"async\" loading=\"lazy\" src=\"https:\/\/www.europesays.com\/at\/wp-content\/uploads\/2026\/09\/4547175_endlich-wieder-rock-im-park_bild-aufmacher-md_1G9h4M_j3ESim.jpg\" alt=\"Endlich wieder Rock im Park.\" title=\"Endlich wieder Rock im Park.\" width=\"307\" height=\"172\"\/><br \/>\n           <\/a><\/p>\n<p>Samstag &#8211; Top-Stimmung bei Rock im Park<\/p>\n<p>Auch am Samstag wurde wild gefeiert auf dem Zeppelinfeld. Das Wetter war deutlich besser als zum Auftakt &#8211; und auf den Campingpl\u00e4tzen kochte die Laune.<\/p>\n<p>          <a href=\"https:\/\/www.infranken.de\/bildergalerien\/diashow\/rock-im-park-2026-alle-fotos-vom-samstag-gibt-es-hier-teil-1-cme-4547117\" target=\"_blank\" data-anzahl=\"63\" rel=\"nofollow noopener\"><br \/>\n            <img decoding=\"async\" loading=\"lazy\" src=\"https:\/\/www.europesays.com\/at\/wp-content\/uploads\/2026\/09\/4547117_endlich-wieder-rock-im-park_bild-aufmacher-lg_1G9g-r_RQEagC.jpg\" alt=\"Endlich wieder Rock im Park.\" title=\"Endlich wieder Rock im Park.\" width=\"629\" height=\"362\"\/><br \/>\n          <\/a><\/p>\n<p>         <a href=\"https:\/\/www.infranken.de\/bildergalerien\/diashow\/rock-im-park-2026-alle-fotos-vom-samstag-gibt-es-hier-teil-1-cme-4547117\" target=\"_blank\" rel=\"nofollow noopener\"><\/p>\n<p>            <img decoding=\"async\" loading=\"lazy\" src=\"https:\/\/www.europesays.com\/at\/wp-content\/uploads\/2026\/09\/4547108_endlich-wieder-rock-im-park_bild-aufmacher-md_1G9g-i_CltoDL.jpg\" alt=\"Endlich wieder Rock im Park.\" title=\"Endlich wieder Rock im Park.\" width=\"307\" height=\"172\"\/><br \/>\n           <\/a><\/p>\n<p>Freitag &#8211; Wilder Start von Rock im Park<\/p>\n<p>Je sp\u00e4ter der Abend, desto wilder die Stimmung. Von den ersten Regeng\u00fcssen haben sich die Fans lauter Gitarrensounds nicht \u00e4rgern lassen.<\/p>\n<p>          <a href=\"https:\/\/www.infranken.de\/bildergalerien\/diashow\/rock-im-park-2026-hier-gibt-es-die-besten-festival-bilder-vom-freitag-teil-2-cme-4546791\" target=\"_blank\" data-anzahl=\"95\" rel=\"nofollow noopener\"><br \/>\n            <img decoding=\"async\" loading=\"lazy\" src=\"https:\/\/www.europesays.com\/at\/wp-content\/uploads\/2026\/09\/4546791_endlich-wieder-rock-im-park_bild-aufmacher-lg_1G8Y1b_EmbJ4h.jpg\" alt=\"Endlich wieder Rock im Park.\" title=\"Endlich wieder Rock im Park.\" width=\"629\" height=\"362\"\/><br \/>\n          <\/a><\/p>\n<p>         <a href=\"https:\/\/www.infranken.de\/bildergalerien\/diashow\/rock-im-park-2026-hier-gibt-es-die-besten-festival-bilder-vom-freitag-teil-2-cme-4546791\" target=\"_blank\" rel=\"nofollow noopener\"><\/p>\n<p>            <img decoding=\"async\" loading=\"lazy\" src=\"https:\/\/www.europesays.com\/at\/wp-content\/uploads\/2026\/09\/4546798_endlich-wieder-rock-im-park_bild-aufmacher-md_1G8Y16_2WF8cr.jpg\" alt=\"Endlich wieder Rock im Park.\" title=\"Endlich wieder Rock im Park.\" width=\"307\" height=\"172\"\/><br \/>\n           <\/a><\/p>\n<p>Freitag &#8211; Besucher in bester Feierlaune<\/p>\n<p>Im Regencape Schlange stehen, mit Freunden Bands feiern und Alkohol. All das geh\u00f6rt zu Rock im Park.<\/p>\n","protected":false},"excerpt":{"rendered":"Tag zwei von N\u00fcrnbergs gr\u00f6\u00dftem Musik-Event ist rum. Wir waren mit der Kamera dabei &#8211; und zeigen euch&hellip;\n","protected":false},"author":2,"featured_media":378740,"comment_status":"","ping_status":"","sticky":false,"template":"","format":"standard","meta":{"footnotes":"","_share_on_mastodon":"0"},"categories":[24],"tags":[46,42,147,153,154,44,148],"class_list":["post-378739","post","type-post","status-publish","format-standard","has-post-thumbnail","category-musik","tag-at","tag-austria","tag-entertainment","tag-music","tag-musik","tag-oesterreich","tag-unterhaltung"],"share_on_mastodon":{"url":"https:\/\/pubeurope.com\/@at\/117224131486505298","error":""},"_links":{"self":[{"href":"https:\/\/www.europesays.com\/at\/wp-json\/wp\/v2\/posts\/378739","targetHints":{"allow":["GET"]}}],"collection":[{"href":"https:\/\/www.europesays.com\/at\/wp-json\/wp\/v2\/posts"}],"about":[{"href":"https:\/\/www.europesays.com\/at\/wp-json\/wp\/v2\/types\/post"}],"author":[{"embeddable":true,"href":"https:\/\/www.europesays.com\/at\/wp-json\/wp\/v2\/users\/2"}],"replies":[{"embeddable":true,"href":"https:\/\/www.europesays.com\/at\/wp-json\/wp\/v2\/comments?post=378739"}],"version-history":[{"count":0,"href":"https:\/\/www.europesays.com\/at\/wp-json\/wp\/v2\/posts\/378739\/revisions"}],"wp:featuredmedia":[{"embeddable":true,"href":"https:\/\/www.europesays.com\/at\/wp-json\/wp\/v2\/media\/378740"}],"wp:attachment":[{"href":"https:\/\/www.europesays.com\/at\/wp-json\/wp\/v2\/media?parent=378739"}],"wp:term":[{"taxonomy":"category","embeddable":true,"href":"https:\/\/www.europesays.com\/at\/wp-json\/wp\/v2\/categories?post=378739"},{"taxonomy":"post_tag","embeddable":true,"href":"https:\/\/www.europesays.com\/at\/wp-json\/wp\/v2\/tags?post=378739"}],"curies":[{"name":"wp","href":"https:\/\/api.w.org\/{rel}","templated":true}]}}