{"id":378751,"date":"2026-09-06T12:43:12","date_gmt":"2026-09-06T12:43:12","guid":{"rendered":"https:\/\/www.europesays.com\/at\/378751\/"},"modified":"2026-09-06T12:43:12","modified_gmt":"2026-09-06T12:43:12","slug":"isar-aerospace-erreicht-erdorbit-europa-verfuegt-nun-ueber-einen-souveraenen-zugang-zum-weltraum-leadersnet","status":"publish","type":"post","link":"https:\/\/www.europesays.com\/at\/378751\/","title":{"rendered":"Isar Aerospace erreicht Erdorbit &#8211; &#8222;Europa verf\u00fcgt nun \u00fcber einen souver\u00e4nen Zugang zum Weltraum&#8220; \u00bb Leadersnet"},"content":{"rendered":"<p>In Zeiten von SpaceX oder Blue Origin werden mehr Raketenstarts denn je von Kameras begleitet. Man ist geneigt, sich an die beeindruckenden Bilder zu gew\u00f6hnen. Allerdings sticht der j\u00fcngste Launch des deutschen Raumfahrtpioniers Isar Aerospace hervor: Zum ersten Mal \u00fcberhaupt hat ein europ\u00e4isches Privatunternehmen den Erdorbit erreicht \u2013 und nach dem Meilenstein ist vor der Massenproduktion.<\/p>\n<p>Unternehmen berichten gern von ihren positiven Resultaten, doch nur selten kommen dabei Statements zustande, die man so wahrlich nicht aller Tage liest: &#8222;Heute hat Isar Aerospace den Weltraum von Kontinentaleuropa aus ge\u00f6ffnet&#8220;, freut sich Daniel Metzler, der CEO und Mitgr\u00fcnder des deutschen Raumfahrt-Primus.<\/p>\n<p>&#8222;Der Start bleibt der gr\u00f6\u00dfte Engpass f\u00fcr die globale Raumfahrtindustrie, und ab heute gibt es eine echte Alternative f\u00fcr kommerzielle und institutionelle Kunden.&#8220;<\/p>\n<p>Als erstem kommerziellen Raumfahrtunternehmen aus Europa ist es Isar Aerospace gelungen, mit der eigenen Spectrum-Rakete die Erdumlaufbahn zu erreichen \u2013 und das gleich beim zweiten Flug. Beim ersten Versuch <a href=\"https:\/\/www.leadersnet.de\/news\/88054,isar-aerospace-meilenstein-trotz-absturz.html\" target=\"_blank\" rel=\"noopener nofollow\">im M\u00e4rz letzten Jahres<\/a> gelang lediglich der Start wie gew\u00fcnscht; nach weniger als einer Minute kam Spectrum jedoch unsanft wieder auf dem Boden der Tatsachen an.<\/p>\n<p>&#8222;Onward and Upward&#8220; wird seinem Namen gerecht<\/p>\n<p>Anders als am sp\u00e4ten Samstagabend: Die Mission unter dem programmatischen Titel &#8222;Onward and Upward&#8220; hob um 22:12 Uhr vom firmeneigenen Startkomplex bei And\u00f8ya in Norwegen ab und absolvierte anschlie\u00dfend die entscheidenden Flugphasen: Spectrum durchquerte MaxQ, die Phase des maximalen aerodynamischen Drucks, bevor die Haupttriebwerke abgeschaltet und die beiden Raketenstufen voneinander getrennt wurden.<\/p>\n<p>Anschlie\u00dfend z\u00fcndete die zweite Stufe wie geplant. In 100 Kilometern H\u00f6he \u00fcberquerte Spectrum die K\u00e1rm\u00e1n-Linie und warf die Nutzlastverkleidung ab, ehe die Rakete die f\u00fcr den Orbit erforderliche Geschwindigkeit erreichte.<\/p>\n<p>Nach dem Man\u00f6ver zur Zirkularisierung der Umlaufbahn wurden schlie\u00dflich die transportierten Nutzlasten ausgesetzt \u2013 genauer f\u00fcnf CubeSats und ein Experiment:<\/p>\n<p>CyBEEsat \u2013 TU Berlin<br \/>\nTriSat-S \u2013 TU Berlin<br \/>\nPlatform 6 \u2013 EnduroSat<br \/>\nFramSat-1 \u2013 Norwegian University of Science and Technology (NTNU)<br \/>\nSpaceTeamSat1 \u2013 TU Wien Space Team<br \/>\n&#8222;Let It Go&#8220; \u2013 Experiment vom M\u00fcnchner Raumfahrtunternehmen Dcubed<\/p>\n<p>&#8222;Wir haben innerhalb weniger Jahre erreicht, wof\u00fcr die europ\u00e4ische Raumfahrtindustrie zuvor Jahrzehnte gebraucht hat&#8220;, res\u00fcmiert CEO Daniel Metzler nachvollziehbar zufrieden.<\/p>\n<p>&#8222;Europa verf\u00fcgt nun \u00fcber einen souver\u00e4nen Zugang zum Weltraum. Wir sind in ein neues Kapitel der europ\u00e4ischen Raumfahrt eingetreten. Ich bin unglaublich stolz auf unser Team, das diese Erfolgsgeschichte aus Europa m\u00f6glich gemacht hat&#8220;, erg\u00e4nzt er.<\/p>\n<p>Bis zu 40 Tr\u00e4gerraketen pro Jahr geplant<\/p>\n<p>Nat\u00fcrlich gedenkt man bei Isar Aerospace nicht, sich auf den j\u00fcngsten Lorbeeren auszuruhen. &#8222;Wir werden uns nun darauf konzentrieren, die Produktion von Tr\u00e4gerraketen schnell hochzuskalieren, unsere Auftragspipeline abzuarbeiten und der stark steigenden globalen Nachfrage gerecht zu werden&#8220;, unterstreicht Metzler.<\/p>\n<p><img loading=\"lazy\" decoding=\"async\" src=\"https:\/\/www.europesays.com\/at\/wp-content\/uploads\/2026\/09\/spectrumlaunchpad-c-isaraerospace.jpg\" alt=\"Soll zahlreich Gesellschaft bekommen: Spectrum-Rakete im Ruhezustand am Launchpad (Bild: Isar Aerospace)\" width=\"800\" height=\"520\"\/><br \/>Soll zahlreich Gesellschaft bekommen: Spectrum-Rakete im Ruhezustand am Launchpad (Bild: Isar Aerospace)<\/p>\n<p>Das Unternehmen gibt in diesem Zusammenhang an, sein globales Netzwerk verf\u00fcgbarer Startpl\u00e4tze ausgebaut zu haben und &#8222;kurz vor der Fertigstellung der gr\u00f6\u00dften integrierten Produktionsanlage Europas f\u00fcr Tr\u00e4gerraketen&#8220; zu stehen.<\/p>\n<p>Dabei sei eine &#8222;Maschine hinter der Maschine&#8220; entstanden, die unter anderem ein vertikal integriertes Fertigungsmodell und einen hohen Automatisierungsgrad beinhaltet. Eine rund 40.000 Quadratmeter umfassende Produktionsfl\u00e4che soll in absehbarer Zukunft bis zu 40 Raketen pro Jahr fertigen k\u00f6nnen; Spectrum 3 bis 7 befinden sich aktuell in Produktion.<\/p>\n<p>Neben dem j\u00fcngsten Erfolgsschauplatz in And\u00f8ya, Norwegen, errichtet Isar Aerospace dieser Tage zudem einen weiteren Startkomplex im kanadischen Nova Scotia, der mittlere bis hohe Bahnneigungen abdeckt.<\/p>\n","protected":false},"excerpt":{"rendered":"In Zeiten von SpaceX oder Blue Origin werden mehr Raketenstarts denn je von Kameras begleitet. Man ist geneigt,&hellip;\n","protected":false},"author":2,"featured_media":378752,"comment_status":"","ping_status":"","sticky":false,"template":"","format":"standard","meta":{"footnotes":"","_share_on_mastodon":"0"},"categories":[3],"tags":[94551,94554,94553,94549,1503,76,75,94552,74,94449,94548,10137,21268,301,19477,94550,11396,5577,31235,94556,94555],"class_list":["post-378751","post","type-post","status-publish","format-standard","has-post-thumbnail","category-europa","tag-andoya-spaceport","tag-daniel-metzler","tag-deutsches-unternehmen","tag-erdorbit","tag-erfolg","tag-eu","tag-europa","tag-europaeische-raumfahrt","tag-europe","tag-isar-aerospace","tag-isar-aerospace-rakete","tag-launch","tag-meilenstein","tag-norwegen","tag-raketenstart","tag-raketenstart-andoya-norwegen","tag-raumfahrt","tag-souveraenitaet","tag-spectrum","tag-traegerrakete","tag-zugang-zum-weltraum"],"share_on_mastodon":{"url":"https:\/\/pubeurope.com\/@at\/117224158935543932","error":""},"_links":{"self":[{"href":"https:\/\/www.europesays.com\/at\/wp-json\/wp\/v2\/posts\/378751","targetHints":{"allow":["GET"]}}],"collection":[{"href":"https:\/\/www.europesays.com\/at\/wp-json\/wp\/v2\/posts"}],"about":[{"href":"https:\/\/www.europesays.com\/at\/wp-json\/wp\/v2\/types\/post"}],"author":[{"embeddable":true,"href":"https:\/\/www.europesays.com\/at\/wp-json\/wp\/v2\/users\/2"}],"replies":[{"embeddable":true,"href":"https:\/\/www.europesays.com\/at\/wp-json\/wp\/v2\/comments?post=378751"}],"version-history":[{"count":0,"href":"https:\/\/www.europesays.com\/at\/wp-json\/wp\/v2\/posts\/378751\/revisions"}],"wp:featuredmedia":[{"embeddable":true,"href":"https:\/\/www.europesays.com\/at\/wp-json\/wp\/v2\/media\/378752"}],"wp:attachment":[{"href":"https:\/\/www.europesays.com\/at\/wp-json\/wp\/v2\/media?parent=378751"}],"wp:term":[{"taxonomy":"category","embeddable":true,"href":"https:\/\/www.europesays.com\/at\/wp-json\/wp\/v2\/categories?post=378751"},{"taxonomy":"post_tag","embeddable":true,"href":"https:\/\/www.europesays.com\/at\/wp-json\/wp\/v2\/tags?post=378751"}],"curies":[{"name":"wp","href":"https:\/\/api.w.org\/{rel}","templated":true}]}}