{"id":378793,"date":"2026-09-06T13:14:24","date_gmt":"2026-09-06T13:14:24","guid":{"rendered":"https:\/\/www.europesays.com\/at\/378793\/"},"modified":"2026-09-06T13:14:24","modified_gmt":"2026-09-06T13:14:24","slug":"nougat-senf-und-neue-songs-viele-ueberraschungen-beim-nena-konzert-in-schmalkalden","status":"publish","type":"post","link":"https:\/\/www.europesays.com\/at\/378793\/","title":{"rendered":"Nougat-Senf und neue Songs: Viele \u00dcberraschungen beim Nena-Konzert in Schmalkalden"},"content":{"rendered":"<p class=\"rich-text expressive-copy-lg-body my-6\">Irgendwie wird es bestimmt ein tolles Nena-Konzert, aber nicht irgendwo (sondern im <a href=\"https:\/\/viba-schmalkalden.de\/\" rel=\"nofollow noopener\" target=\"_blank\">Viba-Park Schmalkalden<\/a>) und auch nicht irgendwann \u2013 sondern am Freitag, dem 4. September 2026. Ab 20 Uhr (Einlass ab 18 Uhr) will die Ikone der Neuen Deutschen Welle die Fans begeistern. \u201eIch freue mich auf die Konzerte und all die Menschen, die dort sein werden. Wir gehen auf eine Reise durch \u00fcber 40 Jahre Nena-Musik\u201c, so die S\u00e4ngerin. \u201eIch lade euch ein, mit mir zu singen, zu tanzen, zu lachen. Lasst uns gerade in dieser herausfordernden Zeit das Leben feiern.\u201c  Dabei d\u00fcrfen sich die Fans auch auf Premieren freuen, denn: \u201eEinen neuen Song spiele ich am liebsten erstmal live. Es ist wie mit einem Buch, das man geschrieben hat. Als erstes liest man seinen Freunden daraus vor.\u201c <\/p>\n<p>Pendelbusse zum Parkplatz<\/p>\n<p class=\"rich-text expressive-copy-lg-body my-6\">Was Konzertbesucher wissen sollten: Da der Parkplatz der Viba-Nougat-Welt ab 15 Uhr gesperrt ist, pendeln Busse vom P-&amp;-R-Parkplatz im neuen Gewerbegebiet an der B19 (Abfahrt Schmalkalden, Parkgeb\u00fchr 5 Euro) zur Viba-Welt. Nach dem Konzert (gegen 22 Uhr) fahren die Busse bis 24 Uhr zum Parkplatz zur\u00fcck. Weitere Parkm\u00f6glichkeiten gibt es in der Innenstadt.<\/p>\n<p class=\"rich-text expressive-copy-lg-body my-6\">Beim Konzert gibt es nicht nur Nenas gr\u00f6\u00dfte Hits zu genie\u00dfen, sondern nat\u00fcrlich auch Nougat \u2013 entweder pur oder in Senf und Mayo \u2013 zu Bratwurst und Pommes. Tickets gibt es noch an der Abendkasse.<\/p>\n","protected":false},"excerpt":{"rendered":"Irgendwie wird es bestimmt ein tolles Nena-Konzert, aber nicht irgendwo (sondern im Viba-Park Schmalkalden) und auch nicht irgendwann&hellip;\n","protected":false},"author":2,"featured_media":378794,"comment_status":"","ping_status":"","sticky":false,"template":"","format":"standard","meta":{"footnotes":"","_share_on_mastodon":"0"},"categories":[24],"tags":[46,42,147,153,154,44,148],"class_list":["post-378793","post","type-post","status-publish","format-standard","has-post-thumbnail","category-musik","tag-at","tag-austria","tag-entertainment","tag-music","tag-musik","tag-oesterreich","tag-unterhaltung"],"share_on_mastodon":{"url":"https:\/\/pubeurope.com\/@at\/117224280354216467","error":""},"_links":{"self":[{"href":"https:\/\/www.europesays.com\/at\/wp-json\/wp\/v2\/posts\/378793","targetHints":{"allow":["GET"]}}],"collection":[{"href":"https:\/\/www.europesays.com\/at\/wp-json\/wp\/v2\/posts"}],"about":[{"href":"https:\/\/www.europesays.com\/at\/wp-json\/wp\/v2\/types\/post"}],"author":[{"embeddable":true,"href":"https:\/\/www.europesays.com\/at\/wp-json\/wp\/v2\/users\/2"}],"replies":[{"embeddable":true,"href":"https:\/\/www.europesays.com\/at\/wp-json\/wp\/v2\/comments?post=378793"}],"version-history":[{"count":0,"href":"https:\/\/www.europesays.com\/at\/wp-json\/wp\/v2\/posts\/378793\/revisions"}],"wp:featuredmedia":[{"embeddable":true,"href":"https:\/\/www.europesays.com\/at\/wp-json\/wp\/v2\/media\/378794"}],"wp:attachment":[{"href":"https:\/\/www.europesays.com\/at\/wp-json\/wp\/v2\/media?parent=378793"}],"wp:term":[{"taxonomy":"category","embeddable":true,"href":"https:\/\/www.europesays.com\/at\/wp-json\/wp\/v2\/categories?post=378793"},{"taxonomy":"post_tag","embeddable":true,"href":"https:\/\/www.europesays.com\/at\/wp-json\/wp\/v2\/tags?post=378793"}],"curies":[{"name":"wp","href":"https:\/\/api.w.org\/{rel}","templated":true}]}}