{"id":378899,"date":"2026-09-06T14:26:22","date_gmt":"2026-09-06T14:26:22","guid":{"rendered":"https:\/\/www.europesays.com\/at\/378899\/"},"modified":"2026-09-06T14:26:22","modified_gmt":"2026-09-06T14:26:22","slug":"weizerin-sandra-wild-unsere-buchhandlung-ist-wie-ein-zweites-zuhause","status":"publish","type":"post","link":"https:\/\/www.europesays.com\/at\/378899\/","title":{"rendered":"Weizerin Sandra Wild: \u201eUnsere Buchhandlung ist wie ein zweites Zuhause\u201c"},"content":{"rendered":"<p><a href=\"https:\/\/www.kleinezeitung.at\/rubriken\/kultur\" data-slot=\"base\" class=\"inline-flex items-center disabled:cursor-not-allowed aria-disabled:cursor-not-allowed disabled:opacity-75 aria-disabled:opacity-75 transition-colors rounded-lg px-2.5 py-1.5 text-sm text-muted hover:text-default active:text-default disabled:text-muted aria-disabled:text-muted outline-inverted\/25 focus-visible:outline-3 gap-0 font-bold uppercase tracking-widest truncate !p-0 !rounded-none select-none\" rel=\"nofollow noopener\" target=\"_blank\">Kultur<\/a>Interview<\/p>\n<p class=\"klz-text-article-lead\">Seit sechs Jahren leitet Sandra Wild die Buchhandlung Moser in Graz als erste Frau in der 158-j\u00e4hrigen Firmengeschichte. Die Weizerin verr\u00e4t, welchen Genres sie pers\u00f6nlich zugetan ist, wie es um die Branche bestellt ist und gibt Einblicke in ihr Privatleben.<\/p>\n<p><img decoding=\"async\" src=\"https:\/\/www.europesays.com\/at\/wp-content\/uploads\/2026\/09\/Sandra Wild .webp\" alt=\"Die Weizerin Sandra Wild leitet seit 2020 die Buchhandlung Moser in Graz\" loading=\"eager\" fetchpriority=\"high\"  class=\"w-full object-contain  rounded-2xl\"\/> \u00a9 PrivatDie Weizerin Sandra Wild leitet seit 2020 die Buchhandlung Moser in Graz<img decoding=\"async\" src=\"https:\/\/www.europesays.com\/at\/wp-content\/uploads\/2026\/09\/Stranzl_Nicole-512.png\" alt=\"Nicole Stranzl\" width=\"48\" height=\"48\" loading=\"lazy\" data-slot=\"image\" class=\"h-full w-full rounded-[inherit] object-cover\"\/><img decoding=\"async\" src=\"https:\/\/www.europesays.com\/at\/wp-content\/uploads\/2026\/09\/Stranzl_Nicole-512.png\" alt=\"Nicole Stranzl\" width=\"48\" height=\"48\" loading=\"lazy\" data-slot=\"image\" class=\"h-full w-full rounded-[inherit] object-cover\"\/><\/p>\n<p>vor 10 Stunden6. September 2026 um 04:00<\/p>\n","protected":false},"excerpt":{"rendered":"KulturInterview Seit sechs Jahren leitet Sandra Wild die Buchhandlung Moser in Graz als erste Frau in der 158-j\u00e4hrigen&hellip;\n","protected":false},"author":2,"featured_media":378900,"comment_status":"","ping_status":"","sticky":false,"template":"","format":"standard","meta":{"footnotes":"","_share_on_mastodon":"0"},"categories":[29],"tags":[46,42,42703,77372,183,11321,44,77374,94583],"class_list":["post-378899","post","type-post","status-publish","format-standard","has-post-thumbnail","category-graz","tag-at","tag-austria","tag-buchhandlung","tag-buchhandlung-moser","tag-graz","tag-lesungen","tag-oesterreich","tag-sandra-wild","tag-signierstunden"],"share_on_mastodon":{"url":"https:\/\/pubeurope.com\/@at\/117224563851492536","error":""},"_links":{"self":[{"href":"https:\/\/www.europesays.com\/at\/wp-json\/wp\/v2\/posts\/378899","targetHints":{"allow":["GET"]}}],"collection":[{"href":"https:\/\/www.europesays.com\/at\/wp-json\/wp\/v2\/posts"}],"about":[{"href":"https:\/\/www.europesays.com\/at\/wp-json\/wp\/v2\/types\/post"}],"author":[{"embeddable":true,"href":"https:\/\/www.europesays.com\/at\/wp-json\/wp\/v2\/users\/2"}],"replies":[{"embeddable":true,"href":"https:\/\/www.europesays.com\/at\/wp-json\/wp\/v2\/comments?post=378899"}],"version-history":[{"count":0,"href":"https:\/\/www.europesays.com\/at\/wp-json\/wp\/v2\/posts\/378899\/revisions"}],"wp:featuredmedia":[{"embeddable":true,"href":"https:\/\/www.europesays.com\/at\/wp-json\/wp\/v2\/media\/378900"}],"wp:attachment":[{"href":"https:\/\/www.europesays.com\/at\/wp-json\/wp\/v2\/media?parent=378899"}],"wp:term":[{"taxonomy":"category","embeddable":true,"href":"https:\/\/www.europesays.com\/at\/wp-json\/wp\/v2\/categories?post=378899"},{"taxonomy":"post_tag","embeddable":true,"href":"https:\/\/www.europesays.com\/at\/wp-json\/wp\/v2\/tags?post=378899"}],"curies":[{"name":"wp","href":"https:\/\/api.w.org\/{rel}","templated":true}]}}