{"id":378935,"date":"2026-09-06T14:47:09","date_gmt":"2026-09-06T14:47:09","guid":{"rendered":"https:\/\/www.europesays.com\/at\/378935\/"},"modified":"2026-09-06T14:47:09","modified_gmt":"2026-09-06T14:47:09","slug":"kerstin-ott-spricht-offen-ueber-ihre-brustentfernung","status":"publish","type":"post","link":"https:\/\/www.europesays.com\/at\/378935\/","title":{"rendered":"Kerstin Ott spricht offen \u00fcber ihre Brustentfernung"},"content":{"rendered":"<p class=\"content__description\" data-speakable=\"\">Kerstin Ott hat offen \u00fcber ihre Brustentfernung gesprochen. Die \u00c4sthetik spielte dabei f\u00fcr die S\u00e4ngerin eine untergeordnete Rolle. Vielmehr diente die Operation als Pr\u00e4vention.<\/p>\n<p data-speakable=\"\"><a data-component-name=\"link.semantic\" data-brain-zone=\".42694046.content.textlink_1\" data-component-path=\"content.textlink_1\" href=\"https:\/\/www.gmx.at\/magazine\/unterhaltung\/thema\/kerstin-ott\" rel=\"nofollow noopener\" target=\"_blank\">Kerstin Ott<\/a> (44) hat sich ausf\u00fchrlich zu ihrer Brustentfernung ge\u00e4u\u00dfert. Am Rande der Verleihung der &#8222;Goldenen Henne&#8220; in Leipzig sagte die 44-J\u00e4hrige <a target=\"_blank\" data-brain-zone=\".42694046.content.textlink_2\" data-component-path=\"content.textlink_2\" data-component-name=\"link.external\" rel=\"noopener nofollow\" href=\"https:\/\/www.bunte.de\/stars\/star-news\/saengerin-kerstin-ott-spricht-ueber-ihre-brustentfernung_a1ace098-86af-48ec-b53f-1c0dd7d13fa4.html\">&#8222;bunte.de&#8220;<\/a>, hinter dem Eingriff h\u00e4tten nicht allein \u00e4sthetische \u00dcberlegungen gestanden, sondern vor allem gesundheitliche.<\/p>\n<p data-speakable=\"\">&#8222;Ich finde es auch wichtig, das ist keine Verkleinerung, sondern eine ganze Mastektomie gewesen. Einfach aus der Tatsache, weil in meiner Familie auch Brustkrebs ist und mich die sowieso immer gest\u00f6rt haben&#8220;, erkl\u00e4rte die S\u00e4ngerin, die mit &#8222;Die immer lacht&#8220; ihren Durchbruch feierte.<\/p>\n<p><a href=\"https:\/\/www.gmx.at\/magazine\/unterhaltung\/musik\/schlager\/kerstin-ott-rueckfall-alkoholproblemen-42671078\" data-brain-zone=\".42694046.content.teaser_1.1\" data-component-path=\"content.teaser_1.1\" data-component-name=\"link.editorial\" class=\"teaser teaser--horizontal\" data-block-name=\"content.teaser_1\" data-item-position=\"1\" data-item-source=\"cms\" data-article-id=\"cmd:42671078\" rel=\"nofollow noopener\" target=\"_blank\"><\/p>\n<p><img loading=\"lazy\" decoding=\"async\" src=\"https:\/\/www.europesays.com\/at\/wp-content\/uploads\/2026\/09\/1788706028_589_kerstin-ott.jpg\" alt=\"\" width=\"76\" height=\"76\" class=\"teaser__image\"\/><\/p>\n<p>\nEinblicke in Sucht\n<\/p>\n<p>Kerstin Ott h\u00e4tte beinahe einen R\u00fcckfall erlitten<\/p>\n<p><\/a><br \/>\nOperiert wurde schon in den Drei\u00dfigern<\/p>\n<p data-speakable=\"\">Wichtig sei ihr die eigene Oberweite nie gewesen, eher im Gegenteil: Die S\u00e4ngerin habe sich sogar daran gest\u00f6rt. Der Eingriff liegt bereits einige Zeit zur\u00fcck. Die heute 44-j\u00e4hrige war zu diesem Zeitpunkt noch in ihren Drei\u00dfigern. Eine Kurzschlusshandlung war das nicht. Die Entscheidung sei das Ergebnis eines l\u00e4ngeren Prozesses gewesen, sagte die Musikerin. Die Angst vor einer Erkrankung habe sie \u00fcber Jahre begleitet.<\/p>\n<p data-speakable=\"\">Am Ende ging es Ott darum, sich ein St\u00fcck Kontrolle zur\u00fcckzuholen und ihr Krebsrisiko zu senken. Dass sie sich im eigenen K\u00f6rper seither wohler f\u00fchlt, war f\u00fcr sie also ein positiver Nebeneffekt.<\/p>\n<p>&#8222;Es ist mein K\u00f6rper&#8220;<\/p>\n<p data-speakable=\"\">Dass ihr Weg nicht \u00fcberall auf Verst\u00e4ndnis st\u00f6\u00dft, wei\u00df die S\u00e4ngerin. Nachfragen und Irritationen kennt sie, l\u00e4sst diese jedoch an sich abprallen.<\/p>\n<p>Empfehlungen der Redaktion<\/p>\n<p data-speakable=\"\">&#8222;Es st\u00f6\u00dft immer so ein bisschen auf: ,Oh, wie kann man denn so etwas machen?&#8216; Aber letztendlich ist meine Antwort darauf, dass es mein K\u00f6rper ist. Und dass es einfach v\u00f6llig egal ist, was andere dazu zu sagen haben&#8220;, sagte Ott im Interview.<\/p>\n<p><a href=\"https:\/\/www.gmx.at\/magazine\/unterhaltung\/musik\/schlager\/kerstin-ott-offen-sexualitaet-umgeht-41480156\" data-brain-zone=\".42694046.content.teaser_2.1\" data-component-path=\"content.teaser_2.1\" data-component-name=\"link.editorial\" class=\"teaser teaser--horizontal\" data-block-name=\"content.teaser_2\" data-item-position=\"1\" data-item-source=\"cms\" data-article-id=\"cmd:41480156\" rel=\"nofollow noopener\" target=\"_blank\"><\/p>\n<p><img decoding=\"async\" src=\"https:\/\/www.europesays.com\/at\/wp-content\/uploads\/2026\/09\/kerstin-ott-karolina-koeppen.jpg\" alt=\"\" width=\"76\" height=\"76\" loading=\"lazy\" class=\"teaser__image\"\/><\/p>\n<p>\nSchlagers\u00e4ngerin\n<\/p>\n<p>Kerstin Ott spricht \u00fcber Beziehung: &#8222;Geht niemanden etwas an, wie ich lebe&#8220;<\/p>\n<p><\/a><br \/>\nEhefrau Karolina reagierte gelassen<\/p>\n<p data-speakable=\"\">\u00d6ffentlich gemacht hatte Ott den Eingriff bereits <a target=\"_blank\" data-brain-zone=\".42694046.content.textlink_3\" data-component-path=\"content.textlink_3\" data-component-name=\"link.external\" rel=\"noopener nofollow\" href=\"https:\/\/www.youtube.com\/watch?v=gLqxCSiQxrM\">im Podcast &#8222;Zwischen den Zeilen&#8220;<\/a> von Moderatorin Bettina B\u00f6ttinger (70). Dort formulierte sie ihre Haltung noch klarer: &#8222;Es ist dein K\u00f6rper. Du bist der Mensch, der dar\u00fcber entscheidet. Nicht dein Ehepartner und nicht die Menschen, die von au\u00dfen draufgucken.&#8220;<\/p>\n<p data-speakable=\"\">Die S\u00e4ngerin konnte auch auf die Unterst\u00fctzung ihrer Ehefrau Karolina z\u00e4hlen, mit der sie seit 2017 verheiratet ist. Ihre Reaktion auf Otts Entscheidung war &#8222;genau so, wie man es erwartet&#8220;. (des\/spot)\u00a0<br \/>\n\u00a9 1&amp;1 Mail &amp; Media\/spot on news\n<\/p>\n<p>\nTeaserbild: \u00a9 IMAGO\/Panama Pictures<\/p>\n","protected":false},"excerpt":{"rendered":"Kerstin Ott hat offen \u00fcber ihre Brustentfernung gesprochen. Die \u00c4sthetik spielte dabei f\u00fcr die S\u00e4ngerin eine untergeordnete Rolle.&hellip;\n","protected":false},"author":2,"featured_media":378936,"comment_status":"","ping_status":"","sticky":false,"template":"","format":"standard","meta":{"footnotes":"","_share_on_mastodon":"0"},"categories":[27],"tags":[12914,46,42,94589,175,147,64465,66828,44,5045,176,148],"class_list":["post-378935","post","type-post","status-publish","format-standard","has-post-thumbnail","category-prominente","tag-aesthetik","tag-at","tag-austria","tag-brustentfernung","tag-celebrities","tag-entertainment","tag-goldene-henne","tag-kerstin-ott","tag-oesterreich","tag-praevention","tag-prominente","tag-unterhaltung"],"share_on_mastodon":{"url":"https:\/\/pubeurope.com\/@at\/117224646792404018","error":""},"_links":{"self":[{"href":"https:\/\/www.europesays.com\/at\/wp-json\/wp\/v2\/posts\/378935","targetHints":{"allow":["GET"]}}],"collection":[{"href":"https:\/\/www.europesays.com\/at\/wp-json\/wp\/v2\/posts"}],"about":[{"href":"https:\/\/www.europesays.com\/at\/wp-json\/wp\/v2\/types\/post"}],"author":[{"embeddable":true,"href":"https:\/\/www.europesays.com\/at\/wp-json\/wp\/v2\/users\/2"}],"replies":[{"embeddable":true,"href":"https:\/\/www.europesays.com\/at\/wp-json\/wp\/v2\/comments?post=378935"}],"version-history":[{"count":0,"href":"https:\/\/www.europesays.com\/at\/wp-json\/wp\/v2\/posts\/378935\/revisions"}],"wp:featuredmedia":[{"embeddable":true,"href":"https:\/\/www.europesays.com\/at\/wp-json\/wp\/v2\/media\/378936"}],"wp:attachment":[{"href":"https:\/\/www.europesays.com\/at\/wp-json\/wp\/v2\/media?parent=378935"}],"wp:term":[{"taxonomy":"category","embeddable":true,"href":"https:\/\/www.europesays.com\/at\/wp-json\/wp\/v2\/categories?post=378935"},{"taxonomy":"post_tag","embeddable":true,"href":"https:\/\/www.europesays.com\/at\/wp-json\/wp\/v2\/tags?post=378935"}],"curies":[{"name":"wp","href":"https:\/\/api.w.org\/{rel}","templated":true}]}}