{"id":378965,"date":"2026-09-06T15:09:21","date_gmt":"2026-09-06T15:09:21","guid":{"rendered":"https:\/\/www.europesays.com\/at\/378965\/"},"modified":"2026-09-06T15:09:21","modified_gmt":"2026-09-06T15:09:21","slug":"warum-pink-just-give-me-a-reason-nicht-alleine-singen-wollte","status":"publish","type":"post","link":"https:\/\/www.europesays.com\/at\/378965\/","title":{"rendered":"Warum Pink \u201eJust Give Me A Reason\u201c nicht alleine singen wollte"},"content":{"rendered":"<p>Eigentlich sollte S\u00e4ngerin Pink \u201eJust Give Me A Reason\u201c alleine singen. Als sie das Demo anh\u00f6rte, stellte sie fest, dass das so nicht geht. Und da kam Nate Ruess ins Spiel.<\/p>\n<p><a href=\"https:\/\/www.swr3.de\/musik\/poplexikon\/lyrics\/pink-please-dont-leave-me--songtext-deutsche-bersetzung--lyrics-100.html\" class=\"link link-inline inline-link\" title=\"SWR3 Lyrix - Pink: \u201ePlease don\u2019t leave me\u201c\" rel=\"nofollow noopener\" target=\"_blank\">Pink<\/a> mag es, sich beim Songwriting durch die Zusammenarbeit mit unterschiedlichen Menschen inspirieren zu lassen. Ihren <a href=\"https:\/\/www.swr3.de\/musik\/poplexikon\/lyrics\/pink-just-give-me-a-reason--songtext-deutsche-bersetzung--lyrics-100.html\" class=\"link link-inline inline-link\" title=\"SWR3 Lyrix - Pink: \u201eJust Give Me A Reason\u201c\" rel=\"nofollow noopener\" target=\"_blank\">Song \u201eJust Give Me A Reason\u201c<\/a> schrieb sie gemeinsam mit Jeff Bhasker und Nate Ruess. Der mit der Band Fun und dem Hit \u201eWe Are Young\u201c \u00fcbrigens auch 2012 beim <a href=\"https:\/\/www.swr3.de\/new-pop-festival\/line-up-new-pop-festival-100.html\" class=\"link link-inline inline-link\" title=\"Jetzt stehen alle Acts fest! - Diese Acts spielen kostenlose Konzerte beim New Pop!\" rel=\"nofollow noopener\" target=\"_blank\">SWR3 New Pop Festival<\/a>. Und eigentlich war es auch nur als gemeinsame Songwriting-Session gedacht.<\/p>\n<p>Eigentlich sollte Pink \u201eJust Give Me A Reason\u201c alleine singen<\/p>\n<p><a href=\"https:\/\/www.swr3.de\/musik\/news\/pink-new-york-tochter-willow-broadway-100.html\" class=\"link link-inline inline-link\" title=\"Bye bye, Kalifornien \ud83d\udc4b - Pink: \u201eSie ist mir ihr Leben lang um die ganze Welt gefolgt\u201c\" rel=\"nofollow noopener\" target=\"_blank\">Pink<\/a> sollte den Song eigentlich alleine singen. Aber als die erste Strophe stand und sie das Demo mit nach Hause nahm, fehlte ihr etwas. Pink dachte sich: \u201eNein, diese Geschichte ist wie eine Unterhaltung, es braucht diese andere Perspektive. Egal ob Mann und Frau oder ob zwei Frauen oder zwei M\u00e4nner.\u201c Es ging also nicht, dass sie alleine singt, um die besungene Beziehung darzustellen.<\/p>\n<p>In einer Beziehung gibt es immer eine Person, die intensiver f\u00fchlt als die andere. Oder zumindest so denkt. Oder irgendwie verr\u00fcckter ist.<\/p>\n<p>Hier kannst du dir die komplette Geschichte zu \u201eJust Give Me A Reason\u201c von Pink anh\u00f6ren:<\/p>\n<p><img src=\"https:\/\/www.europesays.com\/at\/wp-content\/uploads\/2026\/09\/1788528979303,image-swr3-20534~_v-16x9@2dXS_-b9bac15fe0af001f663131e7814653aed0ad7167.jpg\"   class=\"\" data-copyright=\"Foto: imago stock&amp;people\" alt=\"Pink und Nate Ruess.\" width=\"320\" height=\"180\" decoding=\"async\" loading=\"lazy\"\/><\/p>\n<p><a href=\"https:\/\/www.swr3.de\/musik\/die-groessten-hits-und-ihre-geschichte\/just-give-me-a-reason-pink-ft-100.html\" title=\"Die gr\u00f6\u00dften Hits und ihre Geschichte - Just Give Me A Reason \u2013 Pink feat. Nate Ruess\" class=\"link\" rel=\"nofollow noopener\" target=\"_blank\">Die gr\u00f6\u00dften Hits und ihre Geschichte6.9.2026Just Give Me A Reason \u2013 Pink feat. Nate Ruess<\/a><\/p>\n<p>Dauer<br \/>\n7:24 min<\/p>\n<p>Eigentlich sollte Fun-S\u00e4nger Nate Ruess Pink nur beim Songwriting helfen. Die eindringliche Ballade \u201eJust Give Me A Reason\u201c \u00fcber eine Beziehungskrise wurde dann ein Duett und der bis heute gr\u00f6\u00dfte Hit f\u00fcr Pink.<\/p>\n<p>Damit Pink nicht alleine singt, bittet sie Nate Ruess um den m\u00e4nnlichen Part<\/p>\n<p><a href=\"https:\/\/www.swr3.de\/musik\/news\/pink-tochter-willow-duett-viral-video-100.html\" class=\"link link-inline inline-link\" title=\"G\u00e4nsehaut pur! - Pink und Tochter Willow gehen mit Duett viral \ud83c\udfa4 Hier das Video anschauen\" rel=\"nofollow noopener\" target=\"_blank\">Pink<\/a> fragte also Nate Ruess, der den Song ja bereits mitgeschrieben hatte und auch S\u00e4nger war, ob er den Song einsingen k\u00f6nnte. Als Unterhaltung zwischen zwei Partnern. <\/p>\n<p>Sie dachte dabei an Dialoge wie zum Beispiel, wenn ein Paar am Fr\u00fchst\u00fcckstisch sitzt. Und einer sagt: \u201eDie Art, wie du mir heute Morgen die Butter gereicht hast. Ich glaube, in einem Monat ist es aus zwischen uns. Wir m\u00fcssen reden!\u201c Und der andere: \u201eH\u00e4? Ich hab dir nur die schei\u00df Butter gereicht! Wovon redest du?\u201c<\/p>\n<p>Pink und Nate Ruess mit \u201eJust Give Me A Reason\u201c ansehen<\/p>\n<p>Nate Ruess hat es nat\u00fcrlich gemacht. Die Stimme passt tats\u00e4chlich perfekt zu der Idee hinter dem Song und zum Sound von <a href=\"https:\/\/www.swr3.de\/musik\/poplexikon\/lyrics\/pink-raise-your-glass--songtext-deutsche-bersetzung--lyrics-100.html\" class=\"link link-inline inline-link\" title=\"SWR3 Lyrix - Pink: \u201eRaise Your Glass\u201c\" rel=\"nofollow noopener\" target=\"_blank\">Pink<\/a>. Und das Ergebnis dieser Zusammenarbeit ist Musikgeschichte:<\/p>\n<p>P!nk &#8211; Just Give Me A Reason ft. Nate Ruess<\/p>\n<p>Unser Podcast f\u00fcr Musik-Fans: \u201eDie gr\u00f6\u00dften Hits und ihre Geschichte\u201c<\/p>\n<p>In unserem Podcast \u201eDie gr\u00f6\u00dften Hits und ihre Geschichte\u201c beleuchtet <a href=\"https:\/\/www.swr3.de\/crew\/matthias-kugler-100.html\" class=\"link link-inline inline-link\" title=\"SWR3 Crew - Matthias Kugler\" rel=\"nofollow noopener\" target=\"_blank\">SWR3 Musikredakteur Matthias Kugler<\/a> die Storys hinter den Songs, die wir alle aus dem Radio kennen. Hier kannst du ihn gleich abonnieren:<\/p>\n<p><a href=\"https:\/\/www.swr3.de\/podcasts\/die-groessten-hits-und-ihre-geschichte-100.html\" class=\"teasertracking clickzone link\" role=\"presentation\" tabindex=\"-1\" rel=\"nofollow noopener\" target=\"_blank\"><\/p>\n<p><img src=\"https:\/\/www.europesays.com\/at\/wp-content\/uploads\/2026\/09\/1713367878679,die-groessten-hits-und-ihre-geschichte-102~_v-16x9@2dXS_-b9bac15fe0af001f663131e781465.jpeg\"   class=\"\" data-copyright=\"Foto: SWR\" alt=\"Die gr\u00f6\u00dften Hits und ihre Geschichte\" width=\"320\" height=\"180\" decoding=\"async\" loading=\"lazy\"\/><\/p>\n<p><\/a><\/p>\n<p><a href=\"https:\/\/www.swr3.de\/podcasts\/die-groessten-hits-und-ihre-geschichte-100.html\" class=\"teasertracking clickzone link\" rel=\"nofollow noopener\" target=\"_blank\"><br \/>\nmit Matthias Kugler<br \/>\nDie gr\u00f6\u00dften Hits und ihre Geschichte<br \/>\n<\/a><\/p>\n<p><a href=\"https:\/\/www.swr3.de\/podcasts\/die-groessten-hits-und-ihre-geschichte-100.html\" class=\"teasertracking clickzone link\" rel=\"nofollow noopener\" target=\"_blank\"><\/p>\n<p>Diese Pop- und Rock-Klassiker kennt garantiert jeder, die Geschichte dazu aber oft nicht! In jeder Folge erfahrt ihr alles, was es zu dem jeweiligen Song zu wissen gibt.\n<\/p>\n<p><\/a><\/p>\n<p>Auch bei <a href=\"https:\/\/www.instagram.com\/swr3online\/\" class=\"link link-inline inline-link\" title=\"instagram.com\/SWR3online\" target=\"_blank\" rel=\"external noopener noreferrer nofollow\" data-pjax=\"0\">SWR3 auf Instagram<\/a> gibts \u00fcbrigens regelm\u00e4\u00dfig Videos und Posts mit unseren Hitgeschichten. Schau gern mal rein!<\/p>\n<p>Gef\u00e4llt dir dieser Artikel?<\/p>\n<p><script async src=\"\/\/www.instagram.com\/embed.js\"><\/script><\/p>\n","protected":false},"excerpt":{"rendered":"Eigentlich sollte S\u00e4ngerin Pink \u201eJust Give Me A Reason\u201c alleine singen. Als sie das Demo anh\u00f6rte, stellte sie&hellip;\n","protected":false},"author":2,"featured_media":378966,"comment_status":"","ping_status":"","sticky":false,"template":"","format":"standard","meta":{"footnotes":"","_share_on_mastodon":"0"},"categories":[24],"tags":[46,42,147,153,154,44,148],"class_list":["post-378965","post","type-post","status-publish","format-standard","has-post-thumbnail","category-musik","tag-at","tag-austria","tag-entertainment","tag-music","tag-musik","tag-oesterreich","tag-unterhaltung"],"share_on_mastodon":{"url":"https:\/\/pubeurope.com\/@at\/117224732697766900","error":""},"_links":{"self":[{"href":"https:\/\/www.europesays.com\/at\/wp-json\/wp\/v2\/posts\/378965","targetHints":{"allow":["GET"]}}],"collection":[{"href":"https:\/\/www.europesays.com\/at\/wp-json\/wp\/v2\/posts"}],"about":[{"href":"https:\/\/www.europesays.com\/at\/wp-json\/wp\/v2\/types\/post"}],"author":[{"embeddable":true,"href":"https:\/\/www.europesays.com\/at\/wp-json\/wp\/v2\/users\/2"}],"replies":[{"embeddable":true,"href":"https:\/\/www.europesays.com\/at\/wp-json\/wp\/v2\/comments?post=378965"}],"version-history":[{"count":0,"href":"https:\/\/www.europesays.com\/at\/wp-json\/wp\/v2\/posts\/378965\/revisions"}],"wp:featuredmedia":[{"embeddable":true,"href":"https:\/\/www.europesays.com\/at\/wp-json\/wp\/v2\/media\/378966"}],"wp:attachment":[{"href":"https:\/\/www.europesays.com\/at\/wp-json\/wp\/v2\/media?parent=378965"}],"wp:term":[{"taxonomy":"category","embeddable":true,"href":"https:\/\/www.europesays.com\/at\/wp-json\/wp\/v2\/categories?post=378965"},{"taxonomy":"post_tag","embeddable":true,"href":"https:\/\/www.europesays.com\/at\/wp-json\/wp\/v2\/tags?post=378965"}],"curies":[{"name":"wp","href":"https:\/\/api.w.org\/{rel}","templated":true}]}}