{"id":379289,"date":"2026-09-06T19:44:16","date_gmt":"2026-09-06T19:44:16","guid":{"rendered":"https:\/\/www.europesays.com\/at\/379289\/"},"modified":"2026-09-06T19:44:16","modified_gmt":"2026-09-06T19:44:16","slug":"reaktionen-auf-sachsen-anhalt-ulrich-siegmund-zeigt-sich-offen-fuer-koalitionsregierung","status":"publish","type":"post","link":"https:\/\/www.europesays.com\/at\/379289\/","title":{"rendered":"Reaktionen auf Sachsen-Anhalt: Ulrich Siegmund zeigt sich offen f\u00fcr Koalitionsregierung"},"content":{"rendered":"<p class=\"paragraph article__item\">Der AfD-Spitzenkandidat Ulrich Siegmund zeigt sich offen f\u00fcr eine Koalitionsregierung. Er wolle \u00bballen m\u00f6glichen Kr\u00e4ften die Hand ausstrecken, wenn sie mit uns<br \/>\n eine grunds\u00e4tzliche politische Kehrtwende herbeif\u00fchren wollen\u00ab, sagte Siegmund in der ARD. Vor der Wahl hatte er angek\u00fcndigt, nur im Fall einer<br \/>\n absoluten Mehrheit f\u00fcr seine Partei Ministerpr\u00e4sident werden zu wollen. Eine Minderheitsregierung unter F\u00fchrung der <a class=\"rtr-entity\" href=\"https:\/\/www.zeit.de\/thema\/alternative-fuer-deutschland\" rel=\"nofollow noopener\" target=\"_blank\">AfD<\/a> schloss Siegmund am Wahlabend aus.\n<\/p>\n<p class=\"paragraph article__item\">Die AfD-Co-Bundesparteivorsitzende Alice Weidel erhob im ZDF den Regierungsanspruch ihrer Partei in Sachsen-Anhalt. \u00bbDas ist ein historisches Ergebnis und es ist ein ganz klarer Regierungsauftrag\u00ab, sagte Weidel. Wie die Regierung zustande komme \u2013 \u00bbvielleicht auch durch eine Tolerierung oder durch eine Koalition\u00ab \u2013 werde sich noch zeigen. Sie prognostizierte zudem, dass die <a class=\"rtr-entity\" href=\"https:\/\/www.zeit.de\/thema\/cdu\" rel=\"nofollow noopener\" target=\"_blank\">CDU<\/a> \u00bbnie wieder\u00ab eine Wahl gewinnen werde.\n<\/p>\n<p class=\"paragraph article__item\">Der Th\u00fcringer AfD-Vorsitzende Bj\u00f6rn H\u00f6cke lobte die \u00bbTeamleistung\u00ab des AfD-Landesverbands in <a class=\"rtr-entity\" href=\"https:\/\/www.zeit.de\/thema\/sachsen-anhalt\" rel=\"nofollow noopener\" target=\"_blank\">Sachsen-Anhalt<\/a>. Er sprach zudem von seinem Parteikollegen als \u00bbcharismatischen, warmherzigen, menschenfreundlichen Spitzenkandidaten\u00ab.\n<\/p>\n<p>            Sven Schulze r\u00e4umt Niederlage ein            <\/p>\n<p class=\"paragraph article__item\">In seiner Rede gratulierte CDU-Spitzenkandidat und Ministerpr\u00e4sident <a class=\"rtr-entity\" href=\"https:\/\/www.zeit.de\/thema\/sven-schulze\" rel=\"nofollow noopener\" target=\"_blank\">Sven Schulze<\/a> der AfD zum Wahlsieg. \u00bbEs ist f\u00fcr uns auch eine Niederlage\u00ab, sagte Schulze. Zugleich lobte er die hohe Wahlbeteiligung. \u00bbWir haben eine Wahlbeteiligung, die wahrscheinlich zwischen 75 und 80 Prozent liegt. Das hatten wir f\u00fcr eine Landtagswahl so auch noch nie.\u00ab Damit h\u00e4tten die Menschen ein Zeichen gesetzt.\n<\/p>\n<p>\n                                        Newsletter<br \/>\n                                        Was jetzt, im Osten?<\/p>\n<p class=\"newsletter-signup__text\">Jeden Mittwoch erhalten Sie Nachrichten und Stimmungsbilder zu den Landtagswahlen sowie zum Alltagsleben und zur Kultur im Osten der Republik.<\/p>\n<p class=\"newsletter-signup__datapolicy\" hidden=\"\">\n            Mit Ihrer Registrierung nehmen Sie die <a href=\"https:\/\/datenschutz.zeit.de\/zon#Newsletter\" target=\"_blank\" rel=\"nofollow noopener\">Datenschutzerkl\u00e4rung<\/a> zur Kenntnis.\n        <\/p>\n<p>    Vielen Dank! Wir haben Ihnen eine E-Mail geschickt.<\/p>\n<p>Pr\u00fcfen Sie Ihr Postfach und best\u00e4tigen Sie das Newsletter-Abonnement.<\/p>\n<p class=\"paragraph article__item\">Kanzleramtsministerin Nina Warken (CDU) sprach von einer Z\u00e4sur f\u00fcr die CDU. \u00bbDas ist ein Ergebnis, das uns trifft, gerade als Christdemokraten, wo wir uns mal gegr\u00fcndet haben, um gerade f\u00fcr Menschlichkeit und Miteinander zu stehen\u00ab, sagte sie ebenfalls im ZDF. \u00bbUnd deswegen ist es ein sehr, sehr schwieriges Ergebnis, das wir einerseits zu akzeptieren haben, das wir aber sicherlich nicht hinnehmen werden.\u00ab\n<\/p>\n<p class=\"paragraph article__item\">Eine Diskussion \u00fcber Friedrich Merz (CDU) und seine Rolle als CDU-Vorsitzender und Bundeskanzler schlossen mehrere CDU-Politiker aus. \u00bbDer Bundeskanzler ist auf vier Jahre gew\u00e4hlt\u00ab, sagte der Unionsfraktionsvorsitzende im Bundestag, Thorsten Frei.\n<\/p>\n<p>            Kl\u00fcssendorf fordert CDU zur Zusammenarbeit mit Linken auf            <\/p>\n<p class=\"paragraph article__item\">\u00bbZiemlich stabil\u00ab sieht der sozialdemokratische Spitzenkandidat Armin Willingmann seine Partei. Auch SPD-Generalsekret\u00e4r Tim Kl\u00fcssendorf \u00e4u\u00dfert sich zufrieden \u00fcber das Ergebnis der Sozialdemokraten. \u00bbUnser Ergebnis steht, wir leisten unseren Beitrag, dass wir eine andere Mehrheit bilden k\u00f6nnen\u00ab, sagte Kl\u00fcssendorf im ZDF. Er erwarte eine \u00bbsehr, sehr schwierige Regierungsbildung\u00ab.\n<\/p>\n<p class=\"paragraph article__item\">Er forderte die CDU zur Zusammenarbeit mit der Linkspartei auf. Man habe gemeinsam f\u00fcr eine Mehrheit der demokratischen Parteien gek\u00e4mpft, so Kl\u00fcssendorf. \u00bbUnd wenn es so eine Mehrheit gibt, dann m\u00fcsste sie auch gemeinsam gebildet werden mit allen, die in diesem Landtag vertreten sind.\u00ab\n<\/p>\n<p>            Gr\u00fcnenkandidatin sieht Hoffnung gegen Alleinregierung            <\/p>\n<p class=\"paragraph article__item\">Die Zahlen seien f\u00fcr die Gr\u00fcnen \u00bbnat\u00fcrlich toll, aber auch besorgniserregend\u00ab, sagte Spitzenkandidatin Susan Sziborra-Seidlitz. \u00bbDie Zivilgesellschaft hat Hoffnung in B\u00fcndnis 90\/Die Gr\u00fcnen gesetzt, diese AfD\u2011Alleinregierung zu verhindern.\u00ab Aktuell lasse sich nicht sagen, ob das auch gelinge. \u00bbAber ich will an dieser Stelle auch sehr deutlich sagen: Diese Hoffnung, die werden wir nicht entt\u00e4uschen.\u00ab\n<\/p>\n<p class=\"paragraph article__item\">Die Linken-Spitzenkandidatin Eva von Angern zeigte sich entt\u00e4uscht \u00fcber das starke Ergebnis der AfD. \u00bbDie Landesregierung wurde heute abgew\u00e4hlt\u00ab, sagte von Angern. \u00bbMir ging durch den Kopf, dass das wirklich ein schwarzer Tag f\u00fcr Sachsen-Anhalt ist.\u00ab Sie sprach denjenigen, die f\u00fcr Frauenrechte k\u00e4mpfen, f\u00fcr starke Gewerkschaften und f\u00fcr queere Menschen, die Unterst\u00fctzung ihrer Partei zu.\n<\/p>\n<p>            BSW stellt punktuelle Zusammenarbeit mit AfD in Aussicht            <\/p>\n<p class=\"paragraph article__item\">Offen f\u00fcr eine punktuelle Zusammenarbeit mit der AfD zeigte sich BSW-Spitzenkandidatin Claudia Wittig. In der ARD sagte sie, ihre Partei habe bereits vor der Wahl angek\u00fcndigt, jeweils inhaltlich \u00fcber eine Zusammenarbeit zu entscheiden. Bei bestimmten Projekten gebe es durchaus Schnittmengen. \u00bbWenn, wie es in aktuellen Hochrechnungen und Umfragen aussieht, 44 Prozent der W\u00e4hler die AfD gew\u00e4hlt haben, dann w\u00e4re es meiner Ansicht nach v\u00f6llig undemokratisch, sie nicht in irgendeiner Weise an der Regierung zu beteiligen\u00ab, sagte sie. Ob das BSW <a class=\"rtr-entity\" href=\"https:\/\/www.zeit.de\/thema\/ulrich-siegmund\" rel=\"nofollow noopener\" target=\"_blank\">Ulrich Siegmund<\/a> zum Ministerpr\u00e4sidenten w\u00e4hlen w\u00fcrde, lie\u00df Wittig hingegen unbeantwortet.\n<\/p>\n<p>     Stimmenverteilung: Hochrechnung 76,9\u00a0% Wahlbeteiligung \u2022 Stand:\u00a021.12\u00a0Uhr \u2022  <\/p>\n<p>AfD  44,0\u2009% +23,2<\/p>\n<p>CDU  17,5\u2009% \u221219,6<\/p>\n<p>SPD  9,0\u2009% +0,6<\/p>\n<p>Gr\u00fcne  9,0\u2009% +3,1<\/p>\n<p>Linke  8,9\u2009% \u22122,1<\/p>\n<p>BSW  5,0\u2009% \u2013<\/p>\n<p>FDP  2,5\u2009% \u22123,9<\/p>\n<p>  M\u00f6gliche Koalitionen <\/p>\n<p> Mehrheit mit 42\u00a0Sitzen<\/p>\n<p>  AfD +BSW  (Duldung)  43 Sitze  CDU +SPD +Gr\u00fcne +Linke  (Duldung)  40 Sitze   CDU +SPD +Gr\u00fcne    32 Sitze  Wahlkreise <\/p>\n<p>1\u2009\/\u200941\u00a0ausgez\u00e4hlt <\/p>\n<p>  <img loading=\"lazy\" decoding=\"async\" src=\"https:\/\/www.europesays.com\/at\/wp-content\/uploads\/2026\/09\/dashboard-karte-light.uoK5oLtYSw.webp\" width=\"200\" height=\"264\" alt=\"Deutschlandkarte\" class=\"svelte-21oevj\"\/>    Weitere Grafiken anzeigen   <\/p>\n<p class=\"paragraph article__item\"><a href=\"https:\/\/www.zeit.de\/politik\/deutschland\/2026-07\/landtagswahl-sachsen-anhalt-2026-live\" target=\"_blank\" rel=\"nofollow noopener\">Aktuelle Entwicklungen zur Landtagswahl in Sachsen-Anhalt k\u00f6nnen Sie in unserem Liveblog verfolgen<\/a>.\n<\/p>\n<p>Mehr zum Thema<\/p>\n<p>            Landtagswahl in Sachsen-Anhalt        <\/p>\n<p>                <a href=\"https:\/\/www.zeit.de\/politik\/2026-09\/landtag-sachsen-anhalt-wahl-afd-regierung-cdu\" data-ct-label=\"Landtag in Sachsen-Anhalt: Wie es nach der Wahl in Sachsen-Anhalt weitergeht\" data-uuid=\"2b002438-d5d1-4be5-9bf6-d2fb70492226\" rel=\"nofollow noopener\" target=\"_blank\"><\/p>\n<p>        Z+ (abopflichtiger Inhalt);<\/p>\n<p>    Landtag in Sachsen-Anhalt:<br \/>\n                        Wie es nach der Wahl in Sachsen-Anhalt weitergeht<\/p>\n<p>                <\/a><\/p>\n<p>                <a href=\"https:\/\/www.zeit.de\/politik\/deutschland\/2026-09\/proteste-sachsen-anhalt-vielfalt-demokratie-mut\" data-ct-label=\"Proteste vor der Wahl: Sachsen-Anhalt macht Hoffnung\" data-uuid=\"d05b4789-7d6d-4c2f-b16a-d606c53a04fe\" rel=\"nofollow noopener\" target=\"_blank\"><\/p>\n<p>        Z+ (abopflichtiger Inhalt);<\/p>\n<p>    Proteste vor der Wahl:<br \/>\n                        Sachsen-Anhalt macht Hoffnung<\/p>\n<p>                <\/a><\/p>\n<p>                <a href=\"https:\/\/www.zeit.de\/politik\/deutschland\/2026-09\/alternative-fuer-deutschland-sachsen-anhalt-mecklenburg-vorpommern-angst-mut\" data-ct-label=\"Landtagswahlen: \u00bbWenn wir alle gehen \u2013 wer bleibt dann, um sich zu wehren?\u00ab\" data-uuid=\"eaa9ef7e-c8d0-4f4d-9287-7191381ae505\" rel=\"nofollow noopener\" target=\"_blank\"><\/p>\n<p>                        Landtagswahlen:<br \/>\n                        \u00bbWenn wir alle gehen \u2013 wer bleibt dann, um sich zu wehren?\u00ab<\/p>\n<p>                <\/a><\/p>\n","protected":false},"excerpt":{"rendered":"Der AfD-Spitzenkandidat Ulrich Siegmund zeigt sich offen f\u00fcr eine Koalitionsregierung. Er wolle \u00bballen m\u00f6glichen Kr\u00e4ften die Hand ausstrecken,&hellip;\n","protected":false},"author":2,"featured_media":379290,"comment_status":"","ping_status":"","sticky":false,"template":"","format":"standard","meta":{"footnotes":"","_share_on_mastodon":"0"},"categories":[12],"tags":[12984,2662,2840,12985,92608,40,41,269,94660,1712,39,5749,81000,66,65,64],"class_list":["post-379289","post","type-post","status-publish","format-standard","has-post-thumbnail","category-welt","tag-alice-weidel","tag-alternative-fuer-deutschland","tag-cdu","tag-landtagswahl","tag-landtagswahl-in-sachsen","tag-nachrichten","tag-news","tag-politik","tag-reaktionen-auf-sachsen-anhalt","tag-sachsen-anhalt","tag-schlagzeilen","tag-sven-schulze","tag-ulrich-siegmund","tag-welt","tag-world","tag-world-news"],"share_on_mastodon":{"url":"https:\/\/pubeurope.com\/@at\/117225814396006210","error":""},"_links":{"self":[{"href":"https:\/\/www.europesays.com\/at\/wp-json\/wp\/v2\/posts\/379289","targetHints":{"allow":["GET"]}}],"collection":[{"href":"https:\/\/www.europesays.com\/at\/wp-json\/wp\/v2\/posts"}],"about":[{"href":"https:\/\/www.europesays.com\/at\/wp-json\/wp\/v2\/types\/post"}],"author":[{"embeddable":true,"href":"https:\/\/www.europesays.com\/at\/wp-json\/wp\/v2\/users\/2"}],"replies":[{"embeddable":true,"href":"https:\/\/www.europesays.com\/at\/wp-json\/wp\/v2\/comments?post=379289"}],"version-history":[{"count":0,"href":"https:\/\/www.europesays.com\/at\/wp-json\/wp\/v2\/posts\/379289\/revisions"}],"wp:featuredmedia":[{"embeddable":true,"href":"https:\/\/www.europesays.com\/at\/wp-json\/wp\/v2\/media\/379290"}],"wp:attachment":[{"href":"https:\/\/www.europesays.com\/at\/wp-json\/wp\/v2\/media?parent=379289"}],"wp:term":[{"taxonomy":"category","embeddable":true,"href":"https:\/\/www.europesays.com\/at\/wp-json\/wp\/v2\/categories?post=379289"},{"taxonomy":"post_tag","embeddable":true,"href":"https:\/\/www.europesays.com\/at\/wp-json\/wp\/v2\/tags?post=379289"}],"curies":[{"name":"wp","href":"https:\/\/api.w.org\/{rel}","templated":true}]}}