{"id":41002,"date":"2026-03-12T17:36:07","date_gmt":"2026-03-12T17:36:07","guid":{"rendered":"https:\/\/www.europesays.com\/at\/41002\/"},"modified":"2026-03-12T17:36:07","modified_gmt":"2026-03-12T17:36:07","slug":"russischer-gastanker-treibt-auf-lampedusa-zu-diepresse-com","status":"publish","type":"post","link":"https:\/\/www.europesays.com\/at\/41002\/","title":{"rendered":"Russischer Gastanker treibt auf Lampedusa zu \u2013 DiePresse.com"},"content":{"rendered":"<p>Das mit Fl\u00fcssiggas beladene Schiff war nach Explosionen in Brand geraten. Russland beschuldigt die Ukraine, den Tanker mit Drohnen angegriffen zu haben. <\/p>\n<p>Im Mittelmeer treibt ein besch\u00e4digter Fl\u00fcssiggas-Tanker aus Russland nach offiziellen Angaben ohne Besatzung auf die italienische Insel Lampedusa zu. Die Schifffahrtsbeh\u00f6rden des <a href=\"https:\/\/www.diepresse.com\/thema\/eu\" data-tracking=\"at-link\" data-tracking-data=\"{\" event=\"\" click=\"\" article=\"\" gastanker=\"\" treibt=\"\" auf=\"\" lampedusa=\"\" zu=\"\" rel=\"nofollow noopener\" target=\"_blank\">EU<\/a>-Mitgliedslandes Malta warnten davor, dass der 277 Meter lange Tanker \u201eArctic Metagaz\u201c mit seiner Ladung von Tausenden Tonnen Gas zur Gefahr f\u00fcr andere Schiffe werden k\u00f6nnte. M\u00f6glicherweise sei das Schiff auch man\u00f6vrierunf\u00e4hig.<\/p>\n<p>Maltas Ministerpr\u00e4sident Robert Abela zufolge ist in Malta ein Notfallplan in Vorbereitung. Das Schiff befindet sich nach Angaben der dortigen Beh\u00f6rden aktuell etwa 110 Kilometer entfernt von Maltas K\u00fcste in internationalen Gew\u00e4ssern. Andere Schiffe wurden gewarnt, sich dem Tanker n\u00e4her als f\u00fcnf Seemeilen (etwa neun Kilometer) zu n\u00e4hern. Von italienischer Seite gab es zun\u00e4chst keine Best\u00e4tigung daf\u00fcr, dass das Schiff auf Lampedusa zutreibt.<\/p>\n<p>Der russische Tanker war am Dienstag vergangener Woche vor der K\u00fcste Libyens nach Explosionen in Brand geraten. Russland wirft der Ukraine vor, das Schiff mit einem unbemannten Drohnenboot angegriffen zu haben. Die Besatzung aus 30 Mann sei gerettet worden. Pr\u00e4sident <a href=\"https:\/\/www.diepresse.com\/thema\/putin\" data-tracking=\"at-link\" data-tracking-data=\"{\" event=\"\" click=\"\" article=\"\" gastanker=\"\" treibt=\"\" auf=\"\" lampedusa=\"\" zu=\"\" rel=\"nofollow noopener\" target=\"_blank\">Wladimir Putin<\/a> sprach von einem \u201eTerroranschlag\u201c.<\/p>\n<p>Die libysche K\u00fcstenwache hatte zun\u00e4chst sogar berichtet, dass das Schiff untergegangen sei. Dann tauchten jedoch Fotos auf, die die schwer besch\u00e4digte \u201eArctic Metagaz\u201c mit erheblicher Schlagseite zeigen sollen. Der Tanker kam nach russischen Angaben mit allen g\u00fcltigen Papieren und gem\u00e4\u00df internationaler Regeln aus dem russischen Hafen Murmansk.<\/p>\n<p>Zuletzt war es im Schwarzen Meer zu Vorf\u00e4llen mit Handelsschiffen gekommen. Ukrainische Medien hatten Ende vergangenen Jahres bei Explosionen auf leeren \u00d6ltankern dort berichtet, dass Kiew f\u00fcr die Angriffe die Seedrohnen Sea Baby eingesetzt habe. Russland \u00fcberzieht die Ukraine seit mehr als vier Jahren mit einem zerst\u00f6rerischen Angriffskrieg. Die Drohnenangriffe gelten als Teil des Abwehrkampfes der Ukraine. (APA\/dpa)<\/p>\n<p>    Lesen Sie mehr zu diesen Themen:<\/p>\n","protected":false},"excerpt":{"rendered":"Das mit Fl\u00fcssiggas beladene Schiff war nach Explosionen in Brand geraten. Russland beschuldigt die Ukraine, den Tanker mit&hellip;\n","protected":false},"author":2,"featured_media":41003,"comment_status":"","ping_status":"","sticky":false,"template":"","format":"standard","meta":{"footnotes":"","_share_on_mastodon":"0"},"categories":[8],"tags":[40,41,39,17911,38],"class_list":["post-41002","post","type-post","status-publish","format-standard","has-post-thumbnail","category-nachrichten","tag-nachrichten","tag-news","tag-schlagzeilen","tag-seenot","tag-top-meldungen"],"share_on_mastodon":{"url":"https:\/\/pubeurope.com\/@at\/116217419101612884","error":""},"_links":{"self":[{"href":"https:\/\/www.europesays.com\/at\/wp-json\/wp\/v2\/posts\/41002","targetHints":{"allow":["GET"]}}],"collection":[{"href":"https:\/\/www.europesays.com\/at\/wp-json\/wp\/v2\/posts"}],"about":[{"href":"https:\/\/www.europesays.com\/at\/wp-json\/wp\/v2\/types\/post"}],"author":[{"embeddable":true,"href":"https:\/\/www.europesays.com\/at\/wp-json\/wp\/v2\/users\/2"}],"replies":[{"embeddable":true,"href":"https:\/\/www.europesays.com\/at\/wp-json\/wp\/v2\/comments?post=41002"}],"version-history":[{"count":0,"href":"https:\/\/www.europesays.com\/at\/wp-json\/wp\/v2\/posts\/41002\/revisions"}],"wp:featuredmedia":[{"embeddable":true,"href":"https:\/\/www.europesays.com\/at\/wp-json\/wp\/v2\/media\/41003"}],"wp:attachment":[{"href":"https:\/\/www.europesays.com\/at\/wp-json\/wp\/v2\/media?parent=41002"}],"wp:term":[{"taxonomy":"category","embeddable":true,"href":"https:\/\/www.europesays.com\/at\/wp-json\/wp\/v2\/categories?post=41002"},{"taxonomy":"post_tag","embeddable":true,"href":"https:\/\/www.europesays.com\/at\/wp-json\/wp\/v2\/tags?post=41002"}],"curies":[{"name":"wp","href":"https:\/\/api.w.org\/{rel}","templated":true}]}}