{"id":41446,"date":"2026-03-12T22:37:10","date_gmt":"2026-03-12T22:37:10","guid":{"rendered":"https:\/\/www.europesays.com\/at\/41446\/"},"modified":"2026-03-12T22:37:10","modified_gmt":"2026-03-12T22:37:10","slug":"keine-finaltickets-fuer-vorarlbergs-skicrosser","status":"publish","type":"post","link":"https:\/\/www.europesays.com\/at\/41446\/","title":{"rendered":"Keine Finaltickets f\u00fcr Vorarlbergs Skicrosser"},"content":{"rendered":"<p>Bei den Snowboardcrossern ist der heimische Doppel-Olympiasieger Alessandro H\u00e4mmerle am Start, der bereits f\u00fcnfmal im Montafon gewonnen hat und auf einen weiteren Heimsieg hofft. Der Olympia-Bronzemedaillengewinner und Weltmeister von 2023, Jakob Dusek, reiste wegen einer Erkrankung fr\u00fchzeitig aus der T\u00fcrkei ab, um f\u00fcr den Heimweltcup fit zu sein. Elias Leitner geh\u00f6rt ebenfalls dem Team an.<\/p>\n","protected":false},"excerpt":{"rendered":"Bei den Snowboardcrossern ist der heimische Doppel-Olympiasieger Alessandro H\u00e4mmerle am Start, der bereits f\u00fcnfmal im Montafon gewonnen hat&hellip;\n","protected":false},"author":2,"featured_media":41447,"comment_status":"","ping_status":"","sticky":false,"template":"","format":"standard","meta":{"footnotes":"","_share_on_mastodon":"0"},"categories":[18],"tags":[1447,3241,46,42,18070,18071,13603,18072,4627,18073,44,18074,2311,18075,109,108,117],"class_list":["post-41446","post","type-post","status-publish","format-standard","has-post-thumbnail","category-sport","tag-vorarlberg","tag-alessandro-haemmerle","tag-at","tag-austria","tag-claudio-andreatta","tag-heimweltcup","tag-jakob-dusek","tag-leonie-lussnigg","tag-montafon","tag-nicolas-lussnigg","tag-oesterreich","tag-pia-zerkhold","tag-skicross","tag-snowboardcross","tag-sport","tag-sports","tag-wintersport"],"share_on_mastodon":{"url":"https:\/\/pubeurope.com\/@at\/116218602614761755","error":""},"_links":{"self":[{"href":"https:\/\/www.europesays.com\/at\/wp-json\/wp\/v2\/posts\/41446","targetHints":{"allow":["GET"]}}],"collection":[{"href":"https:\/\/www.europesays.com\/at\/wp-json\/wp\/v2\/posts"}],"about":[{"href":"https:\/\/www.europesays.com\/at\/wp-json\/wp\/v2\/types\/post"}],"author":[{"embeddable":true,"href":"https:\/\/www.europesays.com\/at\/wp-json\/wp\/v2\/users\/2"}],"replies":[{"embeddable":true,"href":"https:\/\/www.europesays.com\/at\/wp-json\/wp\/v2\/comments?post=41446"}],"version-history":[{"count":0,"href":"https:\/\/www.europesays.com\/at\/wp-json\/wp\/v2\/posts\/41446\/revisions"}],"wp:featuredmedia":[{"embeddable":true,"href":"https:\/\/www.europesays.com\/at\/wp-json\/wp\/v2\/media\/41447"}],"wp:attachment":[{"href":"https:\/\/www.europesays.com\/at\/wp-json\/wp\/v2\/media?parent=41446"}],"wp:term":[{"taxonomy":"category","embeddable":true,"href":"https:\/\/www.europesays.com\/at\/wp-json\/wp\/v2\/categories?post=41446"},{"taxonomy":"post_tag","embeddable":true,"href":"https:\/\/www.europesays.com\/at\/wp-json\/wp\/v2\/tags?post=41446"}],"curies":[{"name":"wp","href":"https:\/\/api.w.org\/{rel}","templated":true}]}}