{"id":45466,"date":"2026-03-15T03:48:16","date_gmt":"2026-03-15T03:48:16","guid":{"rendered":"https:\/\/www.europesays.com\/at\/45466\/"},"modified":"2026-03-15T03:48:16","modified_gmt":"2026-03-15T03:48:16","slug":"waren-taktisch-kaempferisch-und-laeuferisch-auf-topniveau","status":"publish","type":"post","link":"https:\/\/www.europesays.com\/at\/45466\/","title":{"rendered":"\u201eWaren taktisch, k\u00e4mpferisch und l\u00e4uferisch auf Topniveau\u201c"},"content":{"rendered":"<p>\t\t\t\t\t\t\t\t\t\t\t\t\t\t\t <img decoding=\"async\" src=\"https:\/\/www.europesays.com\/at\/wp-content\/uploads\/2026\/02\/1771785069_643_linz_lask.jpg\" alt=\"\"\/> <\/p>\n<p>\t\t\t\t\t\t\t\t\t\t\t\t\t\t\t <img decoding=\"async\" src=\"https:\/\/www.europesays.com\/at\/wp-content\/uploads\/2026\/02\/hartberg.png\" alt=\"\"\/> <\/p>\n<p>Auch im Auftakt-Match der Finalrunde in der <a href=\"https:\/\/www.ligaportal.at\/bundesliga\/\" rel=\"nofollow noopener\" target=\"_blank\">Bundesliga<\/a>-Saison 2025\/26 bewies der\u00a0<a href=\"https:\/\/ticker.ligaportal.at\/mannschaft\/1734\/tsv-hartberg\" rel=\"nofollow noopener\" target=\"_blank\">TSV Egger Glas Hartberg<\/a>, der zum dritten Mal in seiner Klubhistorie in der Meistergruppe mitwirkt, dass die Schmid-Elf schwer zu biegen bzw. besiegen ist. Mit dem 0:0 beim\u00a0<a href=\"https:\/\/ticker.ligaportal.at\/mannschaft\/6\/lask-linz\" rel=\"nofollow noopener\" target=\"_blank\">LASK<\/a>\u00a0bleiben die Oststeirer einzig von allen Bundesligisten im Fr\u00fchjahr unbesiegt, kassierten dabei erst ein Gegentor. Mit nunmehr acht Spielen in Folge ohne Niederlage (2S, 6U), \u00fcberhaupt nur einer aus den letzten 15 (!) BL-Partien, bewies der Remisspezialist seine Konstanz. Im dritten Saison-Duell mit den Linzern gab es zudem das dritte &#8222;X&#8220;. Nachfolgend TSV-STATEMENTS.<\/p>\n<p><img decoding=\"async\" src=\"https:\/\/www.europesays.com\/at\/wp-content\/uploads\/2026\/03\/mbuyamba-vs-huelsmann-lask-vs-tsv-hartberg-13-03-26-gepa-admiral-pumann.jpg\" alt=\"\"\/><\/p>\n<p>Der deutsche TSV-Torh\u00fcter Tom Ritzy H\u00fclsmann war der gewohnt zuverl\u00e4ssige Hartberger R\u00fcckhalt und blieb zum vierten Mal von f\u00fcnf Fr\u00fchjahrsspielen ohne Gegentor, gesamt in dieser Saison acht Mal.<\/p>\n<p>\u201eIch habe nicht das Gef\u00fchl gehabt, dass wir Angst gehabt h\u00e4tten, dass wir ein Tor bekommen&#8220;<\/p>\n<p>Manfred Schmid (Cheftrainer TSV Egger Glas Hartberg) \u00fcber&#8230;<\/p>\n<p>&#8230;das Spiel:<\/p>\n<p>\u201eIch habe nicht das Gef\u00fchl gehabt, dass wir Angst gehabt h\u00e4tten, dass wir ein Tor bekommen. Ergebnistechnisch war das wieder top f\u00fcr uns. Wir waren taktisch, k\u00e4mpferisch und l\u00e4uferisch auf Topniveau. Obwohl unser Abwehrchef gefehlt hat. Obwohl Heil in der Halbzeit rausmusste. Das macht schon was mit der Mannschaft. Ich kann ihnen nur zum Punkt gratulieren. In der Offensive m\u00fcssen wir uns nat\u00fcrlich was \u00fcberlegen. Aber die Jungs haben sich hineingehaut. Sie stehen als Team am Platz. Wir haben ein extrem schweres Ausw\u00e4rtsspiel gehabt.\u201c<\/p>\n<p>\u2026die Auswechslung von Kapit\u00e4n J\u00fcrgen Heil zur Pause: <\/p>\n<p>\u201eEr hat k\u00f6rperliche Probleme gehabt. Schon des L\u00e4ngeren immer wieder Probleme. Hat Trainings nicht mitgemacht. Deswegen hat er gesagt, dass er sich nicht in der Lage f\u00fchlt, weiterzuspielen.\u201c<\/p>\n<p>\u2026die Ladehemmung von Toptorj\u00e4ger Elias Havel (Anm.: bisher im Fr\u00fchjahr ohne Treffer):<\/p>\n<p>\u201eKlar erwartet man jetzt immer, dass er jedes Tor trifft. Elias arbeitet sehr viel f\u00fcr die Mannschaft. Ist in der ein oder anderen Situation ungl\u00fccklich. Wenn man letzte Woche schaut, mit dem Lattentreffer. Er hat immer wieder seine Akzente. Wir werden mit ihm ruhig weiterarbeiten. Er ist ein sehr guter Spieler. Ein Riesentalent. Es geht nicht immer darum, dass er Tore macht. Sondern so f\u00fcr die Mannschaft arbeitet, dass wir erfolgreich sind.\u201c<\/p>\n<p>\u201eWenn man ausw\u00e4rts beim LASK einen Punkt holt, ist man schon gut dabei&#8220;<\/p>\n<p>Fabian Wilfinger (Abwehrspieler TSV Egger Glas Hartberg):<\/p>\n<p>\u201eWir haben das heute hinten richtig gut gemacht. Wir sind eng gestanden, sie sind nicht zwingend in den Sechzehner reingekommen. Sie sind einfach nicht zwingend geworden. Wir waren im Spiel nach vorne zu unsauber, da haben wir zu viele Fehler gemacht. Wir sind nicht ins letzte Drittel gekommen. So stehen wir mit einem 0:0 da. Ist ausw\u00e4rts auch okay. Wenn man ausw\u00e4rts beim LASK einen Punkt holt, ist man schon gut dabei.\u201c<\/p>\n<p><img decoding=\"async\" src=\"https:\/\/www.europesays.com\/at\/wp-content\/uploads\/2026\/03\/havel-vs-bogarde-tsv-hartberg-beim-lask-05-10-25-gepa-admiral-pumann.jpg\" alt=\"\"\/><\/p>\n<p>Elias Havel l\u00e4uft weiter seinem ersten Treffer im Fr\u00fchjahr hinterher und hat seit sechs Spielen Ladehemmung, um dennoch weiter vorn zu sein in der<a href=\"https:\/\/www.ligaportal.at\/bundesliga\/torschuetzenliste\" rel=\"nofollow noopener\" target=\"_blank\"> Bundesliga-Torsch\u00fctzenliste<\/a>.<\/p>\n<p>\u201eMir wurde wie immer nichts gesagt\u201c<\/p>\n<p>Elias Havel (LASK-Leih-St\u00fcrmer beim TSV Egger Glas Hartberg) \u00fcber&#8230;<\/p>\n<p>\u2026die Partie:<\/p>\n<p>\u201eIm Gro\u00dfen und Ganzen haben wir es eigentlich super verteidigt. Wir h\u00e4tten schon die ein oder andere Umschaltm\u00f6glichkeit gehabt. Wo ich mich auch reinnehme. Wo wir es einfach besser ausspielen m\u00fcssen. Dann w\u00e4re sicher noch mehr m\u00f6glich. Im Gro\u00dfen und Ganzen ein gerechtes Unentschieden.\u201c<\/p>\n<p>\u2026seine Vertragssituation:<\/p>\n<p>\u201eIch wei\u00df nicht, was der Erich (Anm.: Korherr) gesagt hat. Mir wurde wie immer nichts gesagt.\u201c<\/p>\n<p>\u2026eine m\u00f6gliche Einberufung ins \u00d6FB-Team am Montag:<\/p>\n<p>\u201eIch muss jetzt mal schauen, dass ich wieder an mein Leistungsmaximum rankomme. Ich will mich jetzt nicht von irgendwas ablenken lassen. Das ist mein voller Fokus, jetzt mal mit Hartberg die Meisterrunde zu absolvieren und mehr Punkte einzufahren.\u201c<\/p>\n<p>\u201eWir werden mit Havel verl\u00e4ngern\u201c<\/p>\n<p>Erich Korherr (Obmann TSV Egger Glas Hartberg, in der Halbzeitpause) \u00fcber&#8230;<\/p>\n<p>\u2026eine Vertragsverl\u00e4ngerung mit Elias Havel:<\/p>\n<p>\u201eDas wird in K\u00fcrze stattfinden. Wir werden mit Havel verl\u00e4ngern.\u201c<\/p>\n<p>\u2026eine Vertragsverl\u00e4ngerung mit J\u00fcrgen Heil:<\/p>\n<p>\u201eDas werden wir in der L\u00e4nderspielpause angehen. Ich bin guter Dinge, dass wir das auch schaffen. Er ist unser Kapit\u00e4n, er muss nicht mit Einsparungen rechnen. Wir wissen, was wir an ihm haben. Und das sch\u00e4tzen wir auch.\u201c<\/p>\n<p>\u2026eine Vertragsverl\u00e4ngerung mit Benjamin Markus:<\/p>\n<p>\u201eDa werden wir die Option ziehen. Er wird weiter Bestandteil von Hartberg sein.\u201c<\/p>\n<p>\u2026Vertragsgespr\u00e4che mit Cheftrainer Manfred Schmid:<\/p>\n<p>\u201eIn 14 Tagen wird es dann so weit sein.\u201c<\/p>\n<p>\u201eWenn er so weitermacht, wird es sicher auch Angebote von anderen Vereinen geben\u201c<\/p>\n<p>Werner Gregoritsch (Sky Experte)\u00a0\u00fcber die Zukunft von Hartberg-Coach Manfred Schmid:<\/p>\n<p>\u201eWenn er so weitermacht, wird es sicher auch Angebote von anderen Vereinen geben. Es ist wichtig, dass man sich als Trainer wohlf\u00fchlt und auch das Umfeld hat. Und das hat er hier (in Hartberg, Anm.). Wenn der Kessel dampft, ist dieser Verein noch immer sehr geerdet und kann mit solchen Dingen umgehen.&#8220;<\/p>\n<p>Siehe auch:<\/p>\n<p class=\"mt-0 mb-1 text-darkblue\" itemprop=\"headline\"><a class=\"text-darkblue\" href=\"https:\/\/www.ligaportal.at\/bundesliga\/spielberichte\/20715-an-horvaths-vatertag-schwere-geburt-zum-meistergruppe-auftakt-bei-lask-vs-tsv-hartberg\" rel=\"nofollow noopener\" target=\"_blank\">An Horvaths &#8222;Vatertag&#8220; schwere Geburt zum Meistergruppe-Auftakt bei LASK vs. TSV Hartberg<\/a><\/p>\n<p class=\"mt-0 mb-1 text-darkblue\" itemprop=\"headline\"><a class=\"text-darkblue\" href=\"https:\/\/www.ligaportal.at\/bundesliga\/allgemein\/20722-lask-coach-didi-kuehbauer-kritisiert-hartberger-schauspielerei\" rel=\"nofollow noopener\" target=\"_blank\">LASK-Coach Didi K\u00fchbauer kritisiert Hartberger &#8222;Schauspielerei&#8220;<\/a><\/p>\n<p>SPIELFILM im\u00a0<a href=\"https:\/\/ticker.ligaportal.at\/live-ticker\/1232459\/lask-linz-gegen-tsv-hartberg\" rel=\"nofollow noopener\" target=\"_blank\">Ligaportal-Ticker<\/a><\/p>\n<p>Statement-Quelle: Sky Sport Austria<\/p>\n<p>Fotocredit:\u00a0Gepa-Admiral<\/p>\n","protected":false},"excerpt":{"rendered":"Auch im Auftakt-Match der Finalrunde in der Bundesliga-Saison 2025\/26 bewies der\u00a0TSV Egger Glas Hartberg, der zum dritten Mal&hellip;\n","protected":false},"author":2,"featured_media":45467,"comment_status":"","ping_status":"","sticky":false,"template":"","format":"standard","meta":{"footnotes":"","_share_on_mastodon":"0"},"categories":[18],"tags":[46,42,676,19458,44,109,108,772,18491],"class_list":["post-45466","post","type-post","status-publish","format-standard","has-post-thumbnail","category-sport","tag-at","tag-austria","tag-bundesliga","tag-elias-havel","tag-oesterreich","tag-sport","tag-sports","tag-tsv-hartberg","tag-vertragsverlaengerung"],"share_on_mastodon":{"url":"https:\/\/pubeurope.com\/@at\/116231150159437059","error":""},"_links":{"self":[{"href":"https:\/\/www.europesays.com\/at\/wp-json\/wp\/v2\/posts\/45466","targetHints":{"allow":["GET"]}}],"collection":[{"href":"https:\/\/www.europesays.com\/at\/wp-json\/wp\/v2\/posts"}],"about":[{"href":"https:\/\/www.europesays.com\/at\/wp-json\/wp\/v2\/types\/post"}],"author":[{"embeddable":true,"href":"https:\/\/www.europesays.com\/at\/wp-json\/wp\/v2\/users\/2"}],"replies":[{"embeddable":true,"href":"https:\/\/www.europesays.com\/at\/wp-json\/wp\/v2\/comments?post=45466"}],"version-history":[{"count":0,"href":"https:\/\/www.europesays.com\/at\/wp-json\/wp\/v2\/posts\/45466\/revisions"}],"wp:featuredmedia":[{"embeddable":true,"href":"https:\/\/www.europesays.com\/at\/wp-json\/wp\/v2\/media\/45467"}],"wp:attachment":[{"href":"https:\/\/www.europesays.com\/at\/wp-json\/wp\/v2\/media?parent=45466"}],"wp:term":[{"taxonomy":"category","embeddable":true,"href":"https:\/\/www.europesays.com\/at\/wp-json\/wp\/v2\/categories?post=45466"},{"taxonomy":"post_tag","embeddable":true,"href":"https:\/\/www.europesays.com\/at\/wp-json\/wp\/v2\/tags?post=45466"}],"curies":[{"name":"wp","href":"https:\/\/api.w.org\/{rel}","templated":true}]}}