{"id":47609,"date":"2026-03-16T08:49:13","date_gmt":"2026-03-16T08:49:13","guid":{"rendered":"https:\/\/www.europesays.com\/at\/47609\/"},"modified":"2026-03-16T08:49:13","modified_gmt":"2026-03-16T08:49:13","slug":"grosseinsatz-wegen-brand-in-wien-favoriten","status":"publish","type":"post","link":"https:\/\/www.europesays.com\/at\/47609\/","title":{"rendered":"Gro\u00dfeinsatz wegen Brand in Wien-Favoriten"},"content":{"rendered":"<p>\n        Im Innenhof einer Wohnhausanlage in Wien-Favoriten hat es in der Nacht auf Sonntag gebrannt. Der Rauch gelangte auch ins Stiegenhaus.\n      <\/p>\n<p>Die Einsatzkr\u00e4fte brachten die Hausbewohner in Sicherheit, die Berufsrettung k\u00fcmmerte sich um 24 Leichtverletzte. F\u00fcr acht von ihnen ging es ins Krankenhaus, wie die Wiener Polizei am Sonntag in einer Aussendung mitteilte. Der Brand ging laut ersten Erhebungen von Sperrm\u00fcll aus. Die Brandgruppe des Landeskriminalamts \u00fcbernahm die Ermittlungen wegen des Verdachts der fahrl\u00e4ssigen Herbeif\u00fchrung einer Feuerbrunst.<\/p>\n","protected":false},"excerpt":{"rendered":"Im Innenhof einer Wohnhausanlage in Wien-Favoriten hat es in der Nacht auf Sonntag gebrannt. Der Rauch gelangte auch&hellip;\n","protected":false},"author":2,"featured_media":47610,"comment_status":"","ping_status":"","sticky":false,"template":"","format":"standard","meta":{"footnotes":"","_share_on_mastodon":"0"},"categories":[28],"tags":[3654,46,42,3103,3118,44,405,566,181,182,3123,423],"class_list":["post-47609","post","type-post","status-publish","format-standard","has-post-thumbnail","category-wien","tag-10-bezirk","tag-at","tag-austria","tag-brand","tag-favoriten","tag-oesterreich","tag-polizei","tag-polizei-news","tag-vienna","tag-wien","tag-wien-10-bezirk","tag-wien-aktuell"],"share_on_mastodon":{"url":"https:\/\/pubeurope.com\/@at\/116237996317509446","error":""},"_links":{"self":[{"href":"https:\/\/www.europesays.com\/at\/wp-json\/wp\/v2\/posts\/47609","targetHints":{"allow":["GET"]}}],"collection":[{"href":"https:\/\/www.europesays.com\/at\/wp-json\/wp\/v2\/posts"}],"about":[{"href":"https:\/\/www.europesays.com\/at\/wp-json\/wp\/v2\/types\/post"}],"author":[{"embeddable":true,"href":"https:\/\/www.europesays.com\/at\/wp-json\/wp\/v2\/users\/2"}],"replies":[{"embeddable":true,"href":"https:\/\/www.europesays.com\/at\/wp-json\/wp\/v2\/comments?post=47609"}],"version-history":[{"count":0,"href":"https:\/\/www.europesays.com\/at\/wp-json\/wp\/v2\/posts\/47609\/revisions"}],"wp:featuredmedia":[{"embeddable":true,"href":"https:\/\/www.europesays.com\/at\/wp-json\/wp\/v2\/media\/47610"}],"wp:attachment":[{"href":"https:\/\/www.europesays.com\/at\/wp-json\/wp\/v2\/media?parent=47609"}],"wp:term":[{"taxonomy":"category","embeddable":true,"href":"https:\/\/www.europesays.com\/at\/wp-json\/wp\/v2\/categories?post=47609"},{"taxonomy":"post_tag","embeddable":true,"href":"https:\/\/www.europesays.com\/at\/wp-json\/wp\/v2\/tags?post=47609"}],"curies":[{"name":"wp","href":"https:\/\/api.w.org\/{rel}","templated":true}]}}